{"id":100242,"date":"2023-06-23T09:04:39","date_gmt":"2023-06-23T06:04:39","guid":{"rendered":"https:\/\/realitatearutiera.ro\/?p=100242"},"modified":"2023-06-23T09:04:42","modified_gmt":"2023-06-23T06:04:42","slug":"saga-festival-2023-trafic-restrictionat-in-bucuresti","status":"publish","type":"post","link":"http:\/\/realitatearutiera.ro\/?p=100242","title":{"rendered":"SAGA Festival 2023. Trafic restric\u021bionat \u00een Bucure\u0219ti"},"content":{"rendered":"\n<p>Au fost impuse restric\u0163ii de trafic \u00een zona de nord a Bucure\u0219tiului, pentru organizarea festivalului de muzic\u0103 SAGA, unde se estimeaz\u0103 c\u0103 vor participa 200.000 de oameni.<\/p>\n\n\n\n<figure class=\"wp-block-image\"><img decoding=\"async\" src=\"https:\/\/www.antena3.ro\/thumbs\/big4\/2023\/06\/23\/saga-festival-2023-trafic-restrictionat-bucuresti-strazi-bulevarde-inchise-842142.webp\" alt=\"SAGA Festival 2023. Trafic restric\u021bionat \u00een Bucure\u0219ti. Ce str\u0103zi \u0219i bulevarde vor fi \u00eenchise\"\/><\/figure>\n\n\n\n<p>Sursa foto: Antena 3 CNN de\u00a0<a href=\"https:\/\/www.antena3.ro\/autor\/redactia-antena-3-cnn.html\">Redac\u021bia Antena 3 CNN<\/a>\u00a0\u00a0\u00a0 | \u00a0\u00a0\u00a023 Iun 2023 \u00a0\u00a0\u2022\u00a0\u00a0 08:45<\/p>\n\n\n\n<p>Aproape 200.000 de persoane sunt a\u0219teptate s\u0103&nbsp;participe la festivalul Saga, care, \u00een acest an, va fi organizat la Romaero B\u0103neasa.<\/p>\n\n\n\n<p>Autorit\u0103\u0163ile au decis s\u0103 \u00eenchid\u0103 str\u0103zi \u015fi bulevarde extrem de importante, precum Bulevardul Aerog\u0103rii sau&nbsp;Bulevardul Ficusului, fiind o adev\u0103rat\u0103&nbsp;provocare pentru soferi, care, \u00een urm\u0103&nbsp;cu doi ani, au stat ore \u00eentregi \u00een trafic.<\/p>\n\n\n\n<p>Restric\u0163iile vor dura p\u00e2n\u0103 duminic\u0103 noaptea, iar zona va fi supravegheat\u0103 de poli\u021bi\u0219ti, urm\u00e2nd ca ace\u0219tia s\u0103 fac\u0103&nbsp;verific\u0103ri \u0219i s\u0103&nbsp;ajute&nbsp;la fluidizarea traficului.<\/p>\n\n\n\n<p>Brigada Rutier\u0103 a Capitalei a transmis c\u0103, dac\u0103 situa\u021bia o va impune,&nbsp;traficul rutier se va restric\u021biona progresiv, dup\u0103 cum urmeaz\u0103:<\/p>\n\n\n\n<p><a>\u00d7<\/a><\/p>\n\n\n\n<p><video preload=\"auto\" poster=\"https:\/\/ivm.antenaplay.ro\/thumbs\/antena3\/2023\/06\/23\/Rn7IoWkm0Nf_2L.jpg\" muted=\"muted\" src=\"blob:https:\/\/www.antena3.ro\/6a17bf2b-e482-4c2b-9424-2bb2c569048a\"><\/video><\/p>\n\n\n\n<p>&#8220;Pe banda I a Bd. Aerog\u0103rii, sensul de deplasare dinspre Str. C\u0103pitan Alexandru \u0218erb\u0103nescu spre \u0218os. Bucure\u0219ti \u2013 Ploie\u0219ti, pe segmentul Str. Biharia \u2013 Pia\u021ba B\u0103neasa.<\/p>\n\n\n\n<p>Se va institui obligativitatea de a efectua virajul la dreapta, la intersec\u021bia cu Bd. Aerog\u0103rii pentru toate autovehiculele care circul\u0103 pe Bd. Ficusului dinspre Parcul Her\u0103str\u0103u, inclusiv mijloacele de transport S.T.B.<\/p>\n\n\n\n<p>Se restric\u021bioneaz\u0103 traficul pietonal pe trotuarul de pe partea dreapt\u0103 a Bd. Ficusului pe segmentul intrarea \u00een Romaero p\u00e2n\u0103 la intersec\u021bia Bd. Ficusului cu Bd. Aerog\u0103rii.<\/p>\n\n\n\n<p>Sunt recomandate urm\u0103toarele rute ocolitoare:<\/p>\n\n\n\n<p>&nbsp;\u0218os. Bucure\u0219ti &#8211; Ploie\u0219ti \u2013 Aleea Privighetorilor \u2013 Str. Erou Iancu Nicolae \u2013 Bd. Pipera \u2013 \u0218os. Pipera \u2013 Str. Nicolae G. Caramfil &#8211; Bd. Beijing;<\/p>\n\n\n\n<p>\u00a0\u0218os. Bucure\u0219ti &#8211; Ploie\u0219ti \u2013 Pia\u021ba Presei Libere \u2013 \u0218os. Kiseleff \u2013 Pia\u021ba Arcul de Triumf \u2013 Bd. Mare\u0219al Constantin Prezan \u2013 Bd. Aviatorilor \u2013 Pia\u021ba Charles de Gaulle&#8221;, se arat\u0103 \u00een comunicatul transmis de\u00a0Brigada Rutier\u0103 a Capitalei.<\/p>\n\n\n\n<p>Sursa:antena3<\/p>\n","protected":false},"excerpt":{"rendered":"<p>Au fost impuse restric\u0163ii de trafic \u00een zona de nord a Bucure\u0219tiului, pentru organizarea festivalului de muzic\u0103 SAGA, unde se<\/p>\n","protected":false},"author":1,"featured_media":93034,"comment_status":"open","ping_status":"closed","sticky":false,"template":"","format":"standard","meta":{"spay_email":"","footnotes":"","jetpack_publicize_message":""},"categories":[6],"tags":[],"class_list":["post-100242","post","type-post","status-publish","format-standard","has-post-thumbnail","hentry","category-social"],"jetpack_featured_media_url":"https:\/\/i2.wp.com\/realitatearutiera.ro\/wp-content\/uploads\/2022\/12\/restrictii.jpg?fit=900%2C500","jetpack_publicize_connections":[],"jetpack_sharing_enabled":true,"jetpack_shortlink":"https:\/\/wp.me\/p61naM-q4O","jetpack-related-posts":[],"_links":{"self":[{"href":"http:\/\/realitatearutiera.ro\/index.php?rest_route=\/wp\/v2\/posts\/100242","targetHints":{"allow":["GET"]}}],"collection":[{"href":"http:\/\/realitatearutiera.ro\/index.php?rest_route=\/wp\/v2\/posts"}],"about":[{"href":"http:\/\/realitatearutiera.ro\/index.php?rest_route=\/wp\/v2\/types\/post"}],"author":[{"embeddable":true,"href":"http:\/\/realitatearutiera.ro\/index.php?rest_route=\/wp\/v2\/users\/1"}],"replies":[{"embeddable":true,"href":"http:\/\/realitatearutiera.ro\/index.php?rest_route=%2Fwp%2Fv2%2Fcomments&post=100242"}],"version-history":[{"count":1,"href":"http:\/\/realitatearutiera.ro\/index.php?rest_route=\/wp\/v2\/posts\/100242\/revisions"}],"predecessor-version":[{"id":100243,"href":"http:\/\/realitatearutiera.ro\/index.php?rest_route=\/wp\/v2\/posts\/100242\/revisions\/100243"}],"wp:featuredmedia":[{"embeddable":true,"href":"http:\/\/realitatearutiera.ro\/index.php?rest_route=\/wp\/v2\/media\/93034"}],"wp:attachment":[{"href":"http:\/\/realitatearutiera.ro\/index.php?rest_route=%2Fwp%2Fv2%2Fmedia&parent=100242"}],"wp:term":[{"taxonomy":"category","embeddable":true,"href":"http:\/\/realitatearutiera.ro\/index.php?rest_route=%2Fwp%2Fv2%2Fcategories&post=100242"},{"taxonomy":"post_tag","embeddable":true,"href":"http:\/\/realitatearutiera.ro\/index.php?rest_route=%2Fwp%2Fv2%2Ftags&post=100242"}],"curies":[{"name":"wp","href":"https:\/\/api.w.org\/{rel}","templated":true}]}}