{"id":100465,"date":"2023-06-29T09:13:16","date_gmt":"2023-06-29T06:13:16","guid":{"rendered":"https:\/\/realitatearutiera.ro\/?p=100465"},"modified":"2023-06-29T09:13:19","modified_gmt":"2023-06-29T06:13:19","slug":"trafic-restrictionat-pe-mai-multe-artere-din-bucuresti","status":"publish","type":"post","link":"http:\/\/realitatearutiera.ro\/?p=100465","title":{"rendered":"Trafic restric\u021bionat pe mai multe artere din Bucure\u0219ti!\u00a0"},"content":{"rendered":"\n<p>Traficul rutier va fi restric\u021bionat, joi, pe mai multe artere din Capital\u0103. Circula\u021bia va fi deviat\u0103 pe str\u0103zi adiacente.<\/p>\n\n\n\n<figure class=\"wp-block-image\"><img decoding=\"async\" src=\"https:\/\/www.antena3.ro\/thumbs\/big4\/2023\/06\/28\/trafic-restrictionat-bucuresti-circulatie-deviata-strazi-adiacente-843343.webp\" alt=\"Trafic restric\u021bionat pe mai multe artere din Bucure\u0219ti! Circula\u021bia va fi deviat\u0103 pe str\u0103zi adiacente\"\/><\/figure>\n\n\n\n<p>Sursa foto: Agerpres de\u00a0<a href=\"https:\/\/www.antena3.ro\/autor\/laura-dinu.html\">Laura Dinu<\/a>\u00a0\u00a0\u00a0 | \u00a0\u00a0\u00a028 Iun 2023 \u00a0\u00a0\u2022\u00a0\u00a0 20:01<\/p>\n\n\n\n<p>\u00centre orele 10.00 &#8211; 23.30, joi, pentru a fi realizate ni\u0219te film\u0103ri, se va restric\u021biona traficul rutier \u00een intersec\u021biile: Str. Orzari\/Str. Frunzei, Str. Orzari\/Str. Agricultori, Str. Agricultori\/Str. Teleajen, respectiv Str. Orzari\/Str. Arhiereu Calist, cu devierea circula\u021biei pe arterele adiacente.<\/p>\n\n\n\n<p>Film\u0103rile se vor realiza cu \u00eentreruperea cu intermiten\u021be a traficului rutier, sub supravegherea poli\u021bi\u0219tilor rutieri.<\/p>\n\n\n\n<p>Brigada Rutier\u0103 solicit\u0103 \u0219oferilor s\u0103 circule cu pruden\u021b\u0103, s\u0103 p\u0103streze o distan\u021b\u0103 suficient\u0103 pentru a putea fr\u00e2na \u00een condi\u021bii de siguran\u021b\u0103, s\u0103 nu opreasc\u0103 ori s\u0103 sta\u021bioneze dec\u00e2t \u00een locurile special amenajate \u0219i s\u0103 respecte semnalele \u0219i indica\u021biile poli\u021bi\u0219tilor rutieri.<\/p>\n\n\n\n<p>Sursa:antena3<\/p>\n","protected":false},"excerpt":{"rendered":"<p>Traficul rutier va fi restric\u021bionat, joi, pe mai multe artere din Capital\u0103. Circula\u021bia va fi deviat\u0103 pe str\u0103zi adiacente. Sursa<\/p>\n","protected":false},"author":1,"featured_media":96229,"comment_status":"open","ping_status":"closed","sticky":false,"template":"","format":"standard","meta":{"spay_email":"","footnotes":"","jetpack_publicize_message":""},"categories":[54],"tags":[],"class_list":["post-100465","post","type-post","status-publish","format-standard","has-post-thumbnail","hentry","category-informatii-rutiere"],"jetpack_featured_media_url":"https:\/\/i0.wp.com\/realitatearutiera.ro\/wp-content\/uploads\/2023\/03\/restrictii.jpg?fit=900%2C500","jetpack_publicize_connections":[],"jetpack_sharing_enabled":true,"jetpack_shortlink":"https:\/\/wp.me\/p61naM-q8p","jetpack-related-posts":[],"_links":{"self":[{"href":"http:\/\/realitatearutiera.ro\/index.php?rest_route=\/wp\/v2\/posts\/100465","targetHints":{"allow":["GET"]}}],"collection":[{"href":"http:\/\/realitatearutiera.ro\/index.php?rest_route=\/wp\/v2\/posts"}],"about":[{"href":"http:\/\/realitatearutiera.ro\/index.php?rest_route=\/wp\/v2\/types\/post"}],"author":[{"embeddable":true,"href":"http:\/\/realitatearutiera.ro\/index.php?rest_route=\/wp\/v2\/users\/1"}],"replies":[{"embeddable":true,"href":"http:\/\/realitatearutiera.ro\/index.php?rest_route=%2Fwp%2Fv2%2Fcomments&post=100465"}],"version-history":[{"count":1,"href":"http:\/\/realitatearutiera.ro\/index.php?rest_route=\/wp\/v2\/posts\/100465\/revisions"}],"predecessor-version":[{"id":100466,"href":"http:\/\/realitatearutiera.ro\/index.php?rest_route=\/wp\/v2\/posts\/100465\/revisions\/100466"}],"wp:featuredmedia":[{"embeddable":true,"href":"http:\/\/realitatearutiera.ro\/index.php?rest_route=\/wp\/v2\/media\/96229"}],"wp:attachment":[{"href":"http:\/\/realitatearutiera.ro\/index.php?rest_route=%2Fwp%2Fv2%2Fmedia&parent=100465"}],"wp:term":[{"taxonomy":"category","embeddable":true,"href":"http:\/\/realitatearutiera.ro\/index.php?rest_route=%2Fwp%2Fv2%2Fcategories&post=100465"},{"taxonomy":"post_tag","embeddable":true,"href":"http:\/\/realitatearutiera.ro\/index.php?rest_route=%2Fwp%2Fv2%2Ftags&post=100465"}],"curies":[{"name":"wp","href":"https:\/\/api.w.org\/{rel}","templated":true}]}}