{"id":101771,"date":"2023-08-23T09:15:47","date_gmt":"2023-08-23T06:15:47","guid":{"rendered":"https:\/\/realitatearutiera.ro\/?p=101771"},"modified":"2023-08-23T09:15:50","modified_gmt":"2023-08-23T06:15:50","slug":"accident-cu-opt-victime-in-judetul-galati","status":"publish","type":"post","link":"http:\/\/realitatearutiera.ro\/?p=101771","title":{"rendered":"Accident cu opt victime \u00een jude\u021bul Gala\u021bi"},"content":{"rendered":"\n<p>Un accident rutier grav a avut loc pe DJ 251, \u00een localitatea Cuza Vod\u0103, din jude\u021bul Gala\u021bi. Opt persoane sunt r\u0103nite, dintre care patru sunt copii. Toate victimele au fost transportate la spital.<img loading=\"lazy\" decoding=\"async\" src=\"https:\/\/i2.wp.com\/cdn.adh.reperio.news\/image-0\/003a58f2-9881-401c-88b9-efe523cfa298\/index.jpeg?resize=800%2C429&#038;ssl=1\" alt=\"Accident cu opt victime \u00een jude\u021bul Gala\u021bi FOTO: ISU\" width=\"800\" height=\"429\"  data-recalc-dims=\"1\"><\/p>\n\n\n\n<p>Accident cu opt victime \u00een jude\u021bul Gala\u021bi FOTO: ISU<\/p>\n\n\n\n<p>Potrivit IPJ Gala\u021bi, mar\u021bi, 22 august 2023, \u00een jurul orei 16:30, poli\u021bi\u0219tii au fost sesiza\u021bi la 112, cu privire la faptul c\u0103 pe DJ 251, \u00een interiorul localit\u0103\u021bii Cuza Vod\u0103, a avut loc un accident rutier, soldat cu mai multe victime.<\/p>\n\n\n\n<p>La fa\u021ba locului au fost trimise de urgen\u021b\u0103 s\u0103 intervin\u0103 echipaje de la ISU, SMURD, Serviciul Jude\u021bean de Ambulan\u021b\u0103 \u0219i Poli\u021bia Rutier\u0103 Gala\u021bi.<\/p>\n\n\n\n<p>Din primele date, o femeie, cu v\u00e2rsta de 34 de ani, din municipiul Foc\u0219ani (Vrancea), \u00een timp ce conducea un autoturism pe drumul mai sus men\u021bionat, av\u00e2nd direc\u021bia de deplasare c\u0103tre localitatea Slobozia Conachi, ar fi p\u0103truns pe sensul opus de mers.<\/p>\n\n\n\n<p>Ma\u0219ina condus\u0103 de aceasta a intrat \u00een coliziune frontal\u0103 cu un alt autoturism, care era condus regulamentar de un b\u0103rbat, de 46 de ani, din localitatea Costache Negri, av\u00e2nd direc\u021bia c\u0103tre comuna Pechea.<\/p>\n\n\n\n<p><em>\u201e\u00cen urma impactului a rezultat avarierea celor dou\u0103 autoturisme \u0219i r\u0103nirea \u00een total a 8 persoane, dup\u0103 cum urmeaz\u0103: conduc\u0103toarea auto \u0219i 4 copii cu v\u00e2rstele cuprinse \u00eentre 1 an \u0219i 13 ani, to\u021bi 4 pasageri \u00een primul autoturism, precum \u0219i cel\u0103lalt conduc\u0103tor auto \u0219i alte dou\u0103 persoane adulte, pasageri \u00een cel de-al doilea autoturism. To\u021bi cei r\u0103ni\u021bi au fost prelua\u021bi \u0219i transporta\u021bi la spital de c\u0103tre echipajele de la ambulan\u021b\u0103, \u00een vederea acord\u0103rii de \u00eengrijiri \u0219i investiga\u021bii medicale de specialitate\u201d<\/em>, a transmis IPJ Gala\u021bi.\u00a0<\/p>\n\n\n\n<p>Cele dou\u0103 persoane care se aflau la volan de\u021bin permise de conducere valabile, iar la testarea alcoolscop rezultatul a fost negativ \u00een ambele cazuri.<\/p>\n\n\n\n<p>\u00cen cauz\u0103 poli\u021bi\u0219tii vor \u00eentocmi un \u201e<em>dosar penal pentru infrac\u021biunea de v\u0103t\u0103mare corporal\u0103 din culp\u0103\u201d.<\/em><\/p>\n\n\n\n<h2 class=\"wp-block-heading\">Pietoni, la un pas s\u0103 fie spulbera\u021bi de o ma\u0219in\u0103 condus\u0103 de un \u0219ofer drogat<\/h2>\n\n\n\n<p>Doi pietoni, care traversau \u0219oseaua prin loc marcat corespunz\u0103tor, au fost la un pas s\u0103 fie spulbera\u021bi de un \u0219ofer b\u0103ut, drogat \u0219i f\u0103r\u0103 permis de conducere, din jude\u021bul Gala\u021bi.<\/p>\n\n\n\n<p><a href=\"https:\/\/adevarul.ro\/stiri-locale\/galati\/momentul-in-care-doi-pietoni-evita-la-limita-sa-2293399.html\">Scena terifiant\u0103&nbsp;<\/a>a avut loc pe DJ 251, \u00een comuna Cudalbi, din jude\u021bul Gala\u021bi. Un \u0219ofer a pierdut controlul volanului \u0219i s-a izbit violent de un utilaj ce sta\u021biona \u00een afara carosabilului, pe sensul opus de mers.<\/p>\n\n\n\n<p>Accidentul a fost filmat de o camera video montat\u0103 \u00eentr-o ma\u0219in\u0103 care a oprit la trecerea de pietoni. Din spate apare o ma\u0219in\u0103 care merge cu vitez\u0103 pe contrasens \u0219i apoi se izbe\u0219te violent \u00eentr-un utilaj oprit pe marginea drumului. Din imagini se observ\u0103 cum un b\u0103rbat \u0219i o femeie, afla\u021bi pe trecerea de pietoni, reu\u0219esc s\u0103 se opreasc\u0103 la timp. Ulterior, femeia \u00ee\u0219i face cruce.&nbsp;<img loading=\"lazy\" decoding=\"async\" src=\"https:\/\/i0.wp.com\/cdn.adh.reperio.news\/image-9\/97813693-4d5f-4dbb-8253-7d011a0303f6\/index.jpeg?resize=800%2C384&#038;ssl=1\" alt=\"Doi pietoni evit\u0103 \u00een ultimul moment s\u0103 fie lovi\u021bi de o ma\u0219in\u0103 SURSA Captur\u0103 video\" width=\"800\" height=\"384\"  data-recalc-dims=\"1\"><\/p>\n\n\n\n<p>Doi pietoni evit\u0103 \u00een ultimul moment s\u0103 fie lovi\u021bi de o ma\u0219in\u0103 <\/p>\n\n\n\n<p>\u0218oferul ma\u0219inii a fost grav r\u0103nit \u0219i transportat la Spitalul de Urgen\u021b\u0103 din Gala\u021bi. \u00cen ma\u0219in\u0103 se afla \u0219i o t\u00e2n\u0103r\u0103 care a fost r\u0103nit\u0103 u\u0219or \u0219i este \u00een afara oric\u0103rui pericol. Ea a fost transportat\u0103 la Spitalul Jude\u021bean de Urgen\u021b\u0103 din Gala\u021bi, pentru investiga\u021bii.<\/p>\n\n\n\n<p>Poli\u021bi\u0219tii au descoperit c\u0103 \u0219oferul care a provocat accidentul a fost testat pentru alcool \u0219i alte substan\u021be. A ie\u0219it negativ la alcool \u0219i pozitiv la droguri. \u00cen plus, b\u0103rbatul avea permisul de conducere suspendat.&nbsp;<\/p>\n\n\n\n<p>Potrivit legii, \u00een acest caz a fost deschis un nou dosar penal pentru v\u0103t\u0103mare corporal\u0103 din culp\u0103, conducere sub influen\u021ba substan\u021belor psihoactive \u0219i conducere f\u0103r\u0103 permis.&nbsp;<\/p>\n","protected":false},"excerpt":{"rendered":"<p>Un accident rutier grav a avut loc pe DJ 251, \u00een localitatea Cuza Vod\u0103, din jude\u021bul Gala\u021bi. Opt persoane sunt<\/p>\n","protected":false},"author":1,"featured_media":98109,"comment_status":"open","ping_status":"closed","sticky":false,"template":"","format":"standard","meta":{"spay_email":"","footnotes":"","jetpack_publicize_message":""},"categories":[1],"tags":[],"class_list":["post-101771","post","type-post","status-publish","format-standard","has-post-thumbnail","hentry","category-uncategorized"],"jetpack_featured_media_url":"http:\/\/realitatearutiera.ro\/wp-content\/uploads\/2023\/04\/accident.webp","jetpack_publicize_connections":[],"jetpack_sharing_enabled":true,"jetpack_shortlink":"https:\/\/wp.me\/p61naM-qtt","jetpack-related-posts":[],"_links":{"self":[{"href":"http:\/\/realitatearutiera.ro\/index.php?rest_route=\/wp\/v2\/posts\/101771","targetHints":{"allow":["GET"]}}],"collection":[{"href":"http:\/\/realitatearutiera.ro\/index.php?rest_route=\/wp\/v2\/posts"}],"about":[{"href":"http:\/\/realitatearutiera.ro\/index.php?rest_route=\/wp\/v2\/types\/post"}],"author":[{"embeddable":true,"href":"http:\/\/realitatearutiera.ro\/index.php?rest_route=\/wp\/v2\/users\/1"}],"replies":[{"embeddable":true,"href":"http:\/\/realitatearutiera.ro\/index.php?rest_route=%2Fwp%2Fv2%2Fcomments&post=101771"}],"version-history":[{"count":1,"href":"http:\/\/realitatearutiera.ro\/index.php?rest_route=\/wp\/v2\/posts\/101771\/revisions"}],"predecessor-version":[{"id":101772,"href":"http:\/\/realitatearutiera.ro\/index.php?rest_route=\/wp\/v2\/posts\/101771\/revisions\/101772"}],"wp:featuredmedia":[{"embeddable":true,"href":"http:\/\/realitatearutiera.ro\/index.php?rest_route=\/wp\/v2\/media\/98109"}],"wp:attachment":[{"href":"http:\/\/realitatearutiera.ro\/index.php?rest_route=%2Fwp%2Fv2%2Fmedia&parent=101771"}],"wp:term":[{"taxonomy":"category","embeddable":true,"href":"http:\/\/realitatearutiera.ro\/index.php?rest_route=%2Fwp%2Fv2%2Fcategories&post=101771"},{"taxonomy":"post_tag","embeddable":true,"href":"http:\/\/realitatearutiera.ro\/index.php?rest_route=%2Fwp%2Fv2%2Ftags&post=101771"}],"curies":[{"name":"wp","href":"https:\/\/api.w.org\/{rel}","templated":true}]}}