{"id":109514,"date":"2024-03-28T08:27:22","date_gmt":"2024-03-28T06:27:22","guid":{"rendered":"https:\/\/realitatearutiera.ro\/?p=109514"},"modified":"2024-03-28T08:27:24","modified_gmt":"2024-03-28T06:27:24","slug":"motociclista-izbita-de-o-masina-si-proiectata-in-alta-pe-un-bulevard-din-timisoara","status":"publish","type":"post","link":"http:\/\/realitatearutiera.ro\/?p=109514","title":{"rendered":"Motociclist\u0103\u00a0izbit\u0103\u00a0de o ma\u015fin\u0103\u00a0\u015fi proiectat\u0103\u00a0\u00een alta, pe un bulevard din\u00a0Timi\u015foara"},"content":{"rendered":"\n<p>O motociclist\u0103 care circula regulamentar a fost r\u0103nit\u0103, seara trecut\u0103, dup\u0103 ce a fost lovit\u0103 de dou\u0103 ma\u0219ini. Accidentul a avut loc pe bulevardul Liviu Rebreanu din Timi\u0219oara. Femeia, care circula pe vehiculul cu dou\u0103 ro\u021bi, a fost izbit\u0103 din spate de un autoturism condus de un t\u00e2n\u0103r, de 23 de ani, \u0219i proiectat\u0103 \u00een ma\u0219ina din fa\u021ba ei. Motocicleta&nbsp;<a href=\"https:\/\/observatornews.ro\/eveniment\/momentul-in-care-un-motociclist-se-izbeste-cu-putere-de-peretele-pasajului-unirii-din-capitala-impact-devastator-dupa-o-depasire-periculoasa-569273.html\" target=\"_blank\" rel=\"noreferrer noopener\">a fost aruncat\u0103 pe marginea drumului<\/a>, iar femeia a fost r\u0103nit\u0103. La fa\u0163a locului a ajuns repede o ambulan\u021b\u0103 care a dus-o la spital.<a href=\"https:\/\/observatornews.ro\/autori\/redactia-observator-id29.html\"><\/a><\/p>\n\n\n\n<p>O motociclist\u0103 a fost r\u0103nit\u0103 miercuri seara pe o strad\u0103 din Timi\u0219oara. Motocicleta sa a fost lovit de o ma\u0219in\u0103, iar femeia a fost proiectat\u0103 pe autoturismul ce circula regulamentar \u00een fa\u021ba sa.<\/p>\n\n\n\n<h2 class=\"wp-block-heading\">Motociclist\u0103&nbsp;izbit\u0103&nbsp;de o ma\u015fin\u0103&nbsp;\u015fi proiectat\u0103&nbsp;\u00een alta, pe un bulevard din&nbsp;Timi\u015foara<\/h2>\n\n\n\n<p>Femeia a ajuns la spital pentru \u00eengrijiri medicale.<\/p>\n\n\n\n<p><em>&#8220;Un t\u00e2n\u0103r \u00een v\u00e2rst\u0103 de 23 de ani a condus un autoturism pe bld. Liviu Rebreanu, dinspre Aleea S\u0103n\u0103t\u0103\u021bii \u00eenspre intersec\u021bia cu bld. Sudului, iar la un moment dat ar fi intrat \u00een coliziune cu o motociclet\u0103, condus\u0103 de c\u0103tre o femeie, care \u00een urma impactului ar fi fost proiectat\u0103 \u00een autoturismul ce circula regulamentar \u00een fa\u021ba sa, condus de c\u0103tre un b\u0103rbat \u00een v\u00e2rst\u0103 de 35 de ani.<\/em><\/p>\n\n\n\n<p><em>\u00cen urma impactului a rezultat o victim\u0103, respectiv femeia de pe motociclet\u0103, care a fost transportat\u0103 la spital \u00een vederea acord\u0103rii de \u00eengrijiri medicale&#8221;<\/em>, transmit reprezentan\u0163ii&nbsp;IPJ Timi\u0219.<\/p>\n\n\n\n<p>Poli\u021bi\u0219tii au deschis dosar penal pentru v\u0103t\u0103mare corporal\u0103 din culp\u0103.<\/p>\n\n\n\n<p>Sursa.observatornews<\/p>\n","protected":false},"excerpt":{"rendered":"<p>O motociclist\u0103 care circula regulamentar a fost r\u0103nit\u0103, seara trecut\u0103, dup\u0103 ce a fost lovit\u0103 de dou\u0103 ma\u0219ini. Accidentul a<\/p>\n","protected":false},"author":1,"featured_media":96262,"comment_status":"open","ping_status":"closed","sticky":false,"template":"","format":"standard","meta":{"spay_email":"","footnotes":"","jetpack_publicize_message":""},"categories":[1],"tags":[],"class_list":["post-109514","post","type-post","status-publish","format-standard","has-post-thumbnail","hentry","category-uncategorized"],"jetpack_featured_media_url":"https:\/\/i2.wp.com\/realitatearutiera.ro\/wp-content\/uploads\/2023\/03\/motocicleta-motor-640x400-1.jpg?fit=640%2C400","jetpack_publicize_connections":[],"jetpack_sharing_enabled":true,"jetpack_shortlink":"https:\/\/wp.me\/p61naM-sum","jetpack-related-posts":[],"_links":{"self":[{"href":"http:\/\/realitatearutiera.ro\/index.php?rest_route=\/wp\/v2\/posts\/109514","targetHints":{"allow":["GET"]}}],"collection":[{"href":"http:\/\/realitatearutiera.ro\/index.php?rest_route=\/wp\/v2\/posts"}],"about":[{"href":"http:\/\/realitatearutiera.ro\/index.php?rest_route=\/wp\/v2\/types\/post"}],"author":[{"embeddable":true,"href":"http:\/\/realitatearutiera.ro\/index.php?rest_route=\/wp\/v2\/users\/1"}],"replies":[{"embeddable":true,"href":"http:\/\/realitatearutiera.ro\/index.php?rest_route=%2Fwp%2Fv2%2Fcomments&post=109514"}],"version-history":[{"count":1,"href":"http:\/\/realitatearutiera.ro\/index.php?rest_route=\/wp\/v2\/posts\/109514\/revisions"}],"predecessor-version":[{"id":109515,"href":"http:\/\/realitatearutiera.ro\/index.php?rest_route=\/wp\/v2\/posts\/109514\/revisions\/109515"}],"wp:featuredmedia":[{"embeddable":true,"href":"http:\/\/realitatearutiera.ro\/index.php?rest_route=\/wp\/v2\/media\/96262"}],"wp:attachment":[{"href":"http:\/\/realitatearutiera.ro\/index.php?rest_route=%2Fwp%2Fv2%2Fmedia&parent=109514"}],"wp:term":[{"taxonomy":"category","embeddable":true,"href":"http:\/\/realitatearutiera.ro\/index.php?rest_route=%2Fwp%2Fv2%2Fcategories&post=109514"},{"taxonomy":"post_tag","embeddable":true,"href":"http:\/\/realitatearutiera.ro\/index.php?rest_route=%2Fwp%2Fv2%2Ftags&post=109514"}],"curies":[{"name":"wp","href":"https:\/\/api.w.org\/{rel}","templated":true}]}}