{"id":109516,"date":"2024-03-28T08:33:25","date_gmt":"2024-03-28T06:33:25","guid":{"rendered":"https:\/\/realitatearutiera.ro\/?p=109516"},"modified":"2024-03-28T08:33:32","modified_gmt":"2024-03-28T06:33:32","slug":"sfarsit-dramatic-pentru-un-batranel-de-86-de-ani","status":"publish","type":"post","link":"http:\/\/realitatearutiera.ro\/?p=109516","title":{"rendered":"Sf\u00e2r\u0219it dramatic pentru un b\u0103tr\u00e2nel de 86 de ani"},"content":{"rendered":"\n<p><a href=\"https:\/\/observatornews.ro\/eveniment\/tanara-de-27-de-ani-ranita-dupa-ce-microbuzul-in-care-se-afla-a-fost-lovit-de-un-tractor-accident-grav-intro-localitate-din-timis-569336.html\" target=\"_blank\" rel=\"noreferrer noopener\">Accident dramatic&nbsp;<\/a>pentru un b\u0103tr\u00e2nel de 86 de ani. Pensionarul a murit, dup\u0103 ce a fost strivit sub ro\u021bile unui TIR, dup\u0103 ce a \u00eencercat s\u0103 treac\u0103 prin fa\u021ba camionului \u0219i a ajuns \u00eentr-un unghi mort. Momentul a fost surprins de o camer\u0103 de supraveghere din zon\u0103.&nbsp;<a href=\"https:\/\/observatornews.ro\/autori\/alin-ghiciulescu-id184.html\"><\/a><\/p>\n\n\n\n<p>\u0218oferul care pleca de la semafor nu l-a z\u0103rit \u0219i a trecut peste b\u0103rbat. Imediat, conduc\u0103torul mastodontului a oprit \u0219i a \u00eencercat s\u0103 ajute victima, la fel \u0219i al\u021bi participan\u021bi la trafic.<\/p>\n\n\n\n<h2 class=\"wp-block-heading\">Momentul surprins de o camer\u0103 de supraveghere<\/h2>\n\n\n\n<p>Medicii sosi\u021bi la fa\u021ba locului au \u00eencercat s\u0103 \u00eei acorde primul ajutor. Din p\u0103cate, b\u0103tr\u00e2nul s-a stins din via\u021b\u0103 la spital. Momentul accidentului a fost surprins de o camer\u0103 de supraveghere.<\/p>\n\n\n\n<p>\u00cen imagini se vede cum pensionarul, care se deplaseaz\u0103 cu greu, ajunge \u00een fa\u021ba camionului, chiar c\u00e2nd acesta porne\u0219te de la semafor. Oamenii legii au deschis dosar penal pentru ucidere din culp\u0103.<\/p>\n\n\n\n<p>Sursa:observatornews<\/p>\n","protected":false},"excerpt":{"rendered":"<p>Accident dramatic&nbsp;pentru un b\u0103tr\u00e2nel de 86 de ani. Pensionarul a murit, dup\u0103 ce a fost strivit sub ro\u021bile unui TIR,<\/p>\n","protected":false},"author":1,"featured_media":98109,"comment_status":"open","ping_status":"closed","sticky":false,"template":"","format":"standard","meta":{"spay_email":"","footnotes":"","jetpack_publicize_message":""},"categories":[1],"tags":[],"class_list":["post-109516","post","type-post","status-publish","format-standard","has-post-thumbnail","hentry","category-uncategorized"],"jetpack_featured_media_url":"http:\/\/realitatearutiera.ro\/wp-content\/uploads\/2023\/04\/accident.webp","jetpack_publicize_connections":[],"jetpack_sharing_enabled":true,"jetpack_shortlink":"https:\/\/wp.me\/p61naM-suo","jetpack-related-posts":[],"_links":{"self":[{"href":"http:\/\/realitatearutiera.ro\/index.php?rest_route=\/wp\/v2\/posts\/109516","targetHints":{"allow":["GET"]}}],"collection":[{"href":"http:\/\/realitatearutiera.ro\/index.php?rest_route=\/wp\/v2\/posts"}],"about":[{"href":"http:\/\/realitatearutiera.ro\/index.php?rest_route=\/wp\/v2\/types\/post"}],"author":[{"embeddable":true,"href":"http:\/\/realitatearutiera.ro\/index.php?rest_route=\/wp\/v2\/users\/1"}],"replies":[{"embeddable":true,"href":"http:\/\/realitatearutiera.ro\/index.php?rest_route=%2Fwp%2Fv2%2Fcomments&post=109516"}],"version-history":[{"count":1,"href":"http:\/\/realitatearutiera.ro\/index.php?rest_route=\/wp\/v2\/posts\/109516\/revisions"}],"predecessor-version":[{"id":109517,"href":"http:\/\/realitatearutiera.ro\/index.php?rest_route=\/wp\/v2\/posts\/109516\/revisions\/109517"}],"wp:featuredmedia":[{"embeddable":true,"href":"http:\/\/realitatearutiera.ro\/index.php?rest_route=\/wp\/v2\/media\/98109"}],"wp:attachment":[{"href":"http:\/\/realitatearutiera.ro\/index.php?rest_route=%2Fwp%2Fv2%2Fmedia&parent=109516"}],"wp:term":[{"taxonomy":"category","embeddable":true,"href":"http:\/\/realitatearutiera.ro\/index.php?rest_route=%2Fwp%2Fv2%2Fcategories&post=109516"},{"taxonomy":"post_tag","embeddable":true,"href":"http:\/\/realitatearutiera.ro\/index.php?rest_route=%2Fwp%2Fv2%2Ftags&post=109516"}],"curies":[{"name":"wp","href":"https:\/\/api.w.org\/{rel}","templated":true}]}}