{"id":112150,"date":"2024-06-06T11:51:14","date_gmt":"2024-06-06T08:51:14","guid":{"rendered":"https:\/\/realitatearutiera.ro\/?p=112150"},"modified":"2024-06-06T11:51:16","modified_gmt":"2024-06-06T08:51:16","slug":"conditiile-de-calatorie-in-grecia-pentru-copii","status":"publish","type":"post","link":"http:\/\/realitatearutiera.ro\/?p=112150","title":{"rendered":"\u00a0Condi\u021biile de c\u0103l\u0103torie \u00een Grecia pentru copii"},"content":{"rendered":"\n<p>Anun\u021b important! Ce trebuie s\u0103 \u0219tie familiile de rom\u00e2ni dac\u0103 vor s\u0103 plece \u00een vacan\u021b\u0103. Iat\u0103 care sunt condi\u021biile de c\u0103l\u0103torie \u00een Grecia pentru copii. Care sunt actele necesare pentru a pleca \u00een str\u0103in\u0103tate.<\/p>\n\n\n\n<p><a href=\"https:\/\/spynews.ro\/galerie\/anunt-important-pentru-familiile-de-romani-conditiile-de-calatorie-in-grecia-pentru-copii-id336218-play0.html\"><\/a><\/p>\n\n\n\n<figure class=\"wp-block-image\"><a href=\"https:\/\/spynews.ro\/galerie\/anunt-important-pentru-familiile-de-romani-conditiile-de-calatorie-in-grecia-pentru-copii-id336218-play0.html\"><img decoding=\"async\" src=\"https:\/\/img.spynews.ro\/?u=https%3A%2F%2Fspynews.ro%2Fuploads%2Fmodules%2Fnews%2F0%2F2024%2F6%2F6%2F336218%2Fprofimedia0128556769.jpg&amp;w=1200\" alt=\"Un copil se joac\u0103 pe plaj\u0103\" title=\"Un copil se joac\u0103 pe plaj\u0103 \u00eembr\u0103cat \u00een albastru\"\/><\/a><\/figure>\n\n\n\n<p>Condi\u021biile de c\u0103l\u0103torie \u00een Grecia pentru copii<\/p>\n\n\n\n<p>Profimedia<\/p>\n\n\n\n<ul class=\"wp-block-list\">\n<li>Condi\u021biile de c\u0103l\u0103torie \u00een Grecia pentru copii<\/li>\n\n\n\n<li>Ce trebuie s\u0103 \u0219tie rom\u00e2nii<\/li>\n<\/ul>\n\n\n\n<p>Cu sezonul estival \u00een toi, familiile de rom\u00e2ni care \u00ee\u0219i pl\u0103nuiesc&nbsp;<a href=\"https:\/\/spynews.ro\/actualitate\/tara-din-europa-care-are-528-de-km-de-plaja-neexplorata-de-romani-tot-ce-trebuie-sa-stii-despre-acest-loc-285836.html\">concediul&nbsp;<\/a>\u00een Grecia trebuie s\u0103 fie con\u0219tiente de cerin\u021bele de c\u0103l\u0103torie pentru copii.<\/p>\n\n\n\n<h2 class=\"wp-block-heading\">Condi\u021biile de c\u0103l\u0103torie \u00een Grecia pentru copii<\/h2>\n\n\n\n<p>An de an, aproximativ 1,5 milioane de turi\u0219ti rom\u00e2ni se \u00eendreapt\u0103 c\u0103tre aceast\u0103 destina\u021bie popular\u0103, atras\u0103 de peisajele fermec\u0103toare \u0219i de experien\u021bele oferite.<\/p>\n\n\n\n<p>Pentru mul\u021bi dintre ace\u0219ti turi\u0219ti,&nbsp;<a href=\"https:\/\/spynews.ro\/monden\/emisiuni-tv\/vacanta-de-vedeta-giulia-amintiri-de-neuitat-in-grecia-care-sunt-locurile-in-care-vrea-sa-se-intoarca-de-fiecare-data-alaturi-de-familia-ei-mancarea-este-senzationala-video-334828.html\">vacan\u021ba<\/a>&nbsp;\u00een Grecia include \u0219i copiii, iar regulile de c\u0103l\u0103torie pentru ace\u0219tia sunt cruciale, \u00een special atunci c\u00e2nd nu sunt \u00eenso\u021bi\u021bi de ambii p\u0103rin\u021bi.<\/p>\n\n\n\n<p>\u00cen plus, odat\u0103 cu cre\u0219terea taberelor interna\u021bionale pentru copii \u00een Grecia, documentele necesare pentru minorii care c\u0103l\u0103toresc f\u0103r\u0103 p\u0103rin\u021bi devin tot mai stricte.<\/p>\n\n\n\n<p>Pentru minorii care c\u0103l\u0103toresc f\u0103r\u0103 ambii p\u0103rin\u021bi, este esen\u021bial s\u0103 de\u021bin\u0103 documentele necesare pentru trecerea frontierei. Acestea includ un pa\u0219aport valabil \u0219i documente care atest\u0103 acordul ambilor p\u0103rin\u021bi pentru c\u0103l\u0103toria copilului \u00een Grecia.<\/p>\n\n\n\n<p>O alt\u0103 aspect crucial este valabilitatea pa\u0219aportului, care trebuie s\u0103 fie de cel pu\u021bin \u0219ase luni de la data planificat\u0103 a \u00eentoarcerii \u00een \u021bar\u0103.<\/p>\n\n\n\n<p>Minorii sub 14 ani trebuie s\u0103 de\u021bin\u0103 un pa\u0219aport cu aceea\u0219i valabilitate pentru a putea c\u0103l\u0103tori \u00een Grecia. Este important de re\u021binut c\u0103 certificatul de na\u0219tere nu este suficient pentru a p\u0103r\u0103si teritoriul Rom\u00e2niei.<\/p>\n\n\n\n<p>Pentru o vacan\u021b\u0103 f\u0103r\u0103 griji \u0219i o traversare f\u0103r\u0103 probleme a frontierelor, familiile de rom\u00e2ni sunt sf\u0103tuite s\u0103 se asigure c\u0103 toate documentele necesare pentru copii sunt \u00een regul\u0103 \u00eenainte de a porni c\u0103l\u0103toria spre minunatele destina\u021bii din Grecia.<\/p>\n\n\n\n<h2 class=\"wp-block-heading\">Cea mai curat\u0103 plaj\u0103 din Grecia<\/h2>\n\n\n\n<p>C\u00e2nd vine vorba de&nbsp;<a href=\"https:\/\/spynews.ro\/actualitate\/stiri-internationale\/cea-mai-curata-plaja-din-grecia-se-afla-mereu-printre-cele-mai-frumoase-din-lume-foto-281375.html\">plaje<\/a>, Grecia este cunoscut\u0103 pentru peisajele sale incredibile \u0219i nisipurile fine. \u00cens\u0103 \u00een inima acestui paradis mediteranean, se afl\u0103 o perl\u0103 ascuns\u0103 &#8211; plaja Egremni din Lefkada. Situat\u0103 la aproximativ 40 de kilometri de Capital\u0103, aceast\u0103 bijuterie s\u0103lbatic\u0103 atrage turi\u0219ti din \u00eentreaga lume cu apele sale cristaline \u0219i nisipurile albe imaculate.<\/p>\n\n\n\n<p>Plaja Egremni este renumit\u0103 pentru cur\u0103\u021benia sa ne\u00eentrecut\u0103 \u0219i frumuse\u021bea sa pitoreasc\u0103. Turi\u0219tii sunt \u00eenc\u00e2nta\u021bi de apele sale remarcabil de albastre \u0219i limpezi, care ofer\u0103 o experien\u021b\u0103 de neuitat de fiecare dat\u0103. Un alt aspect care impresioneaz\u0103 este intrarea lin\u0103 \u00een mare, ceea ce face ca aceast\u0103 plaj\u0103 s\u0103 fie ideal\u0103 pentru relaxare \u0219i \u00eenot.<\/p>\n\n\n\n<p>Un lucru important de men\u021bionat este faptul c\u0103 Egremni nu ofer\u0103 servicii precum magazine sau baruri. Astfel, vizitatorii sunt \u00eencuraja\u021bi s\u0103 vin\u0103 preg\u0103ti\u021bi, cu ap\u0103, m\u00e2ncare \u0219i umbrel\u0103 de soare. Cu toate acestea, aceast\u0103 lips\u0103 de facilit\u0103\u021bi comerciale adaug\u0103 farmecului natural al locului \u0219i \u00eei permite s\u0103 p\u0103streze puritatea \u0219i frumuse\u021bea sa s\u0103lbatic\u0103.<\/p>\n\n\n\n<p>Sursa\/foto:spynews<\/p>\n","protected":false},"excerpt":{"rendered":"<p>Anun\u021b important! Ce trebuie s\u0103 \u0219tie familiile de rom\u00e2ni dac\u0103 vor s\u0103 plece \u00een vacan\u021b\u0103. Iat\u0103 care sunt condi\u021biile de<\/p>\n","protected":false},"author":1,"featured_media":112151,"comment_status":"open","ping_status":"closed","sticky":false,"template":"","format":"standard","meta":{"spay_email":"","footnotes":"","jetpack_publicize_message":""},"categories":[6],"tags":[],"class_list":["post-112150","post","type-post","status-publish","format-standard","has-post-thumbnail","hentry","category-social"],"jetpack_featured_media_url":"https:\/\/i2.wp.com\/realitatearutiera.ro\/wp-content\/uploads\/2024\/06\/img-2.jpg?fit=1200%2C719","jetpack_publicize_connections":[],"jetpack_sharing_enabled":true,"jetpack_shortlink":"https:\/\/wp.me\/p61naM-taS","jetpack-related-posts":[],"_links":{"self":[{"href":"http:\/\/realitatearutiera.ro\/index.php?rest_route=\/wp\/v2\/posts\/112150","targetHints":{"allow":["GET"]}}],"collection":[{"href":"http:\/\/realitatearutiera.ro\/index.php?rest_route=\/wp\/v2\/posts"}],"about":[{"href":"http:\/\/realitatearutiera.ro\/index.php?rest_route=\/wp\/v2\/types\/post"}],"author":[{"embeddable":true,"href":"http:\/\/realitatearutiera.ro\/index.php?rest_route=\/wp\/v2\/users\/1"}],"replies":[{"embeddable":true,"href":"http:\/\/realitatearutiera.ro\/index.php?rest_route=%2Fwp%2Fv2%2Fcomments&post=112150"}],"version-history":[{"count":1,"href":"http:\/\/realitatearutiera.ro\/index.php?rest_route=\/wp\/v2\/posts\/112150\/revisions"}],"predecessor-version":[{"id":112152,"href":"http:\/\/realitatearutiera.ro\/index.php?rest_route=\/wp\/v2\/posts\/112150\/revisions\/112152"}],"wp:featuredmedia":[{"embeddable":true,"href":"http:\/\/realitatearutiera.ro\/index.php?rest_route=\/wp\/v2\/media\/112151"}],"wp:attachment":[{"href":"http:\/\/realitatearutiera.ro\/index.php?rest_route=%2Fwp%2Fv2%2Fmedia&parent=112150"}],"wp:term":[{"taxonomy":"category","embeddable":true,"href":"http:\/\/realitatearutiera.ro\/index.php?rest_route=%2Fwp%2Fv2%2Fcategories&post=112150"},{"taxonomy":"post_tag","embeddable":true,"href":"http:\/\/realitatearutiera.ro\/index.php?rest_route=%2Fwp%2Fv2%2Ftags&post=112150"}],"curies":[{"name":"wp","href":"https:\/\/api.w.org\/{rel}","templated":true}]}}