{"id":112842,"date":"2024-06-25T08:20:51","date_gmt":"2024-06-25T05:20:51","guid":{"rendered":"https:\/\/realitatearutiera.ro\/?p=112842"},"modified":"2024-06-25T08:20:57","modified_gmt":"2024-06-25T05:20:57","slug":"accident-grav-in-lant-pe-dn-19-in-satu-mare","status":"publish","type":"post","link":"http:\/\/realitatearutiera.ro\/?p=112842","title":{"rendered":"Accident grav \u00een lan\u0163, pe DN 19 \u00een Satu Mare"},"content":{"rendered":"\n<p>Opt oameni au fost r\u0103ni\u0163i, dup\u0103 un grav accident petrecut pe DN 19, \u00een jude\u0163ul Satu Mare.<a href=\"https:\/\/observatornews.ro\/autori\/redactia-observator-id29.html\"><\/a><\/p>\n\n\n\n<figure class=\"wp-block-image\"><img decoding=\"async\" src=\"https:\/\/i0.wp.com\/img.observatornews.ro\/0\/2024\/6\/25\/582584\/acc-satu-mare-124cc87b.jpg?w=800&#038;ssl=1\" alt=\"\" data-recalc-dims=\"1\"\/><\/figure>\n\n\n\n<p>&#8211; presasm.ro<\/p>\n\n\n\n<p><em>&#8220;Din primele verific\u0103ri efectuate, poli\u0163i\u015ftii au stabilit faptul c\u0103 un b\u0103rbat, de 27 de ani, din municipiul Satu Mare, \u00een timp ce ar fi condus un autoturism, pe DN19, \u00eentre localit\u0103\u0163ile Botiz \u015fi Ciuperceni, ar fi intrat \u00een coliziune cu un autoturism condus de c\u0103tre un b\u0103rbat de 53 de ani, din localitatea \u015eimleul Silvaniei, care ulterior ar fi fost proiectat \u00eentr-un alt autoturism, condus de un b\u0103rbat, de 46 de ani, din localitatea Sighetu Marma\u0163iei&#8221;<\/em>, precizeaz\u0103 sursa citat\u0103.<\/p>\n\n\n\n<p>\u00cen total au fost r\u0103nite opt persoane, cinci dintr-un autoturism \u015fi trei din altul.<\/p>\n\n\n\n<h2 class=\"wp-block-heading\">Printre r\u0103ni\u0163i, un minor de 11 ani<\/h2>\n\n\n\n<p><em>&#8220;\u00cen urma accidentului rutier a rezultat v\u0103t\u0103marea corporal\u0103 a conduc\u0103torului autoturismului de 53 de ani \u015fi a patru pasageri afla\u0163i \u00een autoturismul condus de c\u0103tre acesta, respectiv un b\u0103rbat de 57 de ani \u015fi 3 femei, cu v\u00e2rste de 16 ani, 56 de ani \u015fi 57 de ani, to\u0163i din municipiul Satu Mare. De asemenea, a rezultat \u015fi v\u0103t\u0103marea corporal\u0103 a conduc\u0103torului de 46 de ani, din Sighetu Marma\u0163iei c\u00e2t \u015fi a doi pasageri afla\u0163i \u00een autoturism, respectiv o femeie de 39 de ani \u015fi un b\u0103iat de 11 ani, ambii din Sighetu Marma\u0163iei. Victimele au fost transportate la spital \u00een vederea acord\u0103rii de \u00eengrijiri medicale&#8221;<\/em>, a mai precizat IPJ.<\/p>\n\n\n\n<p>\u00cen urma test\u0103rii cu aparatul etilotest a celor 3 conduc\u0103tori auto rezultatul a fost negativ.<\/p>\n\n\n\n<p>Poli\u0163i\u015ftii continu\u0103 cercet\u0103rile, fiind deschis dosarul penal pentru infrac\u0163iunea de v\u0103t\u0103mare corporal\u0103 din culp\u0103.\u00a0<\/p>\n\n\n\n<p>Sursa:observatornews<\/p>\n","protected":false},"excerpt":{"rendered":"<p>Opt oameni au fost r\u0103ni\u0163i, dup\u0103 un grav accident petrecut pe DN 19, \u00een jude\u0163ul Satu Mare. &#8211; presasm.ro &#8220;Din<\/p>\n","protected":false},"author":1,"featured_media":96612,"comment_status":"open","ping_status":"closed","sticky":false,"template":"","format":"standard","meta":{"spay_email":"","footnotes":"","jetpack_publicize_message":""},"categories":[1],"tags":[],"class_list":["post-112842","post","type-post","status-publish","format-standard","has-post-thumbnail","hentry","category-uncategorized"],"jetpack_featured_media_url":"https:\/\/i1.wp.com\/realitatearutiera.ro\/wp-content\/uploads\/2023\/03\/accident_2777d40c6e.jpg?fit=1920%2C1080","jetpack_publicize_connections":[],"jetpack_sharing_enabled":true,"jetpack_shortlink":"https:\/\/wp.me\/p61naM-tm2","jetpack-related-posts":[],"_links":{"self":[{"href":"http:\/\/realitatearutiera.ro\/index.php?rest_route=\/wp\/v2\/posts\/112842","targetHints":{"allow":["GET"]}}],"collection":[{"href":"http:\/\/realitatearutiera.ro\/index.php?rest_route=\/wp\/v2\/posts"}],"about":[{"href":"http:\/\/realitatearutiera.ro\/index.php?rest_route=\/wp\/v2\/types\/post"}],"author":[{"embeddable":true,"href":"http:\/\/realitatearutiera.ro\/index.php?rest_route=\/wp\/v2\/users\/1"}],"replies":[{"embeddable":true,"href":"http:\/\/realitatearutiera.ro\/index.php?rest_route=%2Fwp%2Fv2%2Fcomments&post=112842"}],"version-history":[{"count":1,"href":"http:\/\/realitatearutiera.ro\/index.php?rest_route=\/wp\/v2\/posts\/112842\/revisions"}],"predecessor-version":[{"id":112843,"href":"http:\/\/realitatearutiera.ro\/index.php?rest_route=\/wp\/v2\/posts\/112842\/revisions\/112843"}],"wp:featuredmedia":[{"embeddable":true,"href":"http:\/\/realitatearutiera.ro\/index.php?rest_route=\/wp\/v2\/media\/96612"}],"wp:attachment":[{"href":"http:\/\/realitatearutiera.ro\/index.php?rest_route=%2Fwp%2Fv2%2Fmedia&parent=112842"}],"wp:term":[{"taxonomy":"category","embeddable":true,"href":"http:\/\/realitatearutiera.ro\/index.php?rest_route=%2Fwp%2Fv2%2Fcategories&post=112842"},{"taxonomy":"post_tag","embeddable":true,"href":"http:\/\/realitatearutiera.ro\/index.php?rest_route=%2Fwp%2Fv2%2Ftags&post=112842"}],"curies":[{"name":"wp","href":"https:\/\/api.w.org\/{rel}","templated":true}]}}