{"id":114585,"date":"2024-08-14T08:51:00","date_gmt":"2024-08-14T05:51:00","guid":{"rendered":"https:\/\/realitatearutiera.ro\/?p=114585"},"modified":"2024-08-14T08:51:02","modified_gmt":"2024-08-14T05:51:02","slug":"restrictii-temporare-de-circulatie-pe-autostrada-a3-bucuresti-ploiesti13-14-august2024","status":"publish","type":"post","link":"http:\/\/realitatearutiera.ro\/?p=114585","title":{"rendered":"Restric\u021bii temporare de circula\u021bie pe Autostrada A3 Bucure\u0219ti \u2013 Ploie\u0219ti:13\/14 august2024"},"content":{"rendered":"\n<p>CNAIR anun\u021b\u0103 participan\u021bii la trafic c\u0103, \u00een perioada 13-14 august 2024, vor fi implementate restric\u021bii temporare de circula\u021bie pe Autostrada A3 Bucure\u0219ti \u2013 Ploie\u0219ti, pentru a permite lucr\u0103rile de montare a tablierului metalic al unui pod nou, parte a proiectului de execu\u021bie a Autostr\u0103zii Ploie\u0219ti \u2013 Buz\u0103u.<\/p>\n\n\n\n<h4 class=\"wp-block-heading\">\u00cenchidere pe sensul Ploie\u0219ti \u2013 Bucure\u0219ti (13-14 august)<\/h4>\n\n\n\n<p>Traficul rutier pe sensul Ploie\u0219ti \u2013 Bucure\u0219ti va fi \u00eenchis \u00eentre kilometrii 68+000 \u0219i 43+000, \u00eencep\u00e2nd de mar\u021bi, 13 august 2024, ora 21:00, p\u00e2n\u0103 miercuri, 14 august 2024, ora 05:00. \u0218oferii vor fi nevoi\u021bi s\u0103 urmeze urm\u0103toarea rut\u0103 ocolitoare:<\/p>\n\n\n\n<ul class=\"wp-block-list\">\n<li>Centura Ploie\u0219ti \u2192 DN1A \u2192 intersec\u021bia DN1A cu DN1B \u2192 DN1B \u2192 Valea C\u0103lug\u0103reasc\u0103 \u2192 DJ101F (Dumbrava; Cornu de Jos) \u2192 Dr\u0103g\u0103ne\u0219ti \u2192 DJ100B \u2192 Nod Rutier Gherghi\u021ba \u2192 Autostrada A3 \u2192 Bucure\u0219ti.<\/li>\n<\/ul>\n\n\n\n<h4 class=\"wp-block-heading\">\u00cenchidere pe sensul Bucure\u0219ti \u2013 Ploie\u0219ti (14 august)<\/h4>\n\n\n\n<p>\u00cen data de 14 august 2024 (miercuri), \u00eentre orele 00:30 \u0219i 05:00,&nbsp;<a href=\"https:\/\/www.promotor.ro\/stiri-auto\/autostrada-soarelui-inchisa-pentru-lucrari-ce-rute-ocolitoare-sunt-disponibile-19310135\">traficul rutier<\/a>&nbsp;pe sensul Bucure\u0219ti \u2013 Ploie\u0219ti va fi \u00eenchis \u00eentre Nodul rutier Gherghi\u021ba (km 43+000) \u0219i Centura Ploie\u0219ti (km 68+000). Ruta ocolitoare recomandat\u0103 este:<\/p>\n\n\n\n<ul class=\"wp-block-list\">\n<li>Bucure\u0219ti \u2192 Autostrada A3 \u2192 Nod Rutier Gherghi\u021ba \u2192 DJ 100B (Gherghi\u021ba \u2013 Dr\u0103g\u0103ne\u0219ti) \u2192 DJ 101F (Cornu de Jos \u2013 Dumbrava \u2013 Valea C\u0103lug\u0103reasc\u0103) \u2192 DN 1B \u2192 Ploie\u0219ti.<\/li>\n<\/ul>\n\n\n\n<p>M\u0103surile sunt necesare pentru montarea tablierului metalic al unui pod ce va supratraversa autostrada A3 la km 53+275, parte a construc\u021biei Autostr\u0103zii Ploie\u0219ti \u2013 Buz\u0103u, Lot 1, Dumbrava \u2013 Mizil. Conduc\u0103torii auto sunt sf\u0103tui\u021bi s\u0103 respecte indica\u021biile \u0219i s\u0103 planifice c\u0103l\u0103toriile \u00een consecin\u021b\u0103.<\/p>\n\n\n\n<p>Sursa:promotor<\/p>\n","protected":false},"excerpt":{"rendered":"<p>CNAIR anun\u021b\u0103 participan\u021bii la trafic c\u0103, \u00een perioada 13-14 august 2024, vor fi implementate restric\u021bii temporare de circula\u021bie pe Autostrada<\/p>\n","protected":false},"author":1,"featured_media":96732,"comment_status":"open","ping_status":"closed","sticky":false,"template":"","format":"standard","meta":{"spay_email":"","footnotes":"","jetpack_publicize_message":""},"categories":[82],"tags":[],"class_list":["post-114585","post","type-post","status-publish","format-standard","has-post-thumbnail","hentry","category-auto"],"jetpack_featured_media_url":"https:\/\/i2.wp.com\/realitatearutiera.ro\/wp-content\/uploads\/2023\/03\/7348610-mediafax-foto-ovidiu-dumitru-matiu.jpg?fit=605%2C403","jetpack_publicize_connections":[],"jetpack_sharing_enabled":true,"jetpack_shortlink":"https:\/\/wp.me\/p61naM-tO9","jetpack-related-posts":[],"_links":{"self":[{"href":"http:\/\/realitatearutiera.ro\/index.php?rest_route=\/wp\/v2\/posts\/114585","targetHints":{"allow":["GET"]}}],"collection":[{"href":"http:\/\/realitatearutiera.ro\/index.php?rest_route=\/wp\/v2\/posts"}],"about":[{"href":"http:\/\/realitatearutiera.ro\/index.php?rest_route=\/wp\/v2\/types\/post"}],"author":[{"embeddable":true,"href":"http:\/\/realitatearutiera.ro\/index.php?rest_route=\/wp\/v2\/users\/1"}],"replies":[{"embeddable":true,"href":"http:\/\/realitatearutiera.ro\/index.php?rest_route=%2Fwp%2Fv2%2Fcomments&post=114585"}],"version-history":[{"count":1,"href":"http:\/\/realitatearutiera.ro\/index.php?rest_route=\/wp\/v2\/posts\/114585\/revisions"}],"predecessor-version":[{"id":114586,"href":"http:\/\/realitatearutiera.ro\/index.php?rest_route=\/wp\/v2\/posts\/114585\/revisions\/114586"}],"wp:featuredmedia":[{"embeddable":true,"href":"http:\/\/realitatearutiera.ro\/index.php?rest_route=\/wp\/v2\/media\/96732"}],"wp:attachment":[{"href":"http:\/\/realitatearutiera.ro\/index.php?rest_route=%2Fwp%2Fv2%2Fmedia&parent=114585"}],"wp:term":[{"taxonomy":"category","embeddable":true,"href":"http:\/\/realitatearutiera.ro\/index.php?rest_route=%2Fwp%2Fv2%2Fcategories&post=114585"},{"taxonomy":"post_tag","embeddable":true,"href":"http:\/\/realitatearutiera.ro\/index.php?rest_route=%2Fwp%2Fv2%2Ftags&post=114585"}],"curies":[{"name":"wp","href":"https:\/\/api.w.org\/{rel}","templated":true}]}}