{"id":117871,"date":"2024-11-15T09:02:33","date_gmt":"2024-11-15T07:02:33","guid":{"rendered":"https:\/\/realitatearutiera.ro\/?p=117871"},"modified":"2024-11-15T09:02:35","modified_gmt":"2024-11-15T07:02:35","slug":"un-sofer-prins-beat-la-volan-de-doua-ori-in-aceeasi-seara-le-a-cerut-politistilor-sa-l-duca-acasa","status":"publish","type":"post","link":"http:\/\/realitatearutiera.ro\/?p=117871","title":{"rendered":"Un \u0219ofer prins beat la volan de dou\u0103 ori \u00een aceea\u0219i sear\u0103, le-a cerut poli\u021bi\u0219tilor s\u0103-l duc\u0103 acas\u0103"},"content":{"rendered":"\n<p>Prins de dou\u0103 ori b\u0103ut la volan \u00een aceea\u0219i sear\u0103, un \u0219ofer s-a comportat de parc\u0103 le f\u0103cea un favor poli\u021bi\u0219tilor b\u0103g\u00e2ndu-i \u00een seam\u0103. S-a ales cu un dosar penal pentru trei infrac\u021biuni, dar judec\u0103torii l-au m\u00e2ng\u00e2iat pe cre\u0219tet \u0219i l-au trimis acas\u0103.<\/p>\n\n\n\n<p>\u00cen seara zilei de 5 mai, o patrul\u0103 a Poli\u021biei aflat\u0103 \u00een Dancu a observat un Audi A4 vir\u00e2nd pe DJ 249A, \u00een dreptul bisericii catolice \u201eRegina Sf\u00e2ntului Rozariu\u201d. Automobilul se deplasa sinuos, iar dup\u0103 aproximativ 200 de metri a dep\u0103\u0219it un BMW, iar apoi a fr\u00e2nat brusc \u00een fa\u021ba acestuia. Comportamentul \u0219oferului i-a f\u0103cut pe poli\u021bi\u0219ti s\u0103-l opreasc\u0103 \u0219i s\u0103 procedeze la efectuarea unui control.<\/p>\n\n\n\n<h2 class=\"wp-block-heading\"><strong>Le-a cerut poli\u021bi\u0219tilor s\u0103-l duc\u0103 acas\u0103<\/strong><\/h2>\n\n\n\n<p>Neculai Gr\u0103mad\u0103 emana halen\u0103 alcoolic\u0103 \u0219i a confirmat c\u0103 b\u0103use dou\u0103 beri. Aparatul Dr\u00e4ger a indicat o valoare de 0,83\u2030 alcool pur \u00een aerul expirat, a\u0219a c\u0103 \u0219oferul a fost condus la sediul Institutului de Medicin\u0103 Legal\u0103. Aici, Gr\u0103mad\u0103 a refuzat prelevarea de probe biologice, chiar \u0219i dup\u0103 ce i s-a atras aten\u021bia c\u0103 acest lucru reprezint\u0103 o infrac\u021biune. A fost condus apoi la sediul Poli\u021biei Holboca, unde a refuzat s\u0103 semneze ordonan\u021ba de prelevare a mostrelor biologice \u0219i bonul alcool test. I-a fost re\u021binut permisul de conducere, eliber\u00e2ndu-i-se o dovad\u0103 f\u0103r\u0103 drept de circula\u021bie. Gr\u0103mad\u0103 le-a cerut poli\u021bi\u0219tilor s\u0103-l duc\u0103 \u00eenapoi la ma\u0219ina sa, r\u0103mas\u0103 \u00een drum. La refuzul acestora, a plecat nervos.<\/p>\n\n\n\n<h2 class=\"wp-block-heading\"><strong>La nicio or\u0103 a fost prins iar beat la volan<\/strong><\/h2>\n\n\n\n<p>Nu a trecut \u00eens\u0103 mult, iar drumurile poli\u021bi\u0219tilor s-au intersectat din nou cu cele ale lui Gr\u0103mad\u0103. Aproape de ora 21.00, la doar o or\u0103 de la prima oprire, o alt\u0103 patrul\u0103 de poli\u021bie l-a oprit. Aten\u021bia oamenilor legii fusese atras\u0103 de modul haotic \u00een care autoturismul se deplasa. Circul s-a reluat, cu mici varia\u021biuni. C\u00e2nd i s-au cerut actele, Gr\u0103mad\u0103 a replicat c\u0103 permisul \u00eei fusese deja re\u021binut de colegii poli\u021bi\u0219tilor. Aparatul Dr\u00e4ger a indicat 0,87\u2030. \u0218oferul a refuzat din nou prelevarea de mostre biologice \u0219i a refuzat iar s\u0103 semneze ordonan\u021ba de prelevare, manifest\u00e2nd aceea\u0219i atitudine recalcitrant\u0103 \u0219i ostil\u0103 fa\u021b\u0103 de poli\u021bi\u0219ti.<\/p>\n\n\n\n<h2 class=\"wp-block-heading\"><strong>\u00cen fa\u021ba judec\u0103torilor a devenit cooperant<\/strong><\/h2>\n\n\n\n<p>Gr\u0103mad\u0103 a fost trimis \u00een judecat\u0103 pentru dou\u0103 infrac\u021biuni de refuz de prelevare a mostrelor biologice \u0219i pentru conducere f\u0103r\u0103 permis. \u00cen fa\u021ba magistra\u021bilor Judec\u0103toriei s-a ar\u0103tat mult mai cooperant. \u0218i-a recunoscut faptele \u0219i a declarat c\u0103 le regret\u0103. Faptul i-a f\u0103cut pe judec\u0103tori s\u0103 se arate \u00eeng\u0103duitori. \u0218oferul a fost condamnat la un total de 2 ani \u0219i 4 luni de \u00eenchisoare, dar magistra\u021bii au dispus suspendarea execut\u0103rii pedepsei pe durata unui termen de \u00eencercare de trei ani. I-a fost de asemenea interzis dreptul de a conduce autovehicule timp de trei ani. Sentin\u021ba Judec\u0103toriei nu este definitiv\u0103. Gr\u0103mad\u0103 a contestat solu\u021bia judec\u0103torilor. Procesul se va relua \u00een fa\u021ba Cur\u021bii de Apel, la \u00eenceputul lunii viitoare.<\/p>\n\n\n\n<p>Sursa:ziaruldeiasi<\/p>\n","protected":false},"excerpt":{"rendered":"<p>Prins de dou\u0103 ori b\u0103ut la volan \u00een aceea\u0219i sear\u0103, un \u0219ofer s-a comportat de parc\u0103 le f\u0103cea un favor<\/p>\n","protected":false},"author":1,"featured_media":113092,"comment_status":"open","ping_status":"closed","sticky":false,"template":"","format":"standard","meta":{"spay_email":"","footnotes":"","jetpack_publicize_message":""},"categories":[6],"tags":[],"class_list":["post-117871","post","type-post","status-publish","format-standard","has-post-thumbnail","hentry","category-social"],"jetpack_featured_media_url":"https:\/\/i1.wp.com\/realitatearutiera.ro\/wp-content\/uploads\/2024\/07\/soferii-bauti_shutterstock_descopera-5.jpg?fit=1050%2C700","jetpack_publicize_connections":[],"jetpack_sharing_enabled":true,"jetpack_shortlink":"https:\/\/wp.me\/p61naM-uF9","jetpack-related-posts":[],"_links":{"self":[{"href":"http:\/\/realitatearutiera.ro\/index.php?rest_route=\/wp\/v2\/posts\/117871","targetHints":{"allow":["GET"]}}],"collection":[{"href":"http:\/\/realitatearutiera.ro\/index.php?rest_route=\/wp\/v2\/posts"}],"about":[{"href":"http:\/\/realitatearutiera.ro\/index.php?rest_route=\/wp\/v2\/types\/post"}],"author":[{"embeddable":true,"href":"http:\/\/realitatearutiera.ro\/index.php?rest_route=\/wp\/v2\/users\/1"}],"replies":[{"embeddable":true,"href":"http:\/\/realitatearutiera.ro\/index.php?rest_route=%2Fwp%2Fv2%2Fcomments&post=117871"}],"version-history":[{"count":1,"href":"http:\/\/realitatearutiera.ro\/index.php?rest_route=\/wp\/v2\/posts\/117871\/revisions"}],"predecessor-version":[{"id":117872,"href":"http:\/\/realitatearutiera.ro\/index.php?rest_route=\/wp\/v2\/posts\/117871\/revisions\/117872"}],"wp:featuredmedia":[{"embeddable":true,"href":"http:\/\/realitatearutiera.ro\/index.php?rest_route=\/wp\/v2\/media\/113092"}],"wp:attachment":[{"href":"http:\/\/realitatearutiera.ro\/index.php?rest_route=%2Fwp%2Fv2%2Fmedia&parent=117871"}],"wp:term":[{"taxonomy":"category","embeddable":true,"href":"http:\/\/realitatearutiera.ro\/index.php?rest_route=%2Fwp%2Fv2%2Fcategories&post=117871"},{"taxonomy":"post_tag","embeddable":true,"href":"http:\/\/realitatearutiera.ro\/index.php?rest_route=%2Fwp%2Fv2%2Ftags&post=117871"}],"curies":[{"name":"wp","href":"https:\/\/api.w.org\/{rel}","templated":true}]}}