{"id":119178,"date":"2024-12-17T08:39:39","date_gmt":"2024-12-17T06:39:39","guid":{"rendered":"https:\/\/realitatearutiera.ro\/?p=119178"},"modified":"2024-12-17T08:39:41","modified_gmt":"2024-12-17T06:39:41","slug":"vremea-166","status":"publish","type":"post","link":"http:\/\/realitatearutiera.ro\/?p=119178","title":{"rendered":"Vremea"},"content":{"rendered":"\n<p>V\u00e2ntul r\u0103m\u00e2ne insistent \u00een majoritatea regiunilor. \u00cen nord \u0219i \u00een centru se \u00eennoreaz\u0103 \u0219i vin c\u00e2teva ploi slabe, iar la munte vin precipita\u021bii sub toate formele \u0219i se poate forma polei.<\/p>\n\n\n\n<p>Se \u00eenc\u0103lze\u0219te \u00een cea mai mare parte a \u021b\u0103rii, iar maximele pleac\u0103 de la 4-5 grade \u00een depresiunile din est \u0219i ajung la 15-16 grade \u00een sudul \u0219i sud-vestul Rom\u00e2niei.<\/p>\n\n\n\n<p>Vedem ce se \u00eent\u00e2mpl\u0103 \u00een fiecare regiune \u0219i \u00eencepem cu&nbsp;<strong>Dobrogea<\/strong>&nbsp;\u0219i cu B\u0103r\u0103ganul, pe unde g\u0103sim vreme frumoas\u0103, cu soare \u0219i c\u00e2\u021biva nori inofensivi. V\u00e2ntul, \u00eens\u0103, bate destul de tare. Temperaturile, \u00een cre\u0219tere fa\u021b\u0103 de luni, ajung la 13 grade.<\/p>\n\n\n\n<p>\u0218i mai sus, \u00een&nbsp;<strong>Moldova<\/strong>&nbsp;sudic\u0103 \u0219i \u00een nordul Munteniei urmeaz\u0103 o amiaz\u0103 pl\u0103cut\u0103, cu maxime peste normalul perioadei. V\u00e2ntul continu\u0103 s\u0103 agite atmosfera, iar \u00een zona \u00eenalt\u0103 a Carpa\u021bilor de Curbur\u0103 sufla cu p\u00e2n\u0103 la 100 de km\/h.<\/p>\n\n\n\n<p>Temperaturile cresc \u0219i \u00een jum\u0103tatea nordic\u0103 a Moldovei \u0219i \u00een&nbsp;<strong>Bucovina<\/strong>, pe unde se ating tot 13 grade. \u00cen zona Bucovinei \u0219i pe la munte vor fi ceva \u00eennor\u0103ri, poate \u0219i ceva precipita\u021bii slabe, iar v\u00e2ntul are intensific\u0103ri \u00een toat\u0103 provincia.<\/p>\n\n\n\n<p>\u00cen nordul Transilvaniei \u0219i \u00een&nbsp;<strong>Maramure\u0219<\/strong>&nbsp;avem o zi mohor\u00e2t\u0103, cu ploi slabe \u00een zonele joase, dar \u0219i lapovi\u021b\u0103 \u0219i ninsoare &#8211; la munte. V\u00e2ntul mai pierde din intensitate, iar maximele ajung la 10 grade pe la Satu Mare.<\/p>\n\n\n\n<p>\u00cen vestul Rom\u00e2niei vedem pu\u021bin soarele printre nori. \u00cen zona montan\u0103 vor fi ceva precipita\u021bii slabe \u0219i condi\u021bii de polei, iar temperaturile, mai mari fa\u021b\u0103 de ziua trecut\u0103, urc\u0103 p\u00e2n\u0103 la 11 grade.<\/p>\n\n\n\n<p>\u00cen&nbsp;<strong>Transilvania<\/strong>&nbsp;g\u0103sim vreme \u00eenchis\u0103, v\u00e2nt intens \u0219i precipita\u021bii slabe, trec\u0103toare. \u00cen zonele joase plou\u0103, iar la munte apar precipita\u021bii mixte \u0219i se poate forma polei. \u00cen zona \u00eenalt\u0103 a Meridionalilor, v\u00e2ntul spulber\u0103 z\u0103pada cu viteze de 120 de km\/h.<\/p>\n\n\n\n<p>\u00cen&nbsp;<strong>Oltenia<\/strong>&nbsp;se anun\u021b\u0103 o zi frumoas\u0103, \u00eens\u0103 v\u00e2ntul pune probleme \u0219i \u00een aceast\u0103 zon\u0103. Amiaza ne aduce atmosfer\u0103 \u00eensorit\u0103 \u0219i temperaturi cu vreo 8 grade mai mari dec\u00e2t luni.<\/p>\n\n\n\n<p>\u0218i \u00een \u021binuturile sudice se intensific\u0103 v\u00e2ntul. Soarele str\u0103luce\u0219te \u00een cea mai mare parte a zilei, iar maximele ajung la 15, poate chiar 16 grade &#8211; valori cu mult peste normalul perioadei.<\/p>\n\n\n\n<h2 class=\"wp-block-heading\">O zi \u00eensorit\u0103 \u00een Bucure\u0219ti<\/h2>\n\n\n\n<p>\u00cen&nbsp;<strong>Bucure\u0219ti<\/strong>&nbsp;avem o zi \u00eensorit\u0103 \u0219i se \u00eenc\u0103lze\u0219te sim\u021bitor. V\u00e2ntul r\u0103m\u00e2ne destul de insistent, iar maxima ajunge pe la 14 grade. Acum ar trebui s\u0103 fie \u00een jur de 4 grade \u00een Capital\u0103. Peste noapte se domole\u0219te v\u00e2ntul, iar temperatura coboar\u0103 p\u00e2n\u0103 la 2 grade.<\/p>\n\n\n\n<h2 class=\"wp-block-heading\">Viscol puternic \u00een unele zone de la munte<\/h2>\n\n\n\n<p>Temperaturile cresc \u0219i la&nbsp;<strong>munte<\/strong>. Mai vin ceva precipita\u021bii slabe. Se arat\u0103 pu\u021bin \u0219i soarele, iar v\u00e2ntul are intensific\u0103ri sus\u021binute \u00een majoritatea masivelor. \u00cen Carpa\u021bii Orientali \u0219i \u00een Meridionali, la altitudini mari, va fi viscol puternic, cu rafale de 120 de km\/h.<\/p>\n\n\n\n<p>Sursa:stirileprotv<\/p>\n\n\n\n<p><\/p>\n","protected":false},"excerpt":{"rendered":"<p>V\u00e2ntul r\u0103m\u00e2ne insistent \u00een majoritatea regiunilor. \u00cen nord \u0219i \u00een centru se \u00eennoreaz\u0103 \u0219i vin c\u00e2teva ploi slabe, iar la<\/p>\n","protected":false},"author":1,"featured_media":92313,"comment_status":"open","ping_status":"closed","sticky":false,"template":"","format":"standard","meta":{"spay_email":"","footnotes":"","jetpack_publicize_message":""},"categories":[6],"tags":[],"class_list":["post-119178","post","type-post","status-publish","format-standard","has-post-thumbnail","hentry","category-social"],"jetpack_featured_media_url":"https:\/\/i1.wp.com\/realitatearutiera.ro\/wp-content\/uploads\/2022\/11\/2021-11-07-2izqcw-meteo-ploaie-toamna-2-1200x-1024x683-1.jpeg?fit=1024%2C683","jetpack_publicize_connections":[],"jetpack_sharing_enabled":true,"jetpack_shortlink":"https:\/\/wp.me\/p61naM-v0e","jetpack-related-posts":[],"_links":{"self":[{"href":"http:\/\/realitatearutiera.ro\/index.php?rest_route=\/wp\/v2\/posts\/119178","targetHints":{"allow":["GET"]}}],"collection":[{"href":"http:\/\/realitatearutiera.ro\/index.php?rest_route=\/wp\/v2\/posts"}],"about":[{"href":"http:\/\/realitatearutiera.ro\/index.php?rest_route=\/wp\/v2\/types\/post"}],"author":[{"embeddable":true,"href":"http:\/\/realitatearutiera.ro\/index.php?rest_route=\/wp\/v2\/users\/1"}],"replies":[{"embeddable":true,"href":"http:\/\/realitatearutiera.ro\/index.php?rest_route=%2Fwp%2Fv2%2Fcomments&post=119178"}],"version-history":[{"count":1,"href":"http:\/\/realitatearutiera.ro\/index.php?rest_route=\/wp\/v2\/posts\/119178\/revisions"}],"predecessor-version":[{"id":119179,"href":"http:\/\/realitatearutiera.ro\/index.php?rest_route=\/wp\/v2\/posts\/119178\/revisions\/119179"}],"wp:featuredmedia":[{"embeddable":true,"href":"http:\/\/realitatearutiera.ro\/index.php?rest_route=\/wp\/v2\/media\/92313"}],"wp:attachment":[{"href":"http:\/\/realitatearutiera.ro\/index.php?rest_route=%2Fwp%2Fv2%2Fmedia&parent=119178"}],"wp:term":[{"taxonomy":"category","embeddable":true,"href":"http:\/\/realitatearutiera.ro\/index.php?rest_route=%2Fwp%2Fv2%2Fcategories&post=119178"},{"taxonomy":"post_tag","embeddable":true,"href":"http:\/\/realitatearutiera.ro\/index.php?rest_route=%2Fwp%2Fv2%2Ftags&post=119178"}],"curies":[{"name":"wp","href":"https:\/\/api.w.org\/{rel}","templated":true}]}}