{"id":121354,"date":"2025-02-18T09:36:38","date_gmt":"2025-02-18T07:36:38","guid":{"rendered":"https:\/\/realitatearutiera.ro\/?p=121354"},"modified":"2025-02-18T09:36:40","modified_gmt":"2025-02-18T07:36:40","slug":"primaria-iasi-introduce-o-rovinieta-locala-pentru-vehiculele-de-tonaj-greu","status":"publish","type":"post","link":"http:\/\/realitatearutiera.ro\/?p=121354","title":{"rendered":"Prim\u0103ria Ia\u0219i introduce o roviniet\u0103 local\u0103 pentru vehiculele de tonaj greu"},"content":{"rendered":"\n<p>Prim\u0103ria va institui tarife pentru vehiculele de tonaj greu care tranziteaz\u0103 drumurile na\u021bionale din municipiu. Proiectul de hot\u0103r\u00e2re a fost deja \u00eentocmit \u0219i ar putea fi aprobat la finalul lunii februarie \u00een Consiliul Local (CL) Ia\u0219i.<\/p>\n\n\n\n<figure class=\"wp-block-image size-full is-resized\"><img loading=\"lazy\" decoding=\"async\" width=\"800\" height=\"450\" data-attachment-id=\"121355\" data-permalink=\"http:\/\/realitatearutiera.ro\/?attachment_id=121355\" data-orig-file=\"https:\/\/i0.wp.com\/realitatearutiera.ro\/wp-content\/uploads\/2025\/02\/image-32.png?fit=1024%2C576\" data-orig-size=\"1024,576\" data-comments-opened=\"1\" data-image-meta=\"{&quot;aperture&quot;:&quot;0&quot;,&quot;credit&quot;:&quot;&quot;,&quot;camera&quot;:&quot;&quot;,&quot;caption&quot;:&quot;&quot;,&quot;created_timestamp&quot;:&quot;0&quot;,&quot;copyright&quot;:&quot;&quot;,&quot;focal_length&quot;:&quot;0&quot;,&quot;iso&quot;:&quot;0&quot;,&quot;shutter_speed&quot;:&quot;0&quot;,&quot;title&quot;:&quot;&quot;,&quot;orientation&quot;:&quot;0&quot;}\" data-image-title=\"image\" data-image-description=\"\" data-medium-file=\"https:\/\/i0.wp.com\/realitatearutiera.ro\/wp-content\/uploads\/2025\/02\/image-32.png?fit=300%2C169\" data-large-file=\"https:\/\/i0.wp.com\/realitatearutiera.ro\/wp-content\/uploads\/2025\/02\/image-32.png?fit=800%2C450\" src=\"https:\/\/i0.wp.com\/realitatearutiera.ro\/wp-content\/uploads\/2025\/02\/image-32.png?resize=800%2C450&#038;ssl=1\" alt=\"\" class=\"wp-image-121355\" style=\"width:544px;height:auto\" srcset=\"https:\/\/i0.wp.com\/realitatearutiera.ro\/wp-content\/uploads\/2025\/02\/image-32.png?w=1024 1024w, https:\/\/i0.wp.com\/realitatearutiera.ro\/wp-content\/uploads\/2025\/02\/image-32.png?resize=300%2C169 300w, https:\/\/i0.wp.com\/realitatearutiera.ro\/wp-content\/uploads\/2025\/02\/image-32.png?resize=768%2C432 768w\" sizes=\"auto, (max-width: 800px) 100vw, 800px\" data-recalc-dims=\"1\" \/><\/figure>\n\n\n\n<p>Inten\u021bia declarat\u0103 a municipalit\u0103\u021bii este de a descuraja circula\u021bia prin ora\u0219 a vehiculelor cu o mas\u0103 \u00eentre 3,5 tone \u0219i peste 40 tone. Noile tarife vin \u00een&nbsp;<a href=\"https:\/\/www.ziaruldeiasi.ro\/stiri\/regulament-pentru-traficul-greu-din-iasi-traseele-si-sanctiunile-prevazute--119416.html\">completarea celor existente pentru tranzitarea ora\u0219ului pe drumurile locale<\/a>. Fa\u021b\u0103 de acestea din urm\u0103, taxele pentru drumurile na\u021bionale (DN24 \u0219i DN28) trebuie achitate pentru o s\u0103pt\u0103m\u00e2n\u0103, o lun\u0103 sau un an. La drumuri locale, poate fi achitat\u0103 taxa inclusiv pentru o zi de tranzit.<\/p>\n\n\n\n<h2 class=\"wp-block-heading\">Care este valoarea tarifelor<\/h2>\n\n\n\n<p>Tarifele au fost stabilite \u00een func\u021bie de tonaj. Cea mai mic\u0103 tax\u0103 este \u00een cazul vehiculelor cu masa cuprins\u0103 \u00eentre 3,5 \u0219i 12 tone: 315 lei\/s\u0103pt\u0103m\u00e2n\u0103, 1.350 lei\/lun\u0103 sau 16.200 lei\/an. Pentru categoria 12-24 tone, taxa s\u0103pt\u0103m\u00e2nal\u0103 este de 1.050 lei, cea lunar\u0103 de 4.500 lei, iar cea anual\u0103 de 54.000 lei. Nu \u00een ultimul r\u00e2nd, pentru intervalul 24-40 tone, tariful este de 2.100 lei\/s\u0103pt\u0103m\u00e2n\u0103, 9.000 lei\/lun\u0103 \u0219i 108.000 lei\/an. \u00cen ceea ce prive\u0219te vehiculele peste 40 tone, taxa va fi calculat\u0103 \u00een baza mai multor criterii.<\/p>\n\n\n\n<figure class=\"wp-block-image\"><img decoding=\"async\" src=\"https:\/\/i1.wp.com\/media.ziaruldeiasi.ro\/2025\/02\/rovinieta2.jpg?w=800&#038;ssl=1\" alt=\"\" class=\"wp-image-1725810\" data-recalc-dims=\"1\"\/><\/figure>\n\n\n\n<blockquote class=\"wp-block-quote is-layout-flow wp-block-quote-is-layout-flow\">\n<p>\u201eS-a constatat c\u0103 traficul autovehiculelor de mare tonaj are un impact semnificativ asupra infrastructurii locale din Municipiul Ia\u0219i. Aceast\u0103 circula\u021bie intens\u0103 duce la deteriorarea drumurilor, podurilor \u0219i a altor construc\u021bii publice, ceea ce genereaz\u0103 cheltuieli semnificative pentru repara\u021bii \u0219i \u00eentre\u021binere\u201d, se arat\u0103 \u00een proiectul de hot\u0103r\u00e2re.<\/p>\n<\/blockquote>\n\n\n\n<p>Tariful pentru drumurile na\u021bionale se cumuleaz\u0103 cu actuala taxa local\u0103 care asigur\u0103 liber\u0103 trecere pentru&nbsp;<a href=\"https:\/\/www.ziaruldeiasi.ro\/stiri\/iata-cine-strica-asfaltul-de-pe-sosele-cantarele-auto-ale-cj-au-prins-un-peste-de-68-tone--225632.html\">vehicule de tonaj greu<\/a>&nbsp;pe infrastructura local\u0103. Aceasta din urm\u0103 are o valoare cuprins\u0103 \u00eentre 45 lei (3,5-12 tone) \u0219i 299 lei\/zi (peste 35 tone).<\/p>\n\n\n\n<figure class=\"wp-block-image\"><img decoding=\"async\" src=\"https:\/\/i1.wp.com\/media.ziaruldeiasi.ro\/2025\/02\/rovinieta1.jpg?w=800&#038;ssl=1\" alt=\"\" class=\"wp-image-1725811\" data-recalc-dims=\"1\"\/><\/figure>\n\n\n\n<blockquote class=\"wp-block-quote is-layout-flow wp-block-quote-is-layout-flow\">\n<p>\u201ePrin intermediul acestui proiect se urm\u0103re\u0219te alegerea altor trasee de c\u0103tre TIR-uri at\u00e2t la orele de v\u00e2rf, c\u00e2t \u0219i \u00een afara acestora, \u00een sensul ca vehiculele de tonaj mare s\u0103 tranziteze alte trasee din afara ora\u0219ului\u201d, a declarat ieri purt\u0103torul de cuv\u00e2nt al Prim\u0103riei, Sebastian Buraga.<\/p>\n<\/blockquote>\n\n\n\n<p>\u00centrebat dac\u0103 nu este momentul ca municipalitatea s\u0103 scoat\u0103 tonajul greu definitiv din ora\u0219, cel pu\u021bin la orele de v\u00e2rf, prin interzicerea circula\u021biei \u00een anumite intervale orare, oficialul Prim\u0103riei a r\u0103spuns c\u0103 proiectul este \u00een faz\u0103 de consultare public\u0103, iar documentul poate fi modificat \u00een func\u021bie de sugestiile primite. Dezbaterea va \u021bine p\u00e2n\u0103 pe 24 februarie, iar cei interesa\u021bi s\u0103 trimit\u0103 propuneri o pot face la adresa de mail&nbsp;<a href=\"mailto:informatii@primaria-iasi.ro\">informatii@primaria-iasi.ro<\/a>&nbsp;sau la ghi\u0219eele Prim\u0103riei de la Centrul de Informare pentru Cet\u0103\u021beni.<\/p>\n\n\n\n<h2 class=\"wp-block-heading\">Care sunt excep\u021biile: unii \u0219oferi nu vor fi obliga\u021bi s\u0103 achite tariful special<\/h2>\n\n\n\n<blockquote class=\"wp-block-quote is-layout-flow wp-block-quote-is-layout-flow\">\n<p>\u201eTariful de liber\u0103 trecere dispus pe raza Municipiului se aplic\u0103&nbsp;<a href=\"https:\/\/www.ziaruldeiasi.ro\/stiri\/harta-calvarului-din-trafic-nu-am-cuvinte-pentru-ce-au-trait-iesenii-astazi-domnule-primar-treziti-va--367652.html\">datorit\u0103 nepl\u0103cerilor provocate riveranilor<\/a>&nbsp;de c\u0103tre vehiculele de transport marf\u0103 precum \u0219i datorit\u0103 dep\u0103\u0219irii limit\u0103rilor de tonaj impus, care aduc degrad\u0103ri sistemului rutier\u201d, se arat\u0103 \u00een regulamentul care va fi supus aprob\u0103rii consilierilor locali.<\/p>\n<\/blockquote>\n\n\n\n<p>Prim\u0103ria sus\u021bine c\u0103 va utiliza fondurile \u00eencasate din noile tarife pentru proiectarea, administrarea, exploatarea, \u00eentre\u021binerea, repararea \u0219i modernizarea drumurilor publice.<\/p>\n\n\n<div class=\"wp-block-image\">\n<figure class=\"aligncenter\"><img decoding=\"async\" src=\"https:\/\/i1.wp.com\/media.ziaruldeiasi.ro\/2025\/02\/harta-Iasi-1010x1024.jpeg?resize=800%2C811&#038;ssl=1\" alt=\"\" class=\"wp-image-1725882\" data-recalc-dims=\"1\"\/><\/figure>\n<\/div>\n\n\n<p>Sunt exceptate de la plata noilor tarife vehiculele de\u021binute de unele ministere (Ap\u0103r\u0103rii, Interne), servicii secrete (SRI, SIE, SPP \u0219i STS), Administra\u021bia Penitenciarelor, serviciile de urgen\u021b\u0103, Prim\u0103rie \u0219i institu\u021bii din subordine, Control Rutier \u0219i Crucea Ro\u0219ie. De asemenea, sunt scutite de la plat\u0103 vehicule destinate transportului public \u0219i \u0219colar, al\u0103turi de orice tip de ambulan\u021b\u0103 \u0219i utilaje agricole (\u00eenmatriculate \u00een municipiul Ia\u0219i).<\/p>\n\n\n\n<blockquote class=\"wp-block-quote is-layout-flow wp-block-quote-is-layout-flow\">\n<p>\u201ePentru vehiculele cu mas\u0103 maxim\u0103 autorizat\u0103 mai mare de 40 tone, taxele permisului de liber\u0103 trecere se evalueaz\u0103 individual, pe baza solicit\u0103rii realizate de utilizator \u0219i contoriz\u00e2nd masa maxim\u0103 autorizat\u0103, distan\u021ba parcurs\u0103 \u0219i limit\u0103rile de tonaj impuse pe sectoarele respective de drum\u201d, se mai precizeaz\u0103 \u00een regulament.<\/p>\n<\/blockquote>\n\n\n\n<h2 class=\"wp-block-heading\">Care sunt sanc\u021biunile dac\u0103 nu se pl\u0103tesc tarifele<\/h2>\n\n\n\n<p>\u00cen cazul \u00een care \u0219oferii de vehicule cu tonaj mare nu achit\u0103 tarifele impuse prin noul regulament, ace\u0219tia vor fi sanc\u021biona\u021bi cu o amend\u0103 cuprins\u0103 \u00eentre 2.500 \u0219i 5.000 lei. \u00cen acela\u0219i timp, dac\u0103 este dep\u0103\u0219it\u0103 masa maxim\u0103 autorizat\u0103 \u00eenscris\u0103 \u00een &nbsp;liberul de trecere atunci sanc\u021biunea este cuprins\u0103 \u00eentre 2.000 \u0219i 4.000 lei.<\/p>\n\n\n\n<p>Noul regulament ar putea fi aprobat la finalul lunii februarie, av\u00e2nd \u00een vedere c\u0103 perioada de consultare public\u0103 a proiectului de hot\u0103r\u00e2re expir\u0103 pe 24 februarie. Momentul intr\u0103rii \u00een vigoare a noilor tarife va fi stabilit prin intermediul hot\u0103r\u00e2rii care va fi adoptat\u0103 de consilierii locali.<\/p>\n\n\n\n<p>Sursa\/foto:ziaruldeiasi<\/p>\n\n\n\n<p><\/p>\n","protected":false},"excerpt":{"rendered":"<p>Prim\u0103ria va institui tarife pentru vehiculele de tonaj greu care tranziteaz\u0103 drumurile na\u021bionale din municipiu. Proiectul de hot\u0103r\u00e2re a fost<\/p>\n","protected":false},"author":1,"featured_media":121356,"comment_status":"open","ping_status":"closed","sticky":false,"template":"","format":"standard","meta":{"spay_email":"","footnotes":"","jetpack_publicize_message":""},"categories":[6],"tags":[],"class_list":["post-121354","post","type-post","status-publish","format-standard","has-post-thumbnail","hentry","category-social"],"jetpack_featured_media_url":"https:\/\/i2.wp.com\/realitatearutiera.ro\/wp-content\/uploads\/2025\/02\/image-32-1.png?fit=1024%2C576","jetpack_publicize_connections":[],"jetpack_sharing_enabled":true,"jetpack_shortlink":"https:\/\/wp.me\/p61naM-vzk","jetpack-related-posts":[],"_links":{"self":[{"href":"http:\/\/realitatearutiera.ro\/index.php?rest_route=\/wp\/v2\/posts\/121354","targetHints":{"allow":["GET"]}}],"collection":[{"href":"http:\/\/realitatearutiera.ro\/index.php?rest_route=\/wp\/v2\/posts"}],"about":[{"href":"http:\/\/realitatearutiera.ro\/index.php?rest_route=\/wp\/v2\/types\/post"}],"author":[{"embeddable":true,"href":"http:\/\/realitatearutiera.ro\/index.php?rest_route=\/wp\/v2\/users\/1"}],"replies":[{"embeddable":true,"href":"http:\/\/realitatearutiera.ro\/index.php?rest_route=%2Fwp%2Fv2%2Fcomments&post=121354"}],"version-history":[{"count":1,"href":"http:\/\/realitatearutiera.ro\/index.php?rest_route=\/wp\/v2\/posts\/121354\/revisions"}],"predecessor-version":[{"id":121357,"href":"http:\/\/realitatearutiera.ro\/index.php?rest_route=\/wp\/v2\/posts\/121354\/revisions\/121357"}],"wp:featuredmedia":[{"embeddable":true,"href":"http:\/\/realitatearutiera.ro\/index.php?rest_route=\/wp\/v2\/media\/121356"}],"wp:attachment":[{"href":"http:\/\/realitatearutiera.ro\/index.php?rest_route=%2Fwp%2Fv2%2Fmedia&parent=121354"}],"wp:term":[{"taxonomy":"category","embeddable":true,"href":"http:\/\/realitatearutiera.ro\/index.php?rest_route=%2Fwp%2Fv2%2Fcategories&post=121354"},{"taxonomy":"post_tag","embeddable":true,"href":"http:\/\/realitatearutiera.ro\/index.php?rest_route=%2Fwp%2Fv2%2Ftags&post=121354"}],"curies":[{"name":"wp","href":"https:\/\/api.w.org\/{rel}","templated":true}]}}