{"id":123271,"date":"2025-04-09T09:54:42","date_gmt":"2025-04-09T06:54:42","guid":{"rendered":"https:\/\/realitatearutiera.ro\/?p=123271"},"modified":"2025-04-09T09:54:44","modified_gmt":"2025-04-09T06:54:44","slug":"tinerilor-sub-16-ani-le-va-fi-interzisa-utilizarea-functiei-live-a-instagram-cu-exceptia-cazului-in-care-au-permisiunea-parintilor","status":"publish","type":"post","link":"http:\/\/realitatearutiera.ro\/?p=123271","title":{"rendered":"Tinerilor sub 16 ani le va fi interzis\u0103 utilizarea func\u021biei live a Instagram, cu excep\u021bia cazului \u00een care au permisiunea p\u0103rin\u021bilor"},"content":{"rendered":"\n<p>Meta \u00ee\u0219i extinde m\u0103surile de siguran\u021b\u0103 pentru adolescen\u021bi pe Instagram prin interzicerea func\u021biei live a platformei. Compania \u00ee\u0219i va extinde m\u0103surile de protec\u021bie pentru persoanele sub 18 ani \u0219i la platformele Facebook \u0219i Messenger.<img loading=\"lazy\" decoding=\"async\" src=\"https:\/\/i0.wp.com\/cdn.adh.reperio.news\/image-4\/4bff27f7-81e6-4677-9209-f32bcdfe9f2f\/index.jpeg?resize=800%2C429&#038;ssl=1\" alt=\"Noi m\u0103suri de siguran\u021b\u0103 pentru adolescen\u021bi pe Instagram Foto: Shutterstock\" width=\"800\" height=\"429\"  data-recalc-dims=\"1\"><\/p>\n\n\n\n<p>Noi m\u0103suri de siguran\u021b\u0103 pentru adolescen\u021bi pe Instagram Foto: Shutterstock<\/p>\n\n\n\n<p>Tinerilor sub 16 ani le va fi interzis\u0103 utilizarea func\u021biei live a Instagram, cu excep\u021bia cazului \u00een care au permisiunea p\u0103rin\u021bilor. De asemenea, ei vor avea nevoie de permisiunea p\u0103rin\u021bilor pentru a dezactiva o func\u021bie care estompeaz\u0103 imaginile care con\u021bin nuditate suspect\u0103 \u00een conversa\u021biile lor private, potrivit&nbsp;<a href=\"https:\/\/www.theguardian.com\/technology\/2025\/apr\/08\/meta-blocks-livestreaming-by-teenagers-on-instagram\">The Guardian.<\/a><\/p>\n\n\n\n<p>Modific\u0103rile au fost anun\u021bate odat\u0103 cu extinderea sistemului de conturi pentru adolescen\u021bi al Instagram la Facebook \u0219i Messenger.<\/p>\n\n\n\n<p><a href=\"https:\/\/adevarul.ro\/stiri-interne\/societate\/instagram-sporeste-controlul-parental-asupra-2388873.html\">Conturile pentru adolescen\u021bi<\/a>&nbsp;au fost introduse anul trecut \u0219i au activat automat set\u0103ri care permit p\u0103rin\u021bilor s\u0103 stabileasc\u0103 limite zilnice de timp pentru utilizarea aplica\u021biilor, s\u0103 blocheze accesul adolescen\u021bilor la Instagram \u00een anumite ore \u0219i s\u0103 vad\u0103 cu cine schimb\u0103 mesaje copiii lor.<\/p>\n\n\n\n<p>Conturile Facebook \u0219i Messenger pentru adolescen\u021bi vor fi lansate ini\u021bial \u00een SUA, Regatul Unit, Australia \u0219i Canada. La fel ca \u00een cazul conturilor Instagram, utilizatorii cu v\u00e2rsta sub 16 ani vor avea nevoie de permisiunea p\u0103rin\u021bilor pentru a modifica set\u0103rile, \u00een timp ce persoanele de 16 \u0219i 17 ani c\u0103rora li s-au introdus noile func\u021bii vor putea s\u0103 le modifice independent.<\/p>\n\n\n\n<p>Conturile Instagram pentru adolescen\u021bi au fost utilizate de 54 de milioane de tineri sub 18 ani din \u00eentreaga lume,&nbsp;<a href=\"https:\/\/adevarul.ro\/stiri-interne\/societate\/studiu-alarmant-copiii-intra-pe-retelele-sociale-2432193.html\">mai mult de 90% dintre cei cu v\u00e2rste cuprinse \u00eentre 13 \u0219i 15 ani<\/a>&nbsp;p\u0103str\u00e2nd restric\u021biile aplica\u021biei, potrivit Meta, compania care de\u021bine \u0219i opereaz\u0103, printre altele, Facebook, Instagram, Threads \u0219i WhatsApp.<\/p>\n\n\n\n<p>NSPCC, o organiza\u021bie caritabil\u0103 pentru protec\u021bia copilului, a declarat c\u0103 salut\u0103 extinderea m\u0103surilor, dar a declarat c\u0103 Meta trebuie s\u0103 fac\u0103 mai multe eforturi pentru a preveni apari\u021bia materialelor d\u0103un\u0103toare pe platformele sale.<\/p>\n\n\n\n<p>\u201e<em>Pentru ca aceste schimb\u0103ri s\u0103 fie cu adev\u0103rat eficiente, ele trebuie s\u0103 fie combinate cu m\u0103suri proactive, astfel \u00eenc\u00e2t con\u021binutul periculos s\u0103 nu prolifereze pe Instagram, Facebook \u0219i Messenger \u00een primul r\u00e2nd<\/em>\u201d, a declarat \u0219eful asociat al politicii pentru siguran\u021ba copiilor online la NSPCC, Matthew Sowemimo.<\/p>\n\n\n\n<p>Sursa:adevarul Foto:Shutterstock<\/p>\n\n\n\n<p><\/p>\n","protected":false},"excerpt":{"rendered":"<p>Meta \u00ee\u0219i extinde m\u0103surile de siguran\u021b\u0103 pentru adolescen\u021bi pe Instagram prin interzicerea func\u021biei live a platformei. Compania \u00ee\u0219i va extinde<\/p>\n","protected":false},"author":1,"featured_media":123272,"comment_status":"open","ping_status":"closed","sticky":false,"template":"","format":"standard","meta":{"spay_email":"","footnotes":"","jetpack_publicize_message":""},"categories":[6],"tags":[],"class_list":["post-123271","post","type-post","status-publish","format-standard","has-post-thumbnail","hentry","category-social"],"jetpack_featured_media_url":"http:\/\/realitatearutiera.ro\/wp-content\/uploads\/2025\/04\/index-2-1.webp","jetpack_publicize_connections":[],"jetpack_sharing_enabled":true,"jetpack_shortlink":"https:\/\/wp.me\/p61naM-w4f","jetpack-related-posts":[],"_links":{"self":[{"href":"http:\/\/realitatearutiera.ro\/index.php?rest_route=\/wp\/v2\/posts\/123271","targetHints":{"allow":["GET"]}}],"collection":[{"href":"http:\/\/realitatearutiera.ro\/index.php?rest_route=\/wp\/v2\/posts"}],"about":[{"href":"http:\/\/realitatearutiera.ro\/index.php?rest_route=\/wp\/v2\/types\/post"}],"author":[{"embeddable":true,"href":"http:\/\/realitatearutiera.ro\/index.php?rest_route=\/wp\/v2\/users\/1"}],"replies":[{"embeddable":true,"href":"http:\/\/realitatearutiera.ro\/index.php?rest_route=%2Fwp%2Fv2%2Fcomments&post=123271"}],"version-history":[{"count":1,"href":"http:\/\/realitatearutiera.ro\/index.php?rest_route=\/wp\/v2\/posts\/123271\/revisions"}],"predecessor-version":[{"id":123273,"href":"http:\/\/realitatearutiera.ro\/index.php?rest_route=\/wp\/v2\/posts\/123271\/revisions\/123273"}],"wp:featuredmedia":[{"embeddable":true,"href":"http:\/\/realitatearutiera.ro\/index.php?rest_route=\/wp\/v2\/media\/123272"}],"wp:attachment":[{"href":"http:\/\/realitatearutiera.ro\/index.php?rest_route=%2Fwp%2Fv2%2Fmedia&parent=123271"}],"wp:term":[{"taxonomy":"category","embeddable":true,"href":"http:\/\/realitatearutiera.ro\/index.php?rest_route=%2Fwp%2Fv2%2Fcategories&post=123271"},{"taxonomy":"post_tag","embeddable":true,"href":"http:\/\/realitatearutiera.ro\/index.php?rest_route=%2Fwp%2Fv2%2Ftags&post=123271"}],"curies":[{"name":"wp","href":"https:\/\/api.w.org\/{rel}","templated":true}]}}