{"id":124451,"date":"2025-05-15T09:05:29","date_gmt":"2025-05-15T06:05:29","guid":{"rendered":"https:\/\/realitatearutiera.ro\/?p=124451"},"modified":"2025-05-15T09:05:32","modified_gmt":"2025-05-15T06:05:32","slug":"un-tir-incarcat-cu-praf-de-piatra-s-a-rasturnat-intr-o-rapa-la-bicaz","status":"publish","type":"post","link":"http:\/\/realitatearutiera.ro\/?p=124451","title":{"rendered":"Un TIR \u00eenc\u0103rcat cu praf de piatr\u0103 s-a r\u0103sturnat \u00eentr-o r\u00e2p\u0103 la Bicaz"},"content":{"rendered":"\n<h3 class=\"wp-block-heading\" id=\"soferul-s-a-salvat-in-ultima-clipa-interventie-rapida-a-pompierilor\">\u0218oferul s-a salvat \u00een ultima clip\u0103. Interven\u021bie rapid\u0103 a pompierilor.<\/h3>\n\n\n\n<figure class=\"wp-block-image size-large is-resized\"><img loading=\"lazy\" decoding=\"async\" width=\"800\" height=\"600\" data-attachment-id=\"124452\" data-permalink=\"http:\/\/realitatearutiera.ro\/?attachment_id=124452\" data-orig-file=\"https:\/\/i2.wp.com\/realitatearutiera.ro\/wp-content\/uploads\/2025\/05\/image-35.png?fit=1600%2C1200\" data-orig-size=\"1600,1200\" data-comments-opened=\"1\" data-image-meta=\"{&quot;aperture&quot;:&quot;0&quot;,&quot;credit&quot;:&quot;&quot;,&quot;camera&quot;:&quot;&quot;,&quot;caption&quot;:&quot;&quot;,&quot;created_timestamp&quot;:&quot;0&quot;,&quot;copyright&quot;:&quot;&quot;,&quot;focal_length&quot;:&quot;0&quot;,&quot;iso&quot;:&quot;0&quot;,&quot;shutter_speed&quot;:&quot;0&quot;,&quot;title&quot;:&quot;&quot;,&quot;orientation&quot;:&quot;0&quot;}\" data-image-title=\"image\" data-image-description=\"\" data-medium-file=\"https:\/\/i2.wp.com\/realitatearutiera.ro\/wp-content\/uploads\/2025\/05\/image-35.png?fit=300%2C225\" data-large-file=\"https:\/\/i2.wp.com\/realitatearutiera.ro\/wp-content\/uploads\/2025\/05\/image-35.png?fit=800%2C600\" src=\"https:\/\/i0.wp.com\/realitatearutiera.ro\/wp-content\/uploads\/2025\/05\/image-35-1024x768.png?resize=800%2C600&#038;ssl=1\" alt=\"\" class=\"wp-image-124452\" style=\"width:547px;height:auto\" srcset=\"https:\/\/i2.wp.com\/realitatearutiera.ro\/wp-content\/uploads\/2025\/05\/image-35.png?resize=1024%2C768 1024w, https:\/\/i2.wp.com\/realitatearutiera.ro\/wp-content\/uploads\/2025\/05\/image-35.png?resize=300%2C225 300w, https:\/\/i2.wp.com\/realitatearutiera.ro\/wp-content\/uploads\/2025\/05\/image-35.png?resize=768%2C576 768w, https:\/\/i2.wp.com\/realitatearutiera.ro\/wp-content\/uploads\/2025\/05\/image-35.png?resize=1536%2C1152 1536w, https:\/\/i2.wp.com\/realitatearutiera.ro\/wp-content\/uploads\/2025\/05\/image-35.png?w=1600 1600w\" sizes=\"auto, (max-width: 800px) 100vw, 800px\" data-recalc-dims=\"1\" \/><\/figure>\n\n\n\n<p><strong>Un TIR \u00eenc\u0103rcat cu praf de piatr\u0103 a ie\u0219it de pe carosabil \u0219i a plonjat 10 metri \u00eentr-o r\u00e2p\u0103. \u0218oferul a sc\u0103pat ca prin minune.<\/strong><\/p>\n\n\n\n<p>La ora 08:49, prin apel la 112 a fost anun\u021bat un eveniment rutier produs DN 15, la ie\u0219irea din satul Potoci (ora\u0219ul Bicaz). Un autotren \u00eenc\u0103rcat cu praf de piatr\u0103 a p\u0103r\u0103sit partea carosabil\u0103 \u0219i s-a r\u0103sturnat \u00eentr-o r\u00e2p\u0103, la aproximativ 10 m. \u00cen autotren se afla doar conduc\u0103torul auto care s-a autoevacuat p\u00e2n\u0103 la sosirea for\u021belor de interven\u021bie. B\u0103rbatul de 26 de ani nu a necesitat \u00eengrijiri medicale. La locul solicit\u0103rii au fost alocate for\u021be \u0219i mijloace de interven\u021bie de la SVSU Bicaz, Deta\u0219amentul de pompieri Piatra-Neam\u021b, IPJ \u0219i SDN Neam\u021b. Pompierii au ac\u021bionat pentru asigurarea m\u0103surilor de prevenire \u0219i stingere a incendiilor.<\/p>\n\n\n\n<p>Sursa:monitorulneamt<\/p>\n","protected":false},"excerpt":{"rendered":"<p>\u0218oferul s-a salvat \u00een ultima clip\u0103. Interven\u021bie rapid\u0103 a pompierilor. Un TIR \u00eenc\u0103rcat cu praf de piatr\u0103 a ie\u0219it de<\/p>\n","protected":false},"author":1,"featured_media":116078,"comment_status":"open","ping_status":"closed","sticky":false,"template":"","format":"standard","meta":{"spay_email":"","footnotes":"","jetpack_publicize_message":""},"categories":[1],"tags":[],"class_list":["post-124451","post","type-post","status-publish","format-standard","has-post-thumbnail","hentry","category-uncategorized"],"jetpack_featured_media_url":"https:\/\/i1.wp.com\/realitatearutiera.ro\/wp-content\/uploads\/2024\/09\/accident.jpg?fit=630%2C365","jetpack_publicize_connections":[],"jetpack_sharing_enabled":true,"jetpack_shortlink":"https:\/\/wp.me\/p61naM-wnh","jetpack-related-posts":[],"_links":{"self":[{"href":"http:\/\/realitatearutiera.ro\/index.php?rest_route=\/wp\/v2\/posts\/124451","targetHints":{"allow":["GET"]}}],"collection":[{"href":"http:\/\/realitatearutiera.ro\/index.php?rest_route=\/wp\/v2\/posts"}],"about":[{"href":"http:\/\/realitatearutiera.ro\/index.php?rest_route=\/wp\/v2\/types\/post"}],"author":[{"embeddable":true,"href":"http:\/\/realitatearutiera.ro\/index.php?rest_route=\/wp\/v2\/users\/1"}],"replies":[{"embeddable":true,"href":"http:\/\/realitatearutiera.ro\/index.php?rest_route=%2Fwp%2Fv2%2Fcomments&post=124451"}],"version-history":[{"count":1,"href":"http:\/\/realitatearutiera.ro\/index.php?rest_route=\/wp\/v2\/posts\/124451\/revisions"}],"predecessor-version":[{"id":124453,"href":"http:\/\/realitatearutiera.ro\/index.php?rest_route=\/wp\/v2\/posts\/124451\/revisions\/124453"}],"wp:featuredmedia":[{"embeddable":true,"href":"http:\/\/realitatearutiera.ro\/index.php?rest_route=\/wp\/v2\/media\/116078"}],"wp:attachment":[{"href":"http:\/\/realitatearutiera.ro\/index.php?rest_route=%2Fwp%2Fv2%2Fmedia&parent=124451"}],"wp:term":[{"taxonomy":"category","embeddable":true,"href":"http:\/\/realitatearutiera.ro\/index.php?rest_route=%2Fwp%2Fv2%2Fcategories&post=124451"},{"taxonomy":"post_tag","embeddable":true,"href":"http:\/\/realitatearutiera.ro\/index.php?rest_route=%2Fwp%2Fv2%2Ftags&post=124451"}],"curies":[{"name":"wp","href":"https:\/\/api.w.org\/{rel}","templated":true}]}}