{"id":124456,"date":"2025-05-15T09:18:31","date_gmt":"2025-05-15T06:18:31","guid":{"rendered":"https:\/\/realitatearutiera.ro\/?p=124456"},"modified":"2025-05-15T09:18:34","modified_gmt":"2025-05-15T06:18:34","slug":"21-de-judete-intra-de-la-ora-10-00-sub-avertizare-cod-galben-de-ploi-si-vijelii","status":"publish","type":"post","link":"http:\/\/realitatearutiera.ro\/?p=124456","title":{"rendered":"21 de jude\u021be intr\u0103 de la ora 10.00 sub avertizare cod galben de ploi \u0219i vijelii"},"content":{"rendered":"\n<p>\u00cen aceast\u0103 diminea\u0163\u0103, de la ora 10.00, intr\u0103 \u00een vigoare un cod galben de ploi \u015fi vijelii \u00een 21 de jude\u0163e. De asemenea, o informare de&nbsp;intensific\u0103ri ale v\u00e2ntului, precipita\u021bii moderate cantitativ, mixte la munte, r\u0103cire accentuat\u0103 este valabil\u0103 de joi p\u00e2n\u0103 s\u00e2mb\u0103t\u0103 la pr\u00e2nz.<a href=\"https:\/\/observatornews.ro\/autori\/redactia-observator-id29.html\"><\/a><\/p>\n\n\n\n<p>Meteorologii au emis o avertizare cod galben de ploi \u0219i vijelii valabil\u0103 joi \u00een 21 de jude\u021be. La nivelul \u00eentregii \u021b\u0103ri, vremea se r\u0103ce\u0219te din nou, vor fi ploi \u0219i v\u00e2nt, iar \u00een zone montane va ninge.<\/p>\n\n\n\n<p>Potrivit&nbsp;<a href=\"https:\/\/www.meteoromania.ro\/avertizari\/\" target=\"_blank\" rel=\"noreferrer noopener\">ANM<\/a>, codul galben vizeaz\u0103 jude\u021bele&nbsp;<strong>Satu Mare, Maramure\u0219, Bistri\u021ba-N\u0103s\u0103ud, Mure\u0219, Harghita, Alba, Cluj, S\u0103laj, Bihor, Arad, Hunedoara, Timi\u0219, Cara\u0219-Severin, Suceava, Neam\u021b, Vrancea, Gala\u021bi, Buz\u0103u, Br\u0103ila, Tulcea \u0219i Constan\u021ba.<\/strong><\/p>\n\n\n\n<p>\u00cen aceste zone instabilitatea atmosferic\u0103 se va accentua \u0219i vor fi averse ce vor avea \u0219i caracter toren\u021bial (cantit\u0103\u021bi de ap\u0103 de 15&#8230;20 l\/mp \u00een intervale scurte de timp), desc\u0103rc\u0103ri electrice, c\u0103deri de grindin\u0103, intensific\u0103ri ale v\u00e2ntului \u0219i vijelii, \u00een general cu viteze de 50&#8230;70 km\/h. \u00cen zona montan\u0103 \u00eenalt\u0103 rafalele vor dep\u0103\u0219i 80&#8230;90 km\/h. V\u00e2ntul se va intensifica treptat \u0219i \u00een Dobrogea, nord-estul Munteniei \u0219i sudul Moldovei, cu viteze de 50&#8230;60 km\/h.<\/p>\n\n\n\n<p>Avertizarea este \u00een vigoare joi de la ora 10.00 la ora 22.00.<\/p>\n\n\n\n<figure class=\"wp-block-image\"><img decoding=\"async\" src=\"https:\/\/img.observatornews.ro\/?u=https%3A%2F%2Fobservatornews.ro%2Fuploads%2Fmodules%2Fnews%2F0%2F2025%2F5%2F15%2F619455%2Fharta-cod-galben-d760b139.jpg&amp;w=800\" alt=\"\"\/><\/figure>\n\n\n\n<p>Harta jude\u021belor afectate de codul galben de vreme sever\u0103<\/p>\n\n\n\n<p>meteoromania.ro<\/p>\n\n\n\n<h2 class=\"wp-block-heading\">Ploi, vijelii, lapovi\u0163\u0103 \u015fi ninsori \u00een toat\u0103 \u0163ara, de joi diminea\u0163\u0103<\/h2>\n\n\n\n<p>Tot de joi diminea\u021ba p\u00e2n\u0103 s\u00e2mb\u0103t\u0103 la ora 12.00, \u00een \u00eentreaga \u021bar\u0103 va fi valabil\u0103 o informare meteorologic\u0103.&nbsp;Conform acesteia, pe parcursul zilei de joi (15 mai) v\u00e2ntul va prezenta intensific\u0103ri \u00een cea mai mare parte a \u021b\u0103rii, iar vineri \u00eendeosebi \u00een regiunile sudice \u0219i sud-estice. Vor fi viteze \u00een general de 40&#8230;50 km\/h, iar \u00een zona montan\u0103 rafalele vor dep\u0103\u0219i 60&#8230;70 km\/h.<\/p>\n\n\n\n<p>Ploile se vor extinde dinspre nordul teritoriului \u0219i vor cuprinde joi regiunile vestice, nordice \u0219i centrale, iar vineri sudul, centrul \u0219i estul \u021b\u0103rii. Vor fi mai ales averse, \u00eenso\u021bite \u0219i de desc\u0103rc\u0103ri electrice, iar \u00een intervale scurte de timp sau prin acumulare vor fi cantit\u0103\u021bi de ap\u0103 de 15&#8230;25 l\/mp \u0219i pe arii restr\u00e2nse de peste 35 l\/mp.&nbsp;\u00cen Carpa\u021bii Orientali \u0219i \u00een Carpa\u021bii Meridionali, \u00een general la altitudini mai mari de 1500 m vor fi \u0219i precipita\u021bii sub form\u0103 de lapovi\u021b\u0103 \u0219i ninsoare \u0219i local se va depune strat de z\u0103pad\u0103.&nbsp;\u00cencep\u00e2nd de vineri vremea se va r\u0103ci din nou, iar valorile termice se vor situa cu mult sub mediile multianuale specifice acestei perioade. Vor fi maxime cuprinse \u00een general \u00eentre 10 \u0219i 19 grade \u0219i minime \u00eentre 1 \u0219i 10 grade, cu cele mai sc\u0103zute valori \u00een depresiuni.<\/p>\n\n\n\n<h2 class=\"wp-block-heading\">Vremea se r\u0103ce\u0219te \u015fi \u00een Bucure\u0219ti, \u00een urm\u0103toarele zile<\/h2>\n\n\n\n<p>Vremea se r\u0103ce\u0219te \u00een Bucure\u0219ti \u00een urm\u0103toarele zile, anun\u021b\u0103 meteorologii. Astfel, s\u00e2mb\u0103t\u0103 temperatura maxim\u0103 se va situa \u00een jurul valorii de 14 grade, cerul va fi noros \u0219i trec\u0103tor va ploua slab, iar v\u00e2ntul va sufla slab p\u00e2n\u0103 la moderat.&nbsp;<strong>Joi<\/strong>, vremea va continua s\u0103 se \u00eenc\u0103lzeasc\u0103, astfel c\u0103 valorile termice vor fi apropiate de mediile climatologice specifice pentru jum\u0103tatea lunii mai. Temperatura maxim\u0103 se va situa \u00een jurul valorii 24 de grade, iar cea minim\u0103 va fi de 9&#8230;11 grade. Cerul va fi variabil cu unele \u00eennor\u0103ri spre finalul intervalului. V\u00e2ntul va sufla slab \u0219i moderat.<\/p>\n\n\n\n<p><strong>Vineri<\/strong>, vremea se va r\u0103ci, astfel c\u0103 valorile termice se vor situa sub cele normale pentru a doua decad\u0103 a lunii mai. Cerul va fi mai mult noros; din orele amiezii va ploua \u0219i se vor acumula cantit\u0103\u021bi de ap\u0103 moderate (10&#8230;20 l\/mp). V\u00e2ntul va sufla moderat, cu intensific\u0103ri mai ales ziua, c\u00e2nd se vor atinge viteze de 40&#8230;50 km\/h. Temperatura maxim\u0103 va fi de 18&#8230;19 grade, iar cea minim\u0103 de 9&#8230;10 grade.&nbsp;Valorile termice vor continua s\u0103 scad\u0103, vremea devenind&nbsp;<strong>s\u00e2mb\u0103t\u0103<\/strong>&nbsp;deosebit de rece pentru a doua jum\u0103tate a lunii mai. Temperatura maxim\u0103 se va situa \u00een jurul valorii de 14 grade. Cerul va fi noros \u0219i trec\u0103tor va ploua slab. V\u00e2ntul va&nbsp;sufla slab p\u00e2n\u0103 la moderat.<\/p>\n\n\n\n<p>Sursa\/foto:observatornews<\/p>\n\n\n\n<p><\/p>\n","protected":false},"excerpt":{"rendered":"<p>\u00cen aceast\u0103 diminea\u0163\u0103, de la ora 10.00, intr\u0103 \u00een vigoare un cod galben de ploi \u015fi vijelii \u00een 21 de<\/p>\n","protected":false},"author":1,"featured_media":124457,"comment_status":"open","ping_status":"closed","sticky":false,"template":"","format":"standard","meta":{"spay_email":"","footnotes":"","jetpack_publicize_message":""},"categories":[6],"tags":[],"class_list":["post-124456","post","type-post","status-publish","format-standard","has-post-thumbnail","hentry","category-social"],"jetpack_featured_media_url":"https:\/\/i0.wp.com\/realitatearutiera.ro\/wp-content\/uploads\/2025\/05\/img.jpg?fit=1200%2C675","jetpack_publicize_connections":[],"jetpack_sharing_enabled":true,"jetpack_shortlink":"https:\/\/wp.me\/p61naM-wnm","jetpack-related-posts":[],"_links":{"self":[{"href":"http:\/\/realitatearutiera.ro\/index.php?rest_route=\/wp\/v2\/posts\/124456","targetHints":{"allow":["GET"]}}],"collection":[{"href":"http:\/\/realitatearutiera.ro\/index.php?rest_route=\/wp\/v2\/posts"}],"about":[{"href":"http:\/\/realitatearutiera.ro\/index.php?rest_route=\/wp\/v2\/types\/post"}],"author":[{"embeddable":true,"href":"http:\/\/realitatearutiera.ro\/index.php?rest_route=\/wp\/v2\/users\/1"}],"replies":[{"embeddable":true,"href":"http:\/\/realitatearutiera.ro\/index.php?rest_route=%2Fwp%2Fv2%2Fcomments&post=124456"}],"version-history":[{"count":1,"href":"http:\/\/realitatearutiera.ro\/index.php?rest_route=\/wp\/v2\/posts\/124456\/revisions"}],"predecessor-version":[{"id":124458,"href":"http:\/\/realitatearutiera.ro\/index.php?rest_route=\/wp\/v2\/posts\/124456\/revisions\/124458"}],"wp:featuredmedia":[{"embeddable":true,"href":"http:\/\/realitatearutiera.ro\/index.php?rest_route=\/wp\/v2\/media\/124457"}],"wp:attachment":[{"href":"http:\/\/realitatearutiera.ro\/index.php?rest_route=%2Fwp%2Fv2%2Fmedia&parent=124456"}],"wp:term":[{"taxonomy":"category","embeddable":true,"href":"http:\/\/realitatearutiera.ro\/index.php?rest_route=%2Fwp%2Fv2%2Fcategories&post=124456"},{"taxonomy":"post_tag","embeddable":true,"href":"http:\/\/realitatearutiera.ro\/index.php?rest_route=%2Fwp%2Fv2%2Ftags&post=124456"}],"curies":[{"name":"wp","href":"https:\/\/api.w.org\/{rel}","templated":true}]}}