{"id":126274,"date":"2025-07-25T08:53:14","date_gmt":"2025-07-25T05:53:14","guid":{"rendered":"https:\/\/realitatearutiera.ro\/?p=126274"},"modified":"2025-07-25T08:53:16","modified_gmt":"2025-07-25T05:53:16","slug":"lucrari-de-asfaltare-pe-strada-castanilor-vaslui","status":"publish","type":"post","link":"http:\/\/realitatearutiera.ro\/?p=126274","title":{"rendered":"Lucr\u0103ri de asfaltare pe strada Castanilor, Vaslui"},"content":{"rendered":"\n<p><strong>De m\u00e2ine, ast\u0103zi, 25 iulie, ora 12, p\u00e2n\u0103 s\u00e2mb\u0103t\u0103, 26 iulie, ora 8, \u00een municipiul Vaslui se vor efectua lucr\u0103ri de asfaltare pe strada Castanilor, care va fi, prin urmare, \u00eenchis\u0103. Traficul va fi oprit pe segmentul cuprins \u00eentre intersec\u021bia cu strada C\u0103lug\u0103reni (zona Lukoil) \u0219i intersec\u021bia cu strada Slt. Ioanesei Adrian.<\/strong><\/p>\n\n\n\n<figure class=\"wp-block-image\"><img decoding=\"async\" src=\"https:\/\/i2.wp.com\/www.monitoruldevaslui.ro\/wp-content\/uploads\/2013\/07\/asfaltare.jpg?w=800&#038;ssl=1\" alt=\"\" class=\"wp-image-36096\" data-recalc-dims=\"1\"\/><\/figure>\n\n\n\n<p>\u0218oferii sunt ruga\u021bi s\u0103 evite zona \u0219i s\u0103 apeleze la rute alternative. Prim\u0103ria Vaslui \u00ee\u0219i cere scuze pentru disconfort \u0219i mul\u021bume\u0219te pentru \u00een\u021belegere.&nbsp;<\/p>\n\n\n\n<p>\u201e\u00cen perioada vineri, 25 iulie, ora 12:00 \u2013 s\u00e2mb\u0103t\u0103, 26 iulie, ora 08:00, se efectueaz\u0103 lucr\u0103ri de asfaltare. Traficul va fi \u00eenchis pe segmentul cuprins \u00eentre: intersec\u021bia cu str. C\u0103lug\u0103reni (zona Lukoil) \u0219i intersec\u021bia cu str. Slt. Ioanesei Adrian. V\u0103 rug\u0103m s\u0103 evita\u021bi zona \u0219i s\u0103 folosi\u021bi rute alternative. Ne cerem scuze pentru disconfort \u0219i v\u0103 mul\u021bumim pentru \u00een\u021belegere! V\u0103 rug\u0103m s\u0103 distribui\u021bi informa\u021bia!\u201d, transmite Prim\u0103ria Vaslui.<\/p>\n\n\n\n<p>Sursa:monitorulvaslui<\/p>\n\n\n\n<p><\/p>\n","protected":false},"excerpt":{"rendered":"<p>De m\u00e2ine, ast\u0103zi, 25 iulie, ora 12, p\u00e2n\u0103 s\u00e2mb\u0103t\u0103, 26 iulie, ora 8, \u00een municipiul Vaslui se vor efectua lucr\u0103ri<\/p>\n","protected":false},"author":1,"featured_media":101639,"comment_status":"open","ping_status":"closed","sticky":false,"template":"","format":"standard","meta":{"spay_email":"","footnotes":"","jetpack_publicize_message":""},"categories":[54],"tags":[],"class_list":["post-126274","post","type-post","status-publish","format-standard","has-post-thumbnail","hentry","category-informatii-rutiere"],"jetpack_featured_media_url":"https:\/\/i0.wp.com\/realitatearutiera.ro\/wp-content\/uploads\/2023\/08\/infotrafic-e1535778443522.jpg?fit=332%2C231","jetpack_publicize_connections":[],"jetpack_sharing_enabled":true,"jetpack_shortlink":"https:\/\/wp.me\/p61naM-wQG","jetpack-related-posts":[],"_links":{"self":[{"href":"http:\/\/realitatearutiera.ro\/index.php?rest_route=\/wp\/v2\/posts\/126274","targetHints":{"allow":["GET"]}}],"collection":[{"href":"http:\/\/realitatearutiera.ro\/index.php?rest_route=\/wp\/v2\/posts"}],"about":[{"href":"http:\/\/realitatearutiera.ro\/index.php?rest_route=\/wp\/v2\/types\/post"}],"author":[{"embeddable":true,"href":"http:\/\/realitatearutiera.ro\/index.php?rest_route=\/wp\/v2\/users\/1"}],"replies":[{"embeddable":true,"href":"http:\/\/realitatearutiera.ro\/index.php?rest_route=%2Fwp%2Fv2%2Fcomments&post=126274"}],"version-history":[{"count":1,"href":"http:\/\/realitatearutiera.ro\/index.php?rest_route=\/wp\/v2\/posts\/126274\/revisions"}],"predecessor-version":[{"id":126275,"href":"http:\/\/realitatearutiera.ro\/index.php?rest_route=\/wp\/v2\/posts\/126274\/revisions\/126275"}],"wp:featuredmedia":[{"embeddable":true,"href":"http:\/\/realitatearutiera.ro\/index.php?rest_route=\/wp\/v2\/media\/101639"}],"wp:attachment":[{"href":"http:\/\/realitatearutiera.ro\/index.php?rest_route=%2Fwp%2Fv2%2Fmedia&parent=126274"}],"wp:term":[{"taxonomy":"category","embeddable":true,"href":"http:\/\/realitatearutiera.ro\/index.php?rest_route=%2Fwp%2Fv2%2Fcategories&post=126274"},{"taxonomy":"post_tag","embeddable":true,"href":"http:\/\/realitatearutiera.ro\/index.php?rest_route=%2Fwp%2Fv2%2Ftags&post=126274"}],"curies":[{"name":"wp","href":"https:\/\/api.w.org\/{rel}","templated":true}]}}