{"id":126755,"date":"2025-08-06T10:59:47","date_gmt":"2025-08-06T07:59:47","guid":{"rendered":"https:\/\/realitatearutiera.ro\/?p=126755"},"modified":"2025-08-06T11:00:04","modified_gmt":"2025-08-06T08:00:04","slug":"accident-pe-a1-sebes-deva-au-fost-ranite-trei-persoane","status":"publish","type":"post","link":"http:\/\/realitatearutiera.ro\/?p=126755","title":{"rendered":"Accident pe A1 Sebe\u0219-Deva. Au fost r\u0103nite trei persoane"},"content":{"rendered":"\n<p id=\"p-1\"><strong>Accident pe autostrada A1 Sebe\u0219-Deva, mar\u021bi seara. O fat\u0103 de 14 ani a r\u0103mas prins\u0103 \u00een caroseria unei dube, dup\u0103 impact cu alt autovehicul. La fa\u021ba locului au intervenit pompierii \u0219i echipaje de prim-ajutor.<\/strong><\/p>\n\n\n\n<p id=\"p-2\">Potrivit ISU Hunedoara, accidentul s-a petrecut la kilometrul 340 pe sensul de mers Or\u0103\u0219tie (Sebe\u0219) \u2013 Deva.<\/p>\n\n\n\n<p id=\"p-3\">\u00cen evenimentul rutier au fost implicate dou\u0103 autovehicule: o dub\u0103 \u00een care se aflau 6 persoane \u0219i o autoutilitar\u0103 cu 3 persoane, inclusiv conduc\u0103torul auto.<\/p>\n\n\n\n<p id=\"p-4\">\u00cen momentul impactului, cele trei persoane din autoutilitar\u0103 se aflau \u00een afara acesteia, \u00een urma unei defec\u021biuni tehnice a autovehiculului, astfel c\u0103 nu au fost afectate \u00een urma coliziunii.<\/p>\n\n\n\n<figure class=\"wp-block-image\"><img decoding=\"async\" src=\"https:\/\/i0.wp.com\/alba24.ro\/wp-content\/uploads\/2025\/08\/wer23.46.37.jpeg?w=800&#038;ssl=1\" alt=\"\" class=\"wp-image-1093875\" data-recalc-dims=\"1\"\/><\/figure>\n\n\n\n<p id=\"p-6\">Toate persoanele implicate \u00een accident au fost evaluate medical.<\/p>\n\n\n\n<p id=\"p-7\">Accidentul rutier s-a soldat cu r\u0103nirea a trei persoane aflate \u00een dub\u0103:<\/p>\n\n\n\n<ul class=\"wp-block-list\">\n<li>o minor\u0103 \u00een v\u00e2rst\u0103 de 14 ani, con\u0219tient\u0103, dar pentru care a fost nevoie de descarcerare<\/li>\n\n\n\n<li>o persoan\u0103 cu traumatism<\/li>\n\n\n\n<li>o persoan\u0103 care a suferit r\u0103ni u\u0219oare \u0219i a refuzat transportul la spital.<\/li>\n<\/ul>\n\n\n\n<figure class=\"wp-block-image\"><img decoding=\"async\" src=\"https:\/\/i2.wp.com\/alba24.ro\/wp-content\/uploads\/2025\/08\/wer323.46.381.jpeg?w=800&#038;ssl=1\" alt=\"\" class=\"wp-image-1093876\" data-recalc-dims=\"1\"\/><\/figure>\n\n\n\n<p id=\"p-9\">Salvatorii au ac\u021bionat cu o autospecial\u0103 de interven\u021bie echipat\u0103 cu modul de descarcerare, cu o ambulan\u021b\u0103 SMURD. La fa\u021ba locului fiind direc\u021bionate \u0219i trei ambulan\u021be ale Serviciului de Ambulan\u021b\u0103 Jude\u021bean.<\/p>\n\n\n\n<figure class=\"wp-block-image\"><img decoding=\"async\" src=\"https:\/\/i2.wp.com\/alba24.ro\/wp-content\/uploads\/2025\/08\/wer4523.46.10.jpeg?w=800&#038;ssl=1\" alt=\"\" class=\"wp-image-1093878\" data-recalc-dims=\"1\"\/><\/figure>\n\n\n\n<p id=\"p-11\">Cele dou\u0103 persoane care au avut nevoie de \u00eengrijiri medicale de specialitate au fost transportate la spitalul din Deva.<\/p>\n\n\n\n<figure class=\"wp-block-image\"><img decoding=\"async\" src=\"https:\/\/i2.wp.com\/alba24.ro\/wp-content\/uploads\/2025\/08\/wer4560809866-e1754463506400.jpeg?w=800&#038;ssl=1\" alt=\"\" class=\"wp-image-1093879\" data-recalc-dims=\"1\"\/><\/figure>\n\n\n\n<p id=\"p-13\">De asemenea, pompierii au ac\u021bionat pentru asigurarea m\u0103surilor de prevenire \u0219i stingere a incendiilor, dar \u0219i pentru cur\u0103\u021barea p\u0103r\u021bii carosabile.<\/p>\n\n\n\n<p>Sursa:alba24<\/p>\n\n\n\n<p><\/p>\n","protected":false},"excerpt":{"rendered":"<p>Accident pe autostrada A1 Sebe\u0219-Deva, mar\u021bi seara. O fat\u0103 de 14 ani a r\u0103mas prins\u0103 \u00een caroseria unei dube, dup\u0103<\/p>\n","protected":false},"author":1,"featured_media":116078,"comment_status":"open","ping_status":"closed","sticky":false,"template":"","format":"standard","meta":{"spay_email":"","footnotes":"","jetpack_publicize_message":""},"categories":[1],"tags":[],"class_list":["post-126755","post","type-post","status-publish","format-standard","has-post-thumbnail","hentry","category-uncategorized"],"jetpack_featured_media_url":"https:\/\/i1.wp.com\/realitatearutiera.ro\/wp-content\/uploads\/2024\/09\/accident.jpg?fit=630%2C365","jetpack_publicize_connections":[],"jetpack_sharing_enabled":true,"jetpack_shortlink":"https:\/\/wp.me\/p61naM-wYr","jetpack-related-posts":[],"_links":{"self":[{"href":"http:\/\/realitatearutiera.ro\/index.php?rest_route=\/wp\/v2\/posts\/126755","targetHints":{"allow":["GET"]}}],"collection":[{"href":"http:\/\/realitatearutiera.ro\/index.php?rest_route=\/wp\/v2\/posts"}],"about":[{"href":"http:\/\/realitatearutiera.ro\/index.php?rest_route=\/wp\/v2\/types\/post"}],"author":[{"embeddable":true,"href":"http:\/\/realitatearutiera.ro\/index.php?rest_route=\/wp\/v2\/users\/1"}],"replies":[{"embeddable":true,"href":"http:\/\/realitatearutiera.ro\/index.php?rest_route=%2Fwp%2Fv2%2Fcomments&post=126755"}],"version-history":[{"count":1,"href":"http:\/\/realitatearutiera.ro\/index.php?rest_route=\/wp\/v2\/posts\/126755\/revisions"}],"predecessor-version":[{"id":126756,"href":"http:\/\/realitatearutiera.ro\/index.php?rest_route=\/wp\/v2\/posts\/126755\/revisions\/126756"}],"wp:featuredmedia":[{"embeddable":true,"href":"http:\/\/realitatearutiera.ro\/index.php?rest_route=\/wp\/v2\/media\/116078"}],"wp:attachment":[{"href":"http:\/\/realitatearutiera.ro\/index.php?rest_route=%2Fwp%2Fv2%2Fmedia&parent=126755"}],"wp:term":[{"taxonomy":"category","embeddable":true,"href":"http:\/\/realitatearutiera.ro\/index.php?rest_route=%2Fwp%2Fv2%2Fcategories&post=126755"},{"taxonomy":"post_tag","embeddable":true,"href":"http:\/\/realitatearutiera.ro\/index.php?rest_route=%2Fwp%2Fv2%2Ftags&post=126755"}],"curies":[{"name":"wp","href":"https:\/\/api.w.org\/{rel}","templated":true}]}}