{"id":129866,"date":"2025-11-04T10:50:26","date_gmt":"2025-11-04T08:50:26","guid":{"rendered":"https:\/\/realitatearutiera.ro\/?p=129866"},"modified":"2025-11-04T10:50:28","modified_gmt":"2025-11-04T08:50:28","slug":"este-legal-sa-parchezi-pe-locul-inchiriat-de-altcineva-daca-e-ziua","status":"publish","type":"post","link":"http:\/\/realitatearutiera.ro\/?p=129866","title":{"rendered":"Este legal s\u0103 parchezi pe locul \u00eenchiriat de altcineva, dac\u0103 e ziua?"},"content":{"rendered":"\n<p>Lupta pentru un loc de parcare reziden\u021bial devine, de la an la an, mai acerb\u0103, \u00een special \u00een marile ora\u0219e. Num\u0103rul spa\u021biilor disponibile este cu mult mai mic dec\u00e2t cel al ma\u0219inilor. Iar mul\u021bi \u00ee\u0219i doresc ca seara, c\u00e2nd vin de la munc\u0103, s\u0103 fie siguri c\u0103 au unde s\u0103-\u0219i lase ma\u0219ina. Dar, pe timpul zilei, este legal s\u0103 parchezi pe locul \u00eenchiriat de altcineva?<\/p>\n\n\n\n<p>Locurile de parcare reziden\u021biale pot fi administrate de Prim\u0103rie sau de un operator privat. De exemplu, multe ansambluri reziden\u021biale pun la dispozi\u021bie \u0219i locuri de parcare pentru reziden\u021bi sau persoane aflate \u00een vizit\u0103.<\/p>\n\n\n\n<p>\u00cen cazul parc\u0103rilor privare, spa\u021biile pot fi cump\u0103rate sau \u00eenchiriate de la dezvoltatorul imobiliar. Acesta poate stabili regulile de utilizare a&nbsp;<a href=\"https:\/\/www.promotor.ro\/stiri-auto\/ce-patesti-daca-ocupi-abuziv-locul-de-parcare-al-altui-sofer-legea-a-devenit-mult-mai-aspra-18795681\">parc\u0103rii<\/a>, inclusiv intervalul \u00een care proprietarul unei ma\u0219ini are dreptul de folosire a spa\u021biului.<\/p>\n\n\n\n<p>\u00cen cazul locurilor aflate \u00een proprietatea Prim\u0103riei, administra\u021bia local\u0103 decide cum sunt ele utilizate. Unele pot fi \u00eenchiriate cu ora, altele sunt date spre folosire pe termen \u00eendelungat, dar nu mai mult de un an.<\/p>\n\n\n\n<h2 class=\"wp-block-heading\">Este legal s\u0103 parchezi pe locul \u00eenchiriat de altcineva, dac\u0103 e ziua?<\/h2>\n\n\n\n<p>Dac\u0103 ai \u00eenchiriat un loc de parcare de la un administrator privat, acesta e obligat s\u0103 \u00ee\u021bi dea toate detaliile de utilizare.<\/p>\n\n\n\n<p>De exemplu, sunt ansambluri reziden\u021biale unde ai locul de parcare asigurat doar \u00eentre orele 18:00 \u0219i 06:00. Iar \u00een restul timpului, dac\u0103 este liber, orice alt vehicul poate fi parcat pe locul respectiv.<\/p>\n\n\n\n<p>\u00cen cazul parc\u0103rilor administrate de autorit\u0103\u021bile locale, \u00eens\u0103, legea nu stabile\u0219te un interval orar \u00een care cel care&nbsp;<a href=\"https:\/\/www.promotor.ro\/stiri-auto\/doar-masini-electrice-de-inchiriat-din-2030-o-noua-decizie-a-comisiei-europene-ar-putea-afecta-piata-auto-19403151\">\u00eenchiriaz\u0103<\/a>&nbsp;locul de parcare reziden\u021bial are dreptul s\u0103 foloseasc\u0103 acel spa\u021biu. Astfel c\u0103 fiecare Prim\u0103rie stabile\u0219te un regulament de parcare propriu.<\/p>\n\n\n\n<p>\u00cen Bucure\u0219ti, de exemplu, cel care a \u00eenchiriat un loc de parcare are dreptul s\u0103-l foloseasc\u0103 indiferent de or\u0103. Ceea ce \u00eenseamn\u0103 c\u0103 dac\u0103 parchezi pe locul \u00eenchiriat de altcineva, fie \u0219i \u00een timpul zilei, ri\u0219ti s\u0103 prime\u0219ti amend\u0103 \u0219i chiar s\u0103-\u021bi fie ridicat\u0103 ma\u0219ina.<\/p>\n\n\n\n<p>\u00cen schimb, \u00een Constan\u021ba, \u00een intervalul 08:00 \u2013 16:00,&nbsp;<a href=\"https:\/\/www.promotor.ro\/stiri-auto\/este-legal-sa-parchezi-pe-timpul-zilei-pe-un-loc-inchiriat-de-altcineva-in-2025-ce-spune-legea-actualizata-19363541\">parc\u0103rile reziden\u021biale<\/a>&nbsp;sunt publice. Deci, oricine poate parca pe un astfel de loc, dac\u0103 e liber, cu condi\u021bia s\u0103-l elibereze \u00eenainte de ora 16:00. Dac\u0103 persoana care a \u00eenchiriat locul de parcare \u00eel g\u0103se\u0219te ocupat, dup\u0103 aceast\u0103 or\u0103, poate cere sprijinul Poli\u021biei Locale.<\/p>\n\n\n\n<p>\u00cen astfel de situa\u021bii, autorit\u0103\u021bile au dreptul s\u0103:<\/p>\n\n\n\n<ul class=\"wp-block-list\">\n<li>aplice amend\u0103 contraven\u021bional\u0103 pentru parcare neregulamentar\u0103;<\/li>\n\n\n\n<li>blocheze ro\u021bile autoturismului, fiind necesar\u0103 plata unei supra-taxe pentru deblocare;<\/li>\n\n\n\n<li>dispun\u0103 ridicarea vehiculului.<\/li>\n<\/ul>\n\n\n\n<h2 class=\"wp-block-heading\">Ce amend\u0103 ri\u0219ti dac\u0103 ocupi un loc de parcare \u00eenchiriat de altcineva<\/h2>\n\n\n\n<p>Sanc\u021biunea pentru ocuparea unui loc de parcare care apar\u021bine altcuiva poate fi aplicat\u0103 at\u00e2t de un Poli\u021bia Rutier\u0103, c\u00e2t \u0219i de cea Local\u0103.<\/p>\n\n\n\n<p>Amenda este cuprins\u0103 \u00eentre 405 \u0219i 607,5 lei. Dar, dac\u0103 se aplic\u0103 \u0219i m\u0103sura bloc\u0103rii ro\u021bilor sau a ridic\u0103rii ma\u0219inii, vei avea de achitat al\u021bi 500-1.000 de lei. Iar \u00een fiecare zi \u00een care ma\u0219ina nu e revendicat\u0103 sau&nbsp;<a href=\"https:\/\/www.promotor.ro\/stiri-auto\/2024-de-la-ce-varsta-poti-conduce-o-masina-inchiriata-cat-e-taxa-de-sofer-tanar-19298786\">suprataxa<\/a>&nbsp;de parcare nu e achitat\u0103, se aplic\u0103 o nou\u0103 penalizare suplimentar\u0103.<\/p>\n\n\n\n<p>Dac\u0103 proprietarul nu-\u0219i revendic\u0103 ma\u0219ina dup\u0103 o anumit\u0103 perioad\u0103, Prim\u0103ria are dreptul de a scoate la licita\u021bie vehiculul ca s\u0103 recupereze crean\u021ba.<\/p>\n\n\n\n<p>Sursa:promotor<\/p>\n\n\n\n<p><\/p>\n","protected":false},"excerpt":{"rendered":"<p>Lupta pentru un loc de parcare reziden\u021bial devine, de la an la an, mai acerb\u0103, \u00een special \u00een marile ora\u0219e.<\/p>\n","protected":false},"author":1,"featured_media":99725,"comment_status":"open","ping_status":"closed","sticky":false,"template":"","format":"standard","meta":{"spay_email":"","footnotes":"","jetpack_publicize_message":""},"categories":[82],"tags":[],"class_list":["post-129866","post","type-post","status-publish","format-standard","has-post-thumbnail","hentry","category-auto"],"jetpack_featured_media_url":"https:\/\/i2.wp.com\/realitatearutiera.ro\/wp-content\/uploads\/2023\/06\/Indicator_Parcare_rezervata.png?fit=1024%2C1024","jetpack_publicize_connections":[],"jetpack_sharing_enabled":true,"jetpack_shortlink":"https:\/\/wp.me\/p61naM-xMC","jetpack-related-posts":[],"_links":{"self":[{"href":"http:\/\/realitatearutiera.ro\/index.php?rest_route=\/wp\/v2\/posts\/129866","targetHints":{"allow":["GET"]}}],"collection":[{"href":"http:\/\/realitatearutiera.ro\/index.php?rest_route=\/wp\/v2\/posts"}],"about":[{"href":"http:\/\/realitatearutiera.ro\/index.php?rest_route=\/wp\/v2\/types\/post"}],"author":[{"embeddable":true,"href":"http:\/\/realitatearutiera.ro\/index.php?rest_route=\/wp\/v2\/users\/1"}],"replies":[{"embeddable":true,"href":"http:\/\/realitatearutiera.ro\/index.php?rest_route=%2Fwp%2Fv2%2Fcomments&post=129866"}],"version-history":[{"count":1,"href":"http:\/\/realitatearutiera.ro\/index.php?rest_route=\/wp\/v2\/posts\/129866\/revisions"}],"predecessor-version":[{"id":129867,"href":"http:\/\/realitatearutiera.ro\/index.php?rest_route=\/wp\/v2\/posts\/129866\/revisions\/129867"}],"wp:featuredmedia":[{"embeddable":true,"href":"http:\/\/realitatearutiera.ro\/index.php?rest_route=\/wp\/v2\/media\/99725"}],"wp:attachment":[{"href":"http:\/\/realitatearutiera.ro\/index.php?rest_route=%2Fwp%2Fv2%2Fmedia&parent=129866"}],"wp:term":[{"taxonomy":"category","embeddable":true,"href":"http:\/\/realitatearutiera.ro\/index.php?rest_route=%2Fwp%2Fv2%2Fcategories&post=129866"},{"taxonomy":"post_tag","embeddable":true,"href":"http:\/\/realitatearutiera.ro\/index.php?rest_route=%2Fwp%2Fv2%2Ftags&post=129866"}],"curies":[{"name":"wp","href":"https:\/\/api.w.org\/{rel}","templated":true}]}}