{"id":130837,"date":"2025-11-26T10:42:59","date_gmt":"2025-11-26T08:42:59","guid":{"rendered":"https:\/\/realitatearutiera.ro\/?p=130837"},"modified":"2025-11-26T10:43:02","modified_gmt":"2025-11-26T08:43:02","slug":"restrictii-de-circulatie-la-alba-iulia-in-perioada-29-noiembrie-1-decembrie-de-ziua-nationala","status":"publish","type":"post","link":"http:\/\/realitatearutiera.ro\/?p=130837","title":{"rendered":"Restric\u021bii de circula\u021bie la Alba Iulia \u00een perioada 29 noiembrie \u2013 1 Decembrie, de Ziua Na\u021bional\u0103"},"content":{"rendered":"\n<p id=\"p-1\"><strong>Prim\u0103ria Alba Iulia anun\u021b\u0103 restric\u021bii de circula\u021bie \u00een mai&nbsp; multe zone din municipiu, \u00een perioada 29 noiembrie \u2013 1 Decembrie. Acestea sunt necesare pentru desf\u0103\u0219urarea eveninentelor de Ziua Na\u021bional\u0103.<\/strong><\/p>\n\n\n\n<p id=\"p-2\">S\u00e2mb\u0103t\u0103, 29 noiembrie, vor fi restric\u021bii de trafic pentru repeti\u021biile pentru parada militar\u0103 din 1 Decembrie. Vor trei treceri ale coloanelor de tehnic\u0103 militar\u0103 \u0219i for\u021be terestre, pe un traseu ce cuprinde str\u0103zi din Cetate \u0219i centru. Duminic\u0103 \u0219i luni vor fi evenimente anun\u021bate \u00een programul oficial.<\/p>\n\n\n\n<p id=\"p-3\">Reprezentan\u021bii prim\u0103riei anun\u021b\u0103 c\u0103 intervalele de timp pentru restric\u021biile de circula\u021bie ar putea suferi modific\u0103ri, \u00een func\u021bie de desf\u0103\u0219urarea evenimentelor.<\/p>\n\n\n\n<h3 class=\"wp-block-heading\">Restric\u021bii de circula\u021bie la Alba Iulia, s\u00e2mb\u0103t\u0103, 29 noiembrie 2025<\/h3>\n\n\n\n<ul class=\"wp-block-list\">\n<li>\u00eentre orele 11:30 \u2013 17:00 pentru repeti\u021biile ceremoniei militare \u2013 defilare ce se vor desf\u0103\u0219ura \u00eentre orele 12:30-16:30\n<ul class=\"wp-block-list\">\n<li>pe bd. \u00cencoron\u0103rii, bd. 1 Decembrie 1918, bd. Horea, str. Ghe. Pop de B\u0103se\u0219ti, str. Cri\u0219an, str. Cet\u0103\u021bii, str. Clo\u0219ca, str. Apulum, str. Izvorului, str. Dr. Ion Ra\u021biu, str. Ion Ag\u00e2rbiceanu, bd. Transilvaniei (parc\u0103rile Pasaj Bd. Transilvaniei), Calea Mo\u021bilor, str. Lalelelor, str. Unirii, str. Octavian Goga, str. 9 Mai, str. Br\u0103di\u0219or, str. Clo\u0219ca, str. N. B\u0103lcescu, str. Decebal, str. Aurel Vlaicu, str. Gemina, str. Br\u00e2ndu\u0219ei (\u00eentre str. Lalelelor \u0219i bd. \u00cencoron\u0103rii). Vor ac\u021biona poli\u021bi\u0219ti de la IPJ Alba \u0219i poli\u021bi\u0219ti locali.<\/li>\n<\/ul>\n<\/li>\n\n\n\n<li>\u00eentre orele 11:30 \u2013 23:00: str. Unirii (de la sens giratoriu \u00een Cetatea Alba Carolina) \u2013 cu punct de acces organizat \u0219i operat de Poli\u021bia Local\u0103 Alba Iulia<\/li>\n\n\n\n<li>\u00eentre orele 09:00 \u2013 23:00: Aleea Sf. Capistrano \u2013 de la bariera de acces \u00een Latura de Nord a Cet\u0103\u021bii Alba Carolina.<\/li>\n<\/ul>\n\n\n\n<p id=\"p-5\">Traficul pietonal va fi restric\u021bionat pe strada Muzeului \u00eentre orele 16:00 \u2013 17:30.<\/p>\n\n\n\n<h3 class=\"wp-block-heading\">Restric\u021bii de circula\u021bie la Alba Iulia, duminic\u0103, 30 noiembrie 2025<\/h3>\n\n\n\n<ul class=\"wp-block-list\">\n<li>\u00eentre orele 13:00 \u2013 14:30: bd. Ferdinand I (Gara CFR \u0219i Prefectura Alba), Pia\u021ba Ion I.C. Br\u0103tianu, Pia\u021ba Iuliu Maniu, str. Ardealului, str. Olteniei, str. Bucure\u0219ti, str. Basarabiei, str. Frederic Mistral (ceremonial militar de depunere de coroane \u0219i jerbe de flori \u2013 statuile Ion I.C. Br\u0103tianu, Iuliu Maniu)<\/li>\n\n\n\n<li>\u00eentre orele 11:30 \u2013 23:00: str. Unirii (de la sens giratoriu \u00een Cetatea Alba Carolina) \u2013 cu punct de acces organizat \u0219i operat de Poli\u021bia Local\u0103 Alba Iulia<\/li>\n\n\n\n<li>\u00eentre orele 09:00 \u2013 23:00: Aleea Sf. Capistrano \u2013 de la bariera de acces \u00een Latura de Nord a Cet\u0103\u021bii Alba Carolina.<\/li>\n<\/ul>\n\n\n\n<p id=\"p-6\">Traficul pietonal va fi restric\u021bionat \u00een zona de desf\u0103\u0219urare a ceremonialelor militare pe durata desf\u0103\u0219ur\u0103rii acestora (statuile I.C. Br\u0103tianu, Iuliu Maniu, Mihai Viteazul, Regele Ferdinand I \u0219i Regina Maria, Monumentul Unirii, Pia\u021ba Tricolorului) \u0219i podul Unirii (de sticl\u0103).<\/p>\n\n\n\n<h3 class=\"wp-block-heading\">Restric\u021bii de circula\u021bie la Alba Iulia \u00een 1 Decembrie 2025<\/h3>\n\n\n\n<ul class=\"wp-block-list\">\n<li>\u00eentre orele 08:00 \u2013 17:00 pentru ceremonialul militar \u2013 defilare ce se vor desf\u0103\u0219ura \u00eentre orele 14:00-16:00: str. Lalelelor \u0219i bd. 1 Decembrie 1918<\/li>\n\n\n\n<li>\u00eentre orele 10:00 \u2013 17:00 pentru ceremonialul militar \u2013 defilare ce se vor desf\u0103\u0219ura \u00eentre orele 14:00-16:00:\n<ul class=\"wp-block-list\">\n<li>bd. \u00cencoron\u0103rii, bd. Horea, str. Ghe. Pop de B\u0103se\u0219ti, str. Cri\u0219an, str. Cet\u0103\u021bii, str. Clo\u0219ca, str. Apulum, str. Izvorului, str. Dr. Ion Ra\u021biu, str. Ion Ag\u00e2rbiceanu, bd. Transilvaniei (parc\u0103rile Pasaj Bd. Transilvaniei), Calea Mo\u021bilor, str. Lalelelor, str. Unirii, str. Octavian Goga, str. 9 Mai, str. Br\u0103di\u0219or, str. Clo\u0219ca, str. N. B\u0103lcescu, str. Decebal, str. Aurel Vlaicu, str. Gemina, str. Br\u00e2ndu\u0219ei (\u00eentre str. Lalelelor \u0219i bd. \u00cencoron\u0103rii). Vor ac\u021biona poli\u021bi\u0219ti de la IPJ Alba \u0219i poli\u021bi\u0219ti locali.<\/li>\n<\/ul>\n<\/li>\n\n\n\n<li>\u00eentre orele 09:00 \u2013 23:00: str. Unirii (de la sensul giratoriu de la intrarea Cetatea Alba Carolina), str. Aurel Vlaicu, str. Cri\u0219an, str. Mihai Viteazul (zona CCS), Aleea Sf. Capistrano (de la bariera de acces \u00een Cetatea Alba Carolina) \u00a0\u2013 cu punct de acces organizat \u0219i operat de Poli\u021bia Local\u0103 Alba Iulia<\/li>\n\n\n\n<li>\u00eentre orele 09:00 \u2013 23:00: Aleea Sf. Capistrano \u2013 de la bariera de acces \u00een Latura de Nord a Cet\u0103\u021bii Alba Carolina<\/li>\n\n\n\n<li>\u00eentre orele 17:00 \u2013 23:00: bd. 1 Decembrie 1918<\/li>\n\n\n\n<li>\u00eentre orele 11:00 \u2013 18:00 \u2013 bd. \u00cencoron\u0103rii, bd. Horea, str. Ghe. Pop de B\u0103se\u0219ti, str. Cet\u0103\u021bii, str. Clo\u0219ca, str. Apulum, str. Izvorului, str. Dr. Ion Ra\u021biu, str. Ion Ag\u00e2rbiceanu, bd. Transilvaniei (parc\u0103rile Pasaj Bd. Transilvaniei), Calea Mo\u021bilor (str. Horea \u2013 bd. Revolu\u021biei), bd. Revolu\u021biei, str. Lalelelor, str. Pavlov, str. 9 Mai, str. \u0218tefan cel Mare, str. Septimius Severus, str. V\u00e2n\u0103torilor, str. Topora\u0219ilor, str. Vasile Goldi\u0219, str. Tache Ionescu.<\/li>\n<\/ul>\n\n\n\n<p id=\"p-7\"><strong>\u00cen intersec\u021biile bd. \u00cencoron\u0103rii cu str. Ghe. Pop de B\u0103se\u0219ti, bd. \u00cencoron\u0103rii cu str. Br\u00e2ndu\u0219ei, str. V. Goldi\u0219 cu bd. 1 Decembrie 1918, str. Clo\u0219ca cu bd. 1 Decembrie 1918, str. I. Ag\u00e2rbiceanu cu bd. Horea, str. Dr. Ion Ra\u021biu cu bd. Horea, precum \u0219i Calea Mo\u021bilor cu bd. Horea, traficul va fi blocat cu autovehicule de mare tonaj \u00een scop care vor asigura perimetru de siguran\u021b\u0103.<\/strong><\/p>\n\n\n\n<p id=\"p-8\">Traficul pietonal va fi restric\u021bionat \u00een zona S\u0103lii Unirii pe durata desf\u0103\u0219ur\u0103rii momentului \u201ePrimirea Soliilor\u201d, Monumentul Unirii \u0219i podul Unirii (de sticl\u0103) pentru ceremonialul militar \u00eentre orele 10:30-14:00, zona pasajului pietonal inclusiv lifturile de acces pe durata desf\u0103\u0219ur\u0103rii ceremonialului militar \u00eentre orele 14:00 \u2013 16:00. Accesul \u00een zona Monumentului Unirii \u0219i zona oficial\u0103 pentru parada militar\u0103 va fi efectuat de reprezenta\u021bi ai MApN \u0219i organizatori.<\/p>\n\n\n\n<h3 class=\"wp-block-heading\">Parc\u0103ri autorizate special. Unde-\u0219i pot l\u0103sa ma\u0219inile cei care vin la Alba Iulia<\/h3>\n\n\n\n<p id=\"p-9\">Se instituie parcare pentru autovehicule autorizate special pe str. Unirii (l\u00e2ng\u0103 Hotel Cetate), respectiv parcarea aflat\u0103 imediat dup\u0103 bariera de acces \u00een Cetatea Alba Carolina. Se instituie parc\u0103ri speciale pentru autocare \u00een zona Aleea Sf. Capistrano (RYMA), str. Gh. Pop de B\u0103se\u0219ti (pe o band\u0103 de circula\u021bie).<\/p>\n\n\n\n<p id=\"p-10\">\u00cen situa\u021bia \u00een care locurile de parcare din municipiu vor fi ocupate, autovehiculele vor fi parcate dup\u0103 cum urmeaz\u0103:<\/p>\n\n\n\n<ul class=\"wp-block-list\">\n<li>pentru cei ce vin dinspre jud. Cluj \u0219i Mure\u0219 \u2013 banda 1 (longitudinal) de pe str. Al. I. Cuza, parcarea fosta ICRA, parcarea dintre Rekord \u0219i fosta ICRA, Talcioc (zona Hotel Tara), zona intrare RESIAL, intrarea \u00een cartierul B\u0103r\u0103ban\u021b;<\/li>\n\n\n\n<li>pentru autovehiculele care vin dinspre jud. Sibiu \u0219i Hunedoara \u2013 banda 1 (longitudinal) str. Regimentul V V\u00e2n\u0103tori, str. Viilor (parcarea Apulum SA), parcarea de pe DN1 \u2013 Hanul dintre S\u0103lcii, DN1 \u2013 zona Albacher.<\/li>\n<\/ul>\n\n\n\n<h3 class=\"wp-block-heading\">Autobuzele vor circula pe trasee speciale<\/h3>\n\n\n\n<p id=\"p-11\">Mijloacele de transport \u00een comun (STP) vor circula pe trasee speciale \u00een concordan\u021b\u0103 cu restric\u021biile de circula\u021bie aplicate. Se excepteaz\u0103 autospecialele IPJ, IJJ, SAJ, ISU, MApN, Crucea Ro\u0219ie \u0219i autoturismele autorizate special care vor purta \u00eensemne distinctive. Se excepteaz\u0103 riveranii \u0219i angaja\u021bii institu\u021biilor din zona Cet\u0103\u021bii Alba Carolina a c\u0103ror acces se va permite pe baza legitima\u021biei de serviciu \u0219i cu obligativitatea de a nu st\u00e2njeni derularea manifest\u0103rilor prin parcare pe domeniul public.<\/p>\n\n\n\n<p id=\"p-12\">\u00cen situa\u021bia \u00een care se constat\u0103 c\u0103 valorile de trafic de pe arterele din interiorul municipiului cresc considerabil \u0219i duc la crearea de blocaje rutiere, \u00een special c\u0103tre zonele de desf\u0103\u0219urare a manifest\u0103rilor, se vor institui restric\u021bii de circula\u021bie \u0219i \u00een afara intervalelor orare men\u021bionate.<\/p>\n\n\n\n<p id=\"p-13\">M\u0103surile specifice de restric\u021bionare a traficului rutier vor fi duse la \u00eendeplinire de c\u0103tre Poli\u021bia Rom\u00e2n\u0103 \u00een colaborare cu Poli\u021bia Local\u0103 Alba Iulia \u0219i Poli\u021bia Militar\u0103.<\/p>\n\n\n\n<p id=\"p-14\">Se stabile\u0219te zon\u0103 pentru desf\u0103\u0219urarea de activit\u0103\u021bi comerciale \/ alimenta\u021bie public\u0103 \u00een Latura de Vest a Cet\u0103\u021bii. Programul de alimentare\/aprovizionare a comercian\u021bilor va limitat la intervalul orar: 05:00-08:00.<\/p>\n\n\n\n<p id=\"p-15\">\u00a0Sursa:alba24<\/p>\n","protected":false},"excerpt":{"rendered":"<p>Prim\u0103ria Alba Iulia anun\u021b\u0103 restric\u021bii de circula\u021bie \u00een mai&nbsp; multe zone din municipiu, \u00een perioada 29 noiembrie \u2013 1 Decembrie.<\/p>\n","protected":false},"author":1,"featured_media":96229,"comment_status":"open","ping_status":"closed","sticky":false,"template":"","format":"standard","meta":{"spay_email":"","footnotes":"","jetpack_publicize_message":""},"categories":[54],"tags":[],"class_list":["post-130837","post","type-post","status-publish","format-standard","has-post-thumbnail","hentry","category-informatii-rutiere"],"jetpack_featured_media_url":"https:\/\/i0.wp.com\/realitatearutiera.ro\/wp-content\/uploads\/2023\/03\/restrictii.jpg?fit=900%2C500","jetpack_publicize_connections":[],"jetpack_sharing_enabled":true,"jetpack_shortlink":"https:\/\/wp.me\/p61naM-y2h","jetpack-related-posts":[],"_links":{"self":[{"href":"http:\/\/realitatearutiera.ro\/index.php?rest_route=\/wp\/v2\/posts\/130837","targetHints":{"allow":["GET"]}}],"collection":[{"href":"http:\/\/realitatearutiera.ro\/index.php?rest_route=\/wp\/v2\/posts"}],"about":[{"href":"http:\/\/realitatearutiera.ro\/index.php?rest_route=\/wp\/v2\/types\/post"}],"author":[{"embeddable":true,"href":"http:\/\/realitatearutiera.ro\/index.php?rest_route=\/wp\/v2\/users\/1"}],"replies":[{"embeddable":true,"href":"http:\/\/realitatearutiera.ro\/index.php?rest_route=%2Fwp%2Fv2%2Fcomments&post=130837"}],"version-history":[{"count":1,"href":"http:\/\/realitatearutiera.ro\/index.php?rest_route=\/wp\/v2\/posts\/130837\/revisions"}],"predecessor-version":[{"id":130838,"href":"http:\/\/realitatearutiera.ro\/index.php?rest_route=\/wp\/v2\/posts\/130837\/revisions\/130838"}],"wp:featuredmedia":[{"embeddable":true,"href":"http:\/\/realitatearutiera.ro\/index.php?rest_route=\/wp\/v2\/media\/96229"}],"wp:attachment":[{"href":"http:\/\/realitatearutiera.ro\/index.php?rest_route=%2Fwp%2Fv2%2Fmedia&parent=130837"}],"wp:term":[{"taxonomy":"category","embeddable":true,"href":"http:\/\/realitatearutiera.ro\/index.php?rest_route=%2Fwp%2Fv2%2Fcategories&post=130837"},{"taxonomy":"post_tag","embeddable":true,"href":"http:\/\/realitatearutiera.ro\/index.php?rest_route=%2Fwp%2Fv2%2Ftags&post=130837"}],"curies":[{"name":"wp","href":"https:\/\/api.w.org\/{rel}","templated":true}]}}