{"id":134430,"date":"2026-03-09T11:29:07","date_gmt":"2026-03-09T09:29:07","guid":{"rendered":"https:\/\/realitatearutiera.ro\/?p=134430"},"modified":"2026-03-09T11:29:11","modified_gmt":"2026-03-09T09:29:11","slug":"accident-pe-autostrada-a1-intre-sebes-si-sibiu-soferul-transportat-la-spital","status":"publish","type":"post","link":"http:\/\/realitatearutiera.ro\/?p=134430","title":{"rendered":"Accident pe Autostrada A1, \u00eentre Sebe\u0219 \u0219i Sibiu. \u0218oferul, transportat la spital"},"content":{"rendered":"\n<p id=\"p-1\"><strong>Un autoturism s-a r\u0103sturnat pe Autostrada A1, \u00eentre Sebe\u0219 \u0219i Sibiu. \u0218oferul a ajuns la spital, iar traficul se desf\u0103\u0219oar\u0103 \u00eengreunat \u00een zon\u0103.&nbsp;<\/strong><\/p>\n\n\n\n<p id=\"p-2\">Poli\u021bi\u0219tii din cadrul Biroului de Poli\u021bie Autostrada A1 R\u00e2mnicu V\u00e2lcea\u2013Deva au intervenit luni la un eveniment rutier produs pe autostrada A1, la km 254, pe sensul Sebe\u0219\u2013Sibiu, \u00een care este implicat un singur autoturism.<\/p>\n\n\n\n<p id=\"p-3\">Din primele cercet\u0103ri efectuate la fa\u021ba locului, poli\u021bi\u0219tii au stabilit c\u0103, \u00een timp ce conducea un autoturism pe autostrada A1, la km 254, un b\u0103rbat \u00een v\u00e2rst\u0103 de 44 de ani, din jude\u021bul S\u0103laj ar fi pierdut controlul asupra direc\u021biei de deplasare, r\u0103sturn\u00e2ndu-se pe banda 2.<\/p>\n\n\n\n<p id=\"p-4\">\u00cen urma evenimentului rutier, conduc\u0103torul auto a suferit v\u0103t\u0103m\u0103ri corporale \u0219i a fost transportat la spital pentru acordarea de \u00eengrijiri medicale, au transmis reprezentan\u021bii IPJ Sibiu.<\/p>\n\n\n\n<p id=\"p-5\">Potrivit ISU, la fa\u021ba locului a fost trimis un echipaj SMURD \u0219i o autospecial\u0103 de stingere.<\/p>\n\n\n\n<p id=\"p-6\">Echipajul SMURD a acordat asisten\u021b\u0103 medical\u0103 b\u0103rbatului \u00een v\u00e2rst\u0103 de 44 de ani care a suferit un traumatism la m\u00e2na. Acesta a fost transportat la UPU Sibiu con\u0219tient.<\/p>\n\n\n\n<p id=\"p-7\">Cercet\u0103rile sunt continuate \u00een vederea stabilirii tuturor circumstan\u021belor producerii accidentului rutier \u0219i dispunerii m\u0103surilor legale.<\/p>\n\n\n\n<p id=\"p-8\">Traficul rutier se desf\u0103\u0219oar\u0103 \u00eengreunat \u00een zon\u0103.<\/p>\n\n\n\n<p id=\"p-9\">Sursa:alba24<\/p>\n","protected":false},"excerpt":{"rendered":"<p>Un autoturism s-a r\u0103sturnat pe Autostrada A1, \u00eentre Sebe\u0219 \u0219i Sibiu. \u0218oferul a ajuns la spital, iar traficul se desf\u0103\u0219oar\u0103<\/p>\n","protected":false},"author":1,"featured_media":99387,"comment_status":"open","ping_status":"closed","sticky":false,"template":"","format":"standard","meta":{"spay_email":"","footnotes":"","jetpack_publicize_message":""},"categories":[1],"tags":[],"class_list":["post-134430","post","type-post","status-publish","format-standard","has-post-thumbnail","hentry","category-uncategorized"],"jetpack_featured_media_url":"https:\/\/i0.wp.com\/realitatearutiera.ro\/wp-content\/uploads\/2023\/05\/accident-ambulanta-poza-buna_b920cdfaf1.jpg?fit=1920%2C1080","jetpack_publicize_connections":[],"jetpack_sharing_enabled":true,"jetpack_shortlink":"https:\/\/wp.me\/p61naM-yYe","jetpack-related-posts":[],"_links":{"self":[{"href":"http:\/\/realitatearutiera.ro\/index.php?rest_route=\/wp\/v2\/posts\/134430","targetHints":{"allow":["GET"]}}],"collection":[{"href":"http:\/\/realitatearutiera.ro\/index.php?rest_route=\/wp\/v2\/posts"}],"about":[{"href":"http:\/\/realitatearutiera.ro\/index.php?rest_route=\/wp\/v2\/types\/post"}],"author":[{"embeddable":true,"href":"http:\/\/realitatearutiera.ro\/index.php?rest_route=\/wp\/v2\/users\/1"}],"replies":[{"embeddable":true,"href":"http:\/\/realitatearutiera.ro\/index.php?rest_route=%2Fwp%2Fv2%2Fcomments&post=134430"}],"version-history":[{"count":1,"href":"http:\/\/realitatearutiera.ro\/index.php?rest_route=\/wp\/v2\/posts\/134430\/revisions"}],"predecessor-version":[{"id":134431,"href":"http:\/\/realitatearutiera.ro\/index.php?rest_route=\/wp\/v2\/posts\/134430\/revisions\/134431"}],"wp:featuredmedia":[{"embeddable":true,"href":"http:\/\/realitatearutiera.ro\/index.php?rest_route=\/wp\/v2\/media\/99387"}],"wp:attachment":[{"href":"http:\/\/realitatearutiera.ro\/index.php?rest_route=%2Fwp%2Fv2%2Fmedia&parent=134430"}],"wp:term":[{"taxonomy":"category","embeddable":true,"href":"http:\/\/realitatearutiera.ro\/index.php?rest_route=%2Fwp%2Fv2%2Fcategories&post=134430"},{"taxonomy":"post_tag","embeddable":true,"href":"http:\/\/realitatearutiera.ro\/index.php?rest_route=%2Fwp%2Fv2%2Ftags&post=134430"}],"curies":[{"name":"wp","href":"https:\/\/api.w.org\/{rel}","templated":true}]}}