{"id":134432,"date":"2026-03-09T11:46:21","date_gmt":"2026-03-09T09:46:21","guid":{"rendered":"https:\/\/realitatearutiera.ro\/?p=134432"},"modified":"2026-03-09T11:46:39","modified_gmt":"2026-03-09T09:46:39","slug":"tata-si-fiu-in-atentia-politiei-minor-de-15-ani-surprins-conducand-in-jidvei","status":"publish","type":"post","link":"http:\/\/realitatearutiera.ro\/?p=134432","title":{"rendered":"Tat\u0103 \u0219i fiu, \u00een aten\u021bia poli\u021biei: minor de 15 ani surprins conduc\u00e2nd \u00een Jidvei"},"content":{"rendered":"\n<p id=\"p-1\"><strong>Un b\u0103rbat din Jidvei \u0219i-a l\u0103sat fiul \u00een v\u00e2rst\u0103 de 15 ani s\u0103-i conduc\u0103 ma\u0219ina, de\u0219i acesta nu avea permis. Ma\u0219ina \u00een care se aflau cei doi a fost oprit\u0103 de poli\u021bi\u0219ti duminic\u0103 seara, la Veseu\u0219. At\u00e2t b\u0103rbatul, c\u00e2t \u015fi fiul aflat la volan, sunt acum cerceta\u0163i penal.<\/strong><\/p>\n\n\n\n<p id=\"p-2\">Potrivit IPJ Alba, la data de 8 martie 2026, \u00een jurul orei 19:00, poli\u021bi\u0219tii Sec\u021biei 6 de Poli\u021bie Rural\u0103 Jidvei au oprit, pentru control, pe strada Principal\u0103 din localitatea Veseu\u0219, un autoturism condus de un t\u00e2n\u0103r de 15 ani, din localitatea Jidvei.<\/p>\n\n\n\n<p id=\"p-3\">Poli\u021bi\u0219tii au constatat c\u0103 autoturismul i-ar fi fost \u00eencredin\u021bat, pentru a fi condus pe drumurile publice, de c\u0103tre tat\u0103l acestuia, \u00een v\u00e2rst\u0103 de 37 de ani, pasager \u00een autoturism. De asemenea, din verific\u0103ri a reie\u0219it c\u0103 t\u00e2n\u0103rul nu de\u021bine permis de conducere pentru nicio categorie de vehicule.<\/p>\n\n\n\n<p id=\"p-4\">Cercet\u0103rile sunt continuate sub aspectul s\u0103v\u00e2r\u0219irii infrac\u021biunilor de conducerea unui vehicul f\u0103r\u0103 permis de conducere \u0219i \u00eencredin\u021barea unui vehicul pentru care legea prevede obligativitatea de\u021binerii permisului de conducere, pentru conducerea pe drumurile publice, unei persoane care nu de\u021bine permis de conducere.<\/p>\n\n\n\n<p>Sursa:alba24<\/p>\n","protected":false},"excerpt":{"rendered":"<p>Un b\u0103rbat din Jidvei \u0219i-a l\u0103sat fiul \u00een v\u00e2rst\u0103 de 15 ani s\u0103-i conduc\u0103 ma\u0219ina, de\u0219i acesta nu avea permis.<\/p>\n","protected":false},"author":1,"featured_media":108046,"comment_status":"open","ping_status":"closed","sticky":false,"template":"","format":"standard","meta":{"spay_email":"","footnotes":"","jetpack_publicize_message":""},"categories":[6],"tags":[],"class_list":["post-134432","post","type-post","status-publish","format-standard","has-post-thumbnail","hentry","category-social"],"jetpack_featured_media_url":"https:\/\/i0.wp.com\/realitatearutiera.ro\/wp-content\/uploads\/2024\/02\/masini-politie-politia-2-3ldz.jpg?fit=1224%2C816","jetpack_publicize_connections":[],"jetpack_sharing_enabled":true,"jetpack_shortlink":"https:\/\/wp.me\/p61naM-yYg","jetpack-related-posts":[],"_links":{"self":[{"href":"http:\/\/realitatearutiera.ro\/index.php?rest_route=\/wp\/v2\/posts\/134432","targetHints":{"allow":["GET"]}}],"collection":[{"href":"http:\/\/realitatearutiera.ro\/index.php?rest_route=\/wp\/v2\/posts"}],"about":[{"href":"http:\/\/realitatearutiera.ro\/index.php?rest_route=\/wp\/v2\/types\/post"}],"author":[{"embeddable":true,"href":"http:\/\/realitatearutiera.ro\/index.php?rest_route=\/wp\/v2\/users\/1"}],"replies":[{"embeddable":true,"href":"http:\/\/realitatearutiera.ro\/index.php?rest_route=%2Fwp%2Fv2%2Fcomments&post=134432"}],"version-history":[{"count":1,"href":"http:\/\/realitatearutiera.ro\/index.php?rest_route=\/wp\/v2\/posts\/134432\/revisions"}],"predecessor-version":[{"id":134433,"href":"http:\/\/realitatearutiera.ro\/index.php?rest_route=\/wp\/v2\/posts\/134432\/revisions\/134433"}],"wp:featuredmedia":[{"embeddable":true,"href":"http:\/\/realitatearutiera.ro\/index.php?rest_route=\/wp\/v2\/media\/108046"}],"wp:attachment":[{"href":"http:\/\/realitatearutiera.ro\/index.php?rest_route=%2Fwp%2Fv2%2Fmedia&parent=134432"}],"wp:term":[{"taxonomy":"category","embeddable":true,"href":"http:\/\/realitatearutiera.ro\/index.php?rest_route=%2Fwp%2Fv2%2Fcategories&post=134432"},{"taxonomy":"post_tag","embeddable":true,"href":"http:\/\/realitatearutiera.ro\/index.php?rest_route=%2Fwp%2Fv2%2Ftags&post=134432"}],"curies":[{"name":"wp","href":"https:\/\/api.w.org\/{rel}","templated":true}]}}