{"id":134484,"date":"2026-03-10T11:07:11","date_gmt":"2026-03-10T09:07:11","guid":{"rendered":"https:\/\/realitatearutiera.ro\/?p=134484"},"modified":"2026-03-10T11:07:16","modified_gmt":"2026-03-10T09:07:16","slug":"actiune-a-politiei-pe-dn-15-74-de-amenzi-si-niciun-accident","status":"publish","type":"post","link":"http:\/\/realitatearutiera.ro\/?p=134484","title":{"rendered":"Ac\u021biune a poli\u021biei pe DN 15: 74 de amenzi \u0219i niciun accident"},"content":{"rendered":"\n<figure class=\"wp-block-image size-full is-resized\"><img loading=\"lazy\" decoding=\"async\" width=\"800\" height=\"600\" data-attachment-id=\"134485\" data-permalink=\"http:\/\/realitatearutiera.ro\/?attachment_id=134485\" data-orig-file=\"https:\/\/i0.wp.com\/realitatearutiera.ro\/wp-content\/uploads\/2026\/03\/image-67.png?fit=800%2C600\" data-orig-size=\"800,600\" data-comments-opened=\"1\" data-image-meta=\"{&quot;aperture&quot;:&quot;0&quot;,&quot;credit&quot;:&quot;&quot;,&quot;camera&quot;:&quot;&quot;,&quot;caption&quot;:&quot;&quot;,&quot;created_timestamp&quot;:&quot;0&quot;,&quot;copyright&quot;:&quot;&quot;,&quot;focal_length&quot;:&quot;0&quot;,&quot;iso&quot;:&quot;0&quot;,&quot;shutter_speed&quot;:&quot;0&quot;,&quot;title&quot;:&quot;&quot;,&quot;orientation&quot;:&quot;0&quot;}\" data-image-title=\"image\" data-image-description=\"\" data-medium-file=\"https:\/\/i0.wp.com\/realitatearutiera.ro\/wp-content\/uploads\/2026\/03\/image-67.png?fit=300%2C225\" data-large-file=\"https:\/\/i0.wp.com\/realitatearutiera.ro\/wp-content\/uploads\/2026\/03\/image-67.png?fit=800%2C600\" src=\"https:\/\/i0.wp.com\/realitatearutiera.ro\/wp-content\/uploads\/2026\/03\/image-67.png?resize=800%2C600&#038;ssl=1\" alt=\"\" class=\"wp-image-134485\" style=\"width:329px;height:auto\" srcset=\"https:\/\/i0.wp.com\/realitatearutiera.ro\/wp-content\/uploads\/2026\/03\/image-67.png?w=800 800w, https:\/\/i0.wp.com\/realitatearutiera.ro\/wp-content\/uploads\/2026\/03\/image-67.png?resize=300%2C225 300w, https:\/\/i0.wp.com\/realitatearutiera.ro\/wp-content\/uploads\/2026\/03\/image-67.png?resize=768%2C576 768w\" sizes=\"auto, (max-width: 800px) 100vw, 800px\" data-recalc-dims=\"1\" \/><\/figure>\n\n\n\n<p><strong>74 de sanc\u021biuni aplicate pe DN 15 au fost rezultatul unei ac\u021biuni desf\u0103\u0219urate de poli\u021bi\u0219tii rutieri pe drumul care face leg\u0103tura \u00eentre Moldova \u0219i Ardeal.<\/strong><\/p>\n\n\n\n<h3 class=\"wp-block-heading\">74 de sanc\u021biuni aplicate pe DN 15 \u00een cadrul unei ac\u021biuni coordonate<\/h3>\n\n\n\n<p>Drumul Na\u021bional 15 este puntea de leg\u0103tur\u0103 \u00eentre Moldova \u0219i Ardeal, iar conform datelor statistice de la nivel na\u021bional cele mai multe evenimente rutiere pe acest sector de drum se \u00eenregistreaz\u0103 \u00een ziua de duminic\u0103, \u00een intervalul orar 13:00 \u2013 17:00.<\/p>\n\n\n\n<p>Ac\u021biunea s-a desf\u0103\u0219urat ieri, 8 martie, \u00een sistem releu, cu participarea structurilor rutiere din toate cele cinci jude\u021be traversate de DN 15 \u0219i a vizat \u00eentreaga palet\u0103 de abateri de la regimul rutier.<\/p>\n\n\n\n<p>\u00cen activit\u0103\u021bi au fost angrena\u021bi poli\u021bi\u0219ti rutieri din cadrul Serviciului Rutier Neam\u021b, precum \u0219i efective de la toate forma\u021biunile de poli\u021bie rutier\u0103 din cadrul Inspectoratului de Poli\u021bie Jude\u021bean Neam\u021b.<\/p>\n\n\n\n<h3 class=\"wp-block-heading\">Test\u0103ri pentru alcool \u0219i substan\u021be interzise<\/h3>\n\n\n\n<p>Pe timpul desf\u0103\u0219ur\u0103rii ac\u021biunii au fost efectuate aproximativ 90 de test\u0103ri \u00een privin\u021ba consumului de alcool sau substan\u021be interzise.<\/p>\n\n\n\n<p>Potrivit poli\u021bi\u0219tilor, niciun conduc\u0103tor auto nu a fost depistat cu valori pozitive.<\/p>\n\n\n\n<p>De asemenea, \u00een ceea ce prive\u0219te infrac\u021biunile depistate, rezultatele au indicat o conduit\u0103 rutier\u0103 preponderent pozitiv\u0103 a conduc\u0103torilor auto.<\/p>\n\n\n\n<h3 class=\"wp-block-heading\">Permise re\u021binute \u0219i certificate retrase<\/h3>\n\n\n\n<p>A fost \u00eenregistrat\u0103 o singur\u0103 infrac\u021biune, respectiv conducerea unui autoturism de c\u0103tre un b\u0103rbat care avea permisul de conducere suspendat.<\/p>\n\n\n\n<p>Pentru abaterile contraven\u021bionale constatate au fost aplicate 74 de sanc\u021biuni, majoritatea pentru dep\u0103\u0219irea regimului legal de vitez\u0103.<\/p>\n\n\n\n<p>Defec\u021biunile tehnice constatate au fost sanc\u021bionate cu retragerea certificatului de \u00eenmatriculare \u00een \u0219apte cazuri.<\/p>\n\n\n\n<p>De asemenea, trei permise de conducere au fost re\u021binute de poli\u021bi\u0219ti.<\/p>\n\n\n\n<p>Din fericire, obiectivul stabilit \u2013 zero accidente pe DN 15 \u2013 a fost atins.<\/p>\n\n\n\n<p>La aceast\u0103 ac\u021biune au participat \u0219i speciali\u0219ti din cadrul Registrului Auto Rom\u00e2n.<\/p>\n\n\n\n<p>Sursa\/foto:monitorulneamt<\/p>\n","protected":false},"excerpt":{"rendered":"<p>74 de sanc\u021biuni aplicate pe DN 15 au fost rezultatul unei ac\u021biuni desf\u0103\u0219urate de poli\u021bi\u0219tii rutieri pe drumul care face<\/p>\n","protected":false},"author":1,"featured_media":134485,"comment_status":"open","ping_status":"closed","sticky":false,"template":"","format":"standard","meta":{"spay_email":"","footnotes":"","jetpack_publicize_message":""},"categories":[82],"tags":[],"class_list":["post-134484","post","type-post","status-publish","format-standard","has-post-thumbnail","hentry","category-auto"],"jetpack_featured_media_url":"https:\/\/i0.wp.com\/realitatearutiera.ro\/wp-content\/uploads\/2026\/03\/image-67.png?fit=800%2C600","jetpack_publicize_connections":[],"jetpack_sharing_enabled":true,"jetpack_shortlink":"https:\/\/wp.me\/p61naM-yZ6","jetpack-related-posts":[],"_links":{"self":[{"href":"http:\/\/realitatearutiera.ro\/index.php?rest_route=\/wp\/v2\/posts\/134484","targetHints":{"allow":["GET"]}}],"collection":[{"href":"http:\/\/realitatearutiera.ro\/index.php?rest_route=\/wp\/v2\/posts"}],"about":[{"href":"http:\/\/realitatearutiera.ro\/index.php?rest_route=\/wp\/v2\/types\/post"}],"author":[{"embeddable":true,"href":"http:\/\/realitatearutiera.ro\/index.php?rest_route=\/wp\/v2\/users\/1"}],"replies":[{"embeddable":true,"href":"http:\/\/realitatearutiera.ro\/index.php?rest_route=%2Fwp%2Fv2%2Fcomments&post=134484"}],"version-history":[{"count":1,"href":"http:\/\/realitatearutiera.ro\/index.php?rest_route=\/wp\/v2\/posts\/134484\/revisions"}],"predecessor-version":[{"id":134486,"href":"http:\/\/realitatearutiera.ro\/index.php?rest_route=\/wp\/v2\/posts\/134484\/revisions\/134486"}],"wp:featuredmedia":[{"embeddable":true,"href":"http:\/\/realitatearutiera.ro\/index.php?rest_route=\/wp\/v2\/media\/134485"}],"wp:attachment":[{"href":"http:\/\/realitatearutiera.ro\/index.php?rest_route=%2Fwp%2Fv2%2Fmedia&parent=134484"}],"wp:term":[{"taxonomy":"category","embeddable":true,"href":"http:\/\/realitatearutiera.ro\/index.php?rest_route=%2Fwp%2Fv2%2Fcategories&post=134484"},{"taxonomy":"post_tag","embeddable":true,"href":"http:\/\/realitatearutiera.ro\/index.php?rest_route=%2Fwp%2Fv2%2Ftags&post=134484"}],"curies":[{"name":"wp","href":"https:\/\/api.w.org\/{rel}","templated":true}]}}