{"id":134488,"date":"2026-03-10T11:32:02","date_gmt":"2026-03-10T09:32:02","guid":{"rendered":"https:\/\/realitatearutiera.ro\/?p=134488"},"modified":"2026-03-10T11:32:06","modified_gmt":"2026-03-10T09:32:06","slug":"masina-furata-din-danemarca-descoperita-la-granita-la-stanca","status":"publish","type":"post","link":"http:\/\/realitatearutiera.ro\/?p=134488","title":{"rendered":"Ma\u0219in\u0103 furat\u0103 din Danemarca, descoperit\u0103 la grani\u021b\u0103 la St\u00e2nca"},"content":{"rendered":"\n<figure class=\"wp-block-image size-full\"><img loading=\"lazy\" decoding=\"async\" width=\"696\" height=\"418\" data-attachment-id=\"134489\" data-permalink=\"http:\/\/realitatearutiera.ro\/?attachment_id=134489\" data-orig-file=\"https:\/\/i1.wp.com\/realitatearutiera.ro\/wp-content\/uploads\/2026\/03\/image-68.png?fit=696%2C418\" data-orig-size=\"696,418\" data-comments-opened=\"1\" data-image-meta=\"{&quot;aperture&quot;:&quot;0&quot;,&quot;credit&quot;:&quot;&quot;,&quot;camera&quot;:&quot;&quot;,&quot;caption&quot;:&quot;&quot;,&quot;created_timestamp&quot;:&quot;0&quot;,&quot;copyright&quot;:&quot;&quot;,&quot;focal_length&quot;:&quot;0&quot;,&quot;iso&quot;:&quot;0&quot;,&quot;shutter_speed&quot;:&quot;0&quot;,&quot;title&quot;:&quot;&quot;,&quot;orientation&quot;:&quot;0&quot;}\" data-image-title=\"image\" data-image-description=\"\" data-medium-file=\"https:\/\/i1.wp.com\/realitatearutiera.ro\/wp-content\/uploads\/2026\/03\/image-68.png?fit=300%2C180\" data-large-file=\"https:\/\/i1.wp.com\/realitatearutiera.ro\/wp-content\/uploads\/2026\/03\/image-68.png?fit=696%2C418\" src=\"https:\/\/i1.wp.com\/realitatearutiera.ro\/wp-content\/uploads\/2026\/03\/image-68.png?resize=696%2C418&#038;ssl=1\" alt=\"\" class=\"wp-image-134489\" srcset=\"https:\/\/i1.wp.com\/realitatearutiera.ro\/wp-content\/uploads\/2026\/03\/image-68.png?w=696 696w, https:\/\/i1.wp.com\/realitatearutiera.ro\/wp-content\/uploads\/2026\/03\/image-68.png?resize=300%2C180 300w\" sizes=\"auto, (max-width: 696px) 100vw, 696px\" data-recalc-dims=\"1\" \/><\/figure>\n\n\n\n<p>Poli\u021bi\u0219tii de frontier\u0103 din cadrul Punctul de Trecere a Frontierei St\u00e2nca au descoperit un autoturism care figura \u00een bazele de date interna\u021bionale ca fiind furat din Danemarca. Ma\u0219ina a fost oprit\u0103 la controlul de frontier\u0103 \u0219i indisponibilizat\u0103 pentru continuarea cercet\u0103rilor. <\/p>\n\n\n\n<p>Incidentul a avut loc \u00een noaptea de 7 martie, \u00een jurul orei 02:30, c\u00e2nd la punctul de trecere a frontierei s-a prezentat pentru efectuarea formalit\u0103\u021bilor un b\u0103rbat \u00een v\u00e2rst\u0103 de 32 de ani, cet\u0103\u021bean rom\u00e2n. Acesta \u00eencerca s\u0103 ias\u0103 din \u021bar\u0103 transport\u00e2nd, pe o platform\u0103 auto, un autoturism fabricat \u00een anul 2018. <\/p>\n\n\n\n<p>Verific\u0103ri suplimentare la controlul de frontier\u0103 <\/p>\n\n\n\n<p>\u00cen timpul verific\u0103rilor, poli\u021bi\u0219tii de frontier\u0103 au avut suspiciuni cu privire la situa\u021bia juridic\u0103 a autoturismului transportat. Din acest motiv, au fost efectuate controale suplimentare asupra documentelor \u0219i a datelor de identificare ale ma\u0219inii.<\/p>\n\n\n\n<p> \u00cen urma verific\u0103rilor, oamenii legii au constatat c\u0103 autoturismul era semnalat ca fiind furat. Alert\u0103 fusese introdus\u0103 \u00een bazele de date de c\u0103tre autorit\u0103\u021bile din Danemarca. <\/p>\n\n\n\n<p>Ma\u0219ina avea o valoare estimat\u0103 la peste 37.000 de lei. <\/p>\n\n\n\n<p>Ma\u0219ina a fost re\u021binut\u0103 de poli\u021bi\u0219ti <\/p>\n\n\n\n<p>Autoturismul a fost indisponibilizat de poli\u021bi\u0219tii de frontier\u0103 \u0219i urmeaz\u0103 s\u0103 r\u0103m\u00e2n\u0103 \u00een custodia autorit\u0103\u021bilor p\u00e2n\u0103 la finalizarea verific\u0103rilor.<\/p>\n\n\n\n<p> \u00cen acela\u0219i timp, poli\u021bi\u0219tii de frontier\u0103 au deschis un dosar penal \u0219i efectueaz\u0103 cercet\u0103ri pentru s\u0103v\u00e2r\u0219irea infrac\u021biunii de t\u0103inuire. Ancheta urmeaz\u0103 s\u0103 stabileasc\u0103 \u00eemprejur\u0103rile \u00een care autoturismul a ajuns \u00een posesia b\u0103rbatului care \u00eel transporta \u0219i dac\u0103 acesta avea cuno\u0219tin\u021b\u0103 despre provenien\u021ba ilegal\u0103 a vehiculului&#8230;.<\/p>\n\n\n\n<p>Sursa\/foto:monitorulbt<\/p>\n\n\n\n<p><\/p>\n","protected":false},"excerpt":{"rendered":"<p>Poli\u021bi\u0219tii de frontier\u0103 din cadrul Punctul de Trecere a Frontierei St\u00e2nca au descoperit un autoturism care figura \u00een bazele de<\/p>\n","protected":false},"author":1,"featured_media":134489,"comment_status":"open","ping_status":"closed","sticky":false,"template":"","format":"standard","meta":{"spay_email":"","footnotes":"","jetpack_publicize_message":""},"categories":[82],"tags":[],"class_list":["post-134488","post","type-post","status-publish","format-standard","has-post-thumbnail","hentry","category-auto"],"jetpack_featured_media_url":"https:\/\/i1.wp.com\/realitatearutiera.ro\/wp-content\/uploads\/2026\/03\/image-68.png?fit=696%2C418","jetpack_publicize_connections":[],"jetpack_sharing_enabled":true,"jetpack_shortlink":"https:\/\/wp.me\/p61naM-yZa","jetpack-related-posts":[],"_links":{"self":[{"href":"http:\/\/realitatearutiera.ro\/index.php?rest_route=\/wp\/v2\/posts\/134488","targetHints":{"allow":["GET"]}}],"collection":[{"href":"http:\/\/realitatearutiera.ro\/index.php?rest_route=\/wp\/v2\/posts"}],"about":[{"href":"http:\/\/realitatearutiera.ro\/index.php?rest_route=\/wp\/v2\/types\/post"}],"author":[{"embeddable":true,"href":"http:\/\/realitatearutiera.ro\/index.php?rest_route=\/wp\/v2\/users\/1"}],"replies":[{"embeddable":true,"href":"http:\/\/realitatearutiera.ro\/index.php?rest_route=%2Fwp%2Fv2%2Fcomments&post=134488"}],"version-history":[{"count":1,"href":"http:\/\/realitatearutiera.ro\/index.php?rest_route=\/wp\/v2\/posts\/134488\/revisions"}],"predecessor-version":[{"id":134490,"href":"http:\/\/realitatearutiera.ro\/index.php?rest_route=\/wp\/v2\/posts\/134488\/revisions\/134490"}],"wp:featuredmedia":[{"embeddable":true,"href":"http:\/\/realitatearutiera.ro\/index.php?rest_route=\/wp\/v2\/media\/134489"}],"wp:attachment":[{"href":"http:\/\/realitatearutiera.ro\/index.php?rest_route=%2Fwp%2Fv2%2Fmedia&parent=134488"}],"wp:term":[{"taxonomy":"category","embeddable":true,"href":"http:\/\/realitatearutiera.ro\/index.php?rest_route=%2Fwp%2Fv2%2Fcategories&post=134488"},{"taxonomy":"post_tag","embeddable":true,"href":"http:\/\/realitatearutiera.ro\/index.php?rest_route=%2Fwp%2Fv2%2Ftags&post=134488"}],"curies":[{"name":"wp","href":"https:\/\/api.w.org\/{rel}","templated":true}]}}