{"id":136031,"date":"2026-04-27T09:04:57","date_gmt":"2026-04-27T06:04:57","guid":{"rendered":"https:\/\/realitatearutiera.ro\/?p=136031"},"modified":"2026-04-27T09:05:42","modified_gmt":"2026-04-27T06:05:42","slug":"accident-in-capiotala-soferul-vinovat-de-neacordare-de-prioritate","status":"publish","type":"post","link":"http:\/\/realitatearutiera.ro\/?p=136031","title":{"rendered":"Accident \u00een Capital\u0103. \u0218oferul vinovat de neacordare de prioritate"},"content":{"rendered":"\n<figure class=\"wp-block-image size-large\"><img loading=\"lazy\" decoding=\"async\" width=\"800\" height=\"422\" data-attachment-id=\"136032\" data-permalink=\"http:\/\/realitatearutiera.ro\/?attachment_id=136032\" data-orig-file=\"https:\/\/i2.wp.com\/realitatearutiera.ro\/wp-content\/uploads\/2026\/04\/image-133.png?fit=1051%2C554\" data-orig-size=\"1051,554\" data-comments-opened=\"1\" data-image-meta=\"{&quot;aperture&quot;:&quot;0&quot;,&quot;credit&quot;:&quot;&quot;,&quot;camera&quot;:&quot;&quot;,&quot;caption&quot;:&quot;&quot;,&quot;created_timestamp&quot;:&quot;0&quot;,&quot;copyright&quot;:&quot;&quot;,&quot;focal_length&quot;:&quot;0&quot;,&quot;iso&quot;:&quot;0&quot;,&quot;shutter_speed&quot;:&quot;0&quot;,&quot;title&quot;:&quot;&quot;,&quot;orientation&quot;:&quot;0&quot;}\" data-image-title=\"image\" data-image-description=\"\" data-medium-file=\"https:\/\/i2.wp.com\/realitatearutiera.ro\/wp-content\/uploads\/2026\/04\/image-133.png?fit=300%2C158\" data-large-file=\"https:\/\/i2.wp.com\/realitatearutiera.ro\/wp-content\/uploads\/2026\/04\/image-133.png?fit=800%2C422\" src=\"https:\/\/i0.wp.com\/realitatearutiera.ro\/wp-content\/uploads\/2026\/04\/image-133-1024x540.png?resize=800%2C422&#038;ssl=1\" alt=\"\" class=\"wp-image-136032\" srcset=\"https:\/\/i2.wp.com\/realitatearutiera.ro\/wp-content\/uploads\/2026\/04\/image-133.png?resize=1024%2C540 1024w, https:\/\/i2.wp.com\/realitatearutiera.ro\/wp-content\/uploads\/2026\/04\/image-133.png?resize=300%2C158 300w, https:\/\/i2.wp.com\/realitatearutiera.ro\/wp-content\/uploads\/2026\/04\/image-133.png?resize=768%2C405 768w, https:\/\/i2.wp.com\/realitatearutiera.ro\/wp-content\/uploads\/2026\/04\/image-133.png?resize=390%2C205 390w, https:\/\/i2.wp.com\/realitatearutiera.ro\/wp-content\/uploads\/2026\/04\/image-133.png?w=1051 1051w\" sizes=\"auto, (max-width: 800px) 100vw, 800px\" data-recalc-dims=\"1\" \/><\/figure>\n\n\n\n<p>\u00cen Bucure\u015fti, un accident urmat de un incendiu putea s\u0103 ucid\u0103 un \u015fofer vinovat de neacordare de prioritate. Ma\u015fina lui s-a aprins \u015fi a ars ca o tor\u0163\u0103, b\u0103rbatul de 65 de ani abia a apucat s\u0103 se dea jos din ea. Am primit imagini pe Fii Observator, v\u0103 avertizez, v-ar putea afecta emo\u0163ional! P\u00e2n\u0103 le vede\u0163i, \u00eens\u0103, v\u0103 mai spun ce lec\u0163ie ustur\u0103toare a primit t\u00e2n\u0103rul de 21 de ani aflat la volanul celeilalte ma\u015fini. De\u015fi nu are nicio vin\u0103 \u00een producerea accidentului, \u015fi el r\u0103m\u00e2ne f\u0103r\u0103 permis, pentru c\u0103 urcase b\u0103ut la volan.<a href=\"https:\/\/observatornews.ro\/autori\/denisa-dicu-id215.html\"><\/a><\/p>\n\n\n\n<p>Accidentul a avut loc \u00een apropierea sta\u0163iei de autobuz din Pia\u0163a Giule\u015fti, cu pu\u0163in timp \u00eenainte de ora 7 diminea\u0163a. T\u00e2n\u0103rul de 21 ani care avea doi pasageri \u00een ma\u015fin\u0103, circula regulamentar, chiar dac\u0103 urcase la volan sub influen\u0163a alcoolului. Autoturismul care a luat foc imediat dupa impact este al \u0219oferului de 65, care a sc\u0103pat nev\u0103t\u0103mat pentru ca a reusit sa iasa la timp, inainte ca masina sa fie cuprinsa de flacari. Acum, ea este complet distrus\u0103. B\u0103iatul de 21 de ani scap\u0103 f\u0103r\u0103 dosar penal, dar r\u0103m\u00e2ne pieton 3 luni \u015fi are de pl\u0103tit o amend\u0103.<\/p>\n\n\n\n<h2 class=\"wp-block-heading\" id=\"section-1\">Ambii \u015foferi au r\u0103mas f\u0103r\u0103 permis<\/h2>\n\n\n\n<p><em>&#8220;Conduc\u0103torii auto au fost testa\u021bi cu aparatul etilotest, rezultatul fiind 0,39 mg\/l alcool pur \u00een aerul expirat pentru t\u00e2n\u0103rul \u00een v\u00e2rst\u0103 de 21 de ani \u0219i &#8216;zero&#8217; pentru conduc\u0103torul auto \u00een v\u00e2rst\u0103 de 65 de ani. De asemenea, ambii conducatori au fost testa\u021bi cu aparatul drugtest, rezultatele fiind negative \u00een ambele cazuri&#8221;,<\/em>&nbsp;a declarat&nbsp;<strong>Andra Arsintescu<\/strong>, purt\u0103tor de cuv\u00e2nt Brigada Rutier\u0103.<\/p>\n\n\n\n<p>Tot f\u0103r\u0103 permis de conducere pentru 90 de zile va r\u0103m\u00e2ne \u015fi b\u0103rbatul de 65 de ani, pentru c\u0103 nu a acordat prioritate \u00een intersec\u0163ie.<\/p>\n\n\n\n<p>Sursa:observatornews  Foto: observatornews<\/p>\n","protected":false},"excerpt":{"rendered":"<p>\u00cen Bucure\u015fti, un accident urmat de un incendiu putea s\u0103 ucid\u0103 un \u015fofer vinovat de neacordare de prioritate. Ma\u015fina lui<\/p>\n","protected":false},"author":1,"featured_media":136032,"comment_status":"open","ping_status":"closed","sticky":false,"template":"","format":"standard","meta":{"spay_email":"","footnotes":"","jetpack_publicize_message":""},"categories":[1],"tags":[],"class_list":["post-136031","post","type-post","status-publish","format-standard","has-post-thumbnail","hentry","category-uncategorized"],"jetpack_featured_media_url":"https:\/\/i2.wp.com\/realitatearutiera.ro\/wp-content\/uploads\/2026\/04\/image-133.png?fit=1051%2C554","jetpack_publicize_connections":[],"jetpack_sharing_enabled":true,"jetpack_shortlink":"https:\/\/wp.me\/p61naM-zo3","jetpack-related-posts":[],"_links":{"self":[{"href":"http:\/\/realitatearutiera.ro\/index.php?rest_route=\/wp\/v2\/posts\/136031","targetHints":{"allow":["GET"]}}],"collection":[{"href":"http:\/\/realitatearutiera.ro\/index.php?rest_route=\/wp\/v2\/posts"}],"about":[{"href":"http:\/\/realitatearutiera.ro\/index.php?rest_route=\/wp\/v2\/types\/post"}],"author":[{"embeddable":true,"href":"http:\/\/realitatearutiera.ro\/index.php?rest_route=\/wp\/v2\/users\/1"}],"replies":[{"embeddable":true,"href":"http:\/\/realitatearutiera.ro\/index.php?rest_route=%2Fwp%2Fv2%2Fcomments&post=136031"}],"version-history":[{"count":2,"href":"http:\/\/realitatearutiera.ro\/index.php?rest_route=\/wp\/v2\/posts\/136031\/revisions"}],"predecessor-version":[{"id":136035,"href":"http:\/\/realitatearutiera.ro\/index.php?rest_route=\/wp\/v2\/posts\/136031\/revisions\/136035"}],"wp:featuredmedia":[{"embeddable":true,"href":"http:\/\/realitatearutiera.ro\/index.php?rest_route=\/wp\/v2\/media\/136032"}],"wp:attachment":[{"href":"http:\/\/realitatearutiera.ro\/index.php?rest_route=%2Fwp%2Fv2%2Fmedia&parent=136031"}],"wp:term":[{"taxonomy":"category","embeddable":true,"href":"http:\/\/realitatearutiera.ro\/index.php?rest_route=%2Fwp%2Fv2%2Fcategories&post=136031"},{"taxonomy":"post_tag","embeddable":true,"href":"http:\/\/realitatearutiera.ro\/index.php?rest_route=%2Fwp%2Fv2%2Ftags&post=136031"}],"curies":[{"name":"wp","href":"https:\/\/api.w.org\/{rel}","templated":true}]}}