{"id":136036,"date":"2026-04-27T09:19:35","date_gmt":"2026-04-27T06:19:35","guid":{"rendered":"https:\/\/realitatearutiera.ro\/?p=136036"},"modified":"2026-04-27T09:20:19","modified_gmt":"2026-04-27T06:20:19","slug":"santierele-deschise-in-bucuresti-ingreuneaza-traficul","status":"publish","type":"post","link":"http:\/\/realitatearutiera.ro\/?p=136036","title":{"rendered":"\u0218antierele deschise \u00een Bucure\u0219ti \u00eengreuneaz\u0103 traficul"},"content":{"rendered":"\n<figure class=\"wp-block-image size-large is-resized\"><img loading=\"lazy\" decoding=\"async\" width=\"800\" height=\"450\" data-attachment-id=\"136037\" data-permalink=\"http:\/\/realitatearutiera.ro\/?attachment_id=136037\" data-orig-file=\"https:\/\/i2.wp.com\/realitatearutiera.ro\/wp-content\/uploads\/2026\/04\/image-134.png?fit=1280%2C720\" data-orig-size=\"1280,720\" data-comments-opened=\"1\" data-image-meta=\"{&quot;aperture&quot;:&quot;0&quot;,&quot;credit&quot;:&quot;&quot;,&quot;camera&quot;:&quot;&quot;,&quot;caption&quot;:&quot;&quot;,&quot;created_timestamp&quot;:&quot;0&quot;,&quot;copyright&quot;:&quot;&quot;,&quot;focal_length&quot;:&quot;0&quot;,&quot;iso&quot;:&quot;0&quot;,&quot;shutter_speed&quot;:&quot;0&quot;,&quot;title&quot;:&quot;&quot;,&quot;orientation&quot;:&quot;0&quot;}\" data-image-title=\"image\" data-image-description=\"\" data-medium-file=\"https:\/\/i2.wp.com\/realitatearutiera.ro\/wp-content\/uploads\/2026\/04\/image-134.png?fit=300%2C169\" data-large-file=\"https:\/\/i2.wp.com\/realitatearutiera.ro\/wp-content\/uploads\/2026\/04\/image-134.png?fit=800%2C450\" src=\"https:\/\/i0.wp.com\/realitatearutiera.ro\/wp-content\/uploads\/2026\/04\/image-134-1024x576.png?resize=800%2C450&#038;ssl=1\" alt=\"\" class=\"wp-image-136037\" style=\"width:572px;height:auto\" srcset=\"https:\/\/i2.wp.com\/realitatearutiera.ro\/wp-content\/uploads\/2026\/04\/image-134.png?resize=1024%2C576 1024w, https:\/\/i2.wp.com\/realitatearutiera.ro\/wp-content\/uploads\/2026\/04\/image-134.png?resize=300%2C169 300w, https:\/\/i2.wp.com\/realitatearutiera.ro\/wp-content\/uploads\/2026\/04\/image-134.png?resize=768%2C432 768w, https:\/\/i2.wp.com\/realitatearutiera.ro\/wp-content\/uploads\/2026\/04\/image-134.png?w=1280 1280w\" sizes=\"auto, (max-width: 800px) 100vw, 800px\" data-recalc-dims=\"1\" \/><\/figure>\n\n\n\n<p>Traficul din Bucure\u0219ti este \u00eengreunat \u00een aceast\u0103 perioad\u0103 din cauza numeroaselor \u0219antiere deschise \u00een tot ora\u0219ul. Se lucreaz\u0103 la re\u021beaua de termoficare \u0219i la liniile de transport \u00een comun.<\/p>\n\n\n\n<p>Unele trasee au fost modificate, iar tramvaiele, \u00eenlocuite de autobuze.<\/p>\n\n\n\n<p>Pe 14 artere principale din Bucure\u0219ti se schimb\u0103 \u0219inele de tramvai vechi de 20 de ani. \u00cen doi ani, autorit\u0103\u021bile vor \u00eenlocui aproximativ 50 de kilometri.<\/p>\n\n\n\n<p><strong>Alexandru Suciu, director de investi\u021bii al Prim\u0103riei Capitalei:&nbsp;<\/strong><em>Sunt linii care nu au mai fost reabilitate de cel pu\u021bin 20-30 de ani, avem 3 depouri care o s\u0103 intre \u00een reabilitare. Avem \u00een lucru prelungirea Ghencea care e unul dintre cele mai importante proiecte de infrastructur\u0103 \u0219i estim\u0103m c\u0103 anul acesta o sa avem progrese foarte mari pe partea de utilit\u0103\u021bi, tot anul acesta ne propunem s\u0103 finaliz\u0103m la podul Basarab.<\/em><\/p>\n\n\n\n<p>\u0218oferii vor pierde \u0219i mai mult\u0103 vreme la volan, \u00eentr-un ora\u0219 \u0219i a\u0219a aglomerat.<\/p>\n\n\n\n<p>Din cauza lucr\u0103rilor de modernizare, tramvaiele \u0219i autobuzele merg pe rute ocolitoare, astfel c\u0103 \u0219i c\u0103l\u0103torii trebuie s\u0103 plece \u0219i mai repede de acas\u0103.<\/p>\n\n\n\n<p>Pasajul Victoriei, unul dintre cele mai circulate din Bucure\u0219ti va intra \u00eentr-un proces de consolidare \u0219i modernizare pentru c\u0103 nu a mai fost reabilitat din 2009. De asemenea, vor fi reparate pasajele Lujerului \u0219i Obor, dar \u0219i Podul B\u0103neasa.<\/p>\n\n\n\n<p>Sursa:stirileprotv    Foto:stirileprotv<\/p>\n","protected":false},"excerpt":{"rendered":"<p>Traficul din Bucure\u0219ti este \u00eengreunat \u00een aceast\u0103 perioad\u0103 din cauza numeroaselor \u0219antiere deschise \u00een tot ora\u0219ul. Se lucreaz\u0103 la re\u021beaua<\/p>\n","protected":false},"author":1,"featured_media":136037,"comment_status":"open","ping_status":"closed","sticky":false,"template":"","format":"standard","meta":{"spay_email":"","footnotes":"","jetpack_publicize_message":""},"categories":[6],"tags":[],"class_list":["post-136036","post","type-post","status-publish","format-standard","has-post-thumbnail","hentry","category-social"],"jetpack_featured_media_url":"https:\/\/i2.wp.com\/realitatearutiera.ro\/wp-content\/uploads\/2026\/04\/image-134.png?fit=1280%2C720","jetpack_publicize_connections":[],"jetpack_sharing_enabled":true,"jetpack_shortlink":"https:\/\/wp.me\/p61naM-zo8","jetpack-related-posts":[],"_links":{"self":[{"href":"http:\/\/realitatearutiera.ro\/index.php?rest_route=\/wp\/v2\/posts\/136036","targetHints":{"allow":["GET"]}}],"collection":[{"href":"http:\/\/realitatearutiera.ro\/index.php?rest_route=\/wp\/v2\/posts"}],"about":[{"href":"http:\/\/realitatearutiera.ro\/index.php?rest_route=\/wp\/v2\/types\/post"}],"author":[{"embeddable":true,"href":"http:\/\/realitatearutiera.ro\/index.php?rest_route=\/wp\/v2\/users\/1"}],"replies":[{"embeddable":true,"href":"http:\/\/realitatearutiera.ro\/index.php?rest_route=%2Fwp%2Fv2%2Fcomments&post=136036"}],"version-history":[{"count":2,"href":"http:\/\/realitatearutiera.ro\/index.php?rest_route=\/wp\/v2\/posts\/136036\/revisions"}],"predecessor-version":[{"id":136040,"href":"http:\/\/realitatearutiera.ro\/index.php?rest_route=\/wp\/v2\/posts\/136036\/revisions\/136040"}],"wp:featuredmedia":[{"embeddable":true,"href":"http:\/\/realitatearutiera.ro\/index.php?rest_route=\/wp\/v2\/media\/136037"}],"wp:attachment":[{"href":"http:\/\/realitatearutiera.ro\/index.php?rest_route=%2Fwp%2Fv2%2Fmedia&parent=136036"}],"wp:term":[{"taxonomy":"category","embeddable":true,"href":"http:\/\/realitatearutiera.ro\/index.php?rest_route=%2Fwp%2Fv2%2Fcategories&post=136036"},{"taxonomy":"post_tag","embeddable":true,"href":"http:\/\/realitatearutiera.ro\/index.php?rest_route=%2Fwp%2Fv2%2Ftags&post=136036"}],"curies":[{"name":"wp","href":"https:\/\/api.w.org\/{rel}","templated":true}]}}