{"id":136042,"date":"2026-04-27T09:25:28","date_gmt":"2026-04-27T06:25:28","guid":{"rendered":"https:\/\/realitatearutiera.ro\/?p=136042"},"modified":"2026-04-27T09:25:32","modified_gmt":"2026-04-27T06:25:32","slug":"vremea-391","status":"publish","type":"post","link":"http:\/\/realitatearutiera.ro\/?p=136042","title":{"rendered":"Vremea"},"content":{"rendered":"\n<p>Vremea se r\u0103ce\u0219te accentuat de luni, 27 aprilie, \u00een \u00eentreaga \u021bar\u0103, cu temperaturi sub media perioadei \u0219i ploi \u00een anumite regiuni, potrivit prognozei emise de&nbsp;<a href=\"https:\/\/www.meteoromania.ro\/\" target=\"_blank\" rel=\"noreferrer noopener\">ANM.<\/a><img loading=\"lazy\" decoding=\"async\" src=\"https:\/\/i1.wp.com\/cdn.adh.reperio.news\/image-4\/479bd88b-4637-4691-91c5-744295bf2314\/index.jpeg?resize=800%2C429&#038;ssl=1\" alt=\"Temperaturile sunt sub normalul acestei perioade. FOTO: Freepick\" width=\"800\" height=\"429\"  data-recalc-dims=\"1\"><\/p>\n\n\n\n<p>Temperaturile sunt sub normalul acestei perioade. FOTO: Freepick<\/p>\n\n\n\n<p>Administra\u021bia Na\u021bional\u0103 de Meteorologie anun\u021b\u0103 c\u0103 de luni, 27 aprilie, vremea&nbsp;<a href=\"https:\/\/adevarul.ro\/stiri-interne\/meteo\/un-val-polar-aduce-o-noua-racire-in-romania-de-2524870.html\" target=\"_blank\" rel=\"noreferrer noopener\">se va r\u0103ci<\/a>&nbsp;semnificativ, mai \u00eent\u00e2i \u00een jum\u0103tatea de sud a \u021b\u0103rii, iar ulterior \u00een toate regiunile. Temperaturile vor cobor\u00ee sub valorile normale pentru aceast\u0103 perioad\u0103 a anului, \u00eens\u0103 intensitatea v\u00e2ntului va fi \u00een sc\u0103dere fa\u021b\u0103 de zilele anterioare.<\/p>\n\n\n\n<p>\u00cen cursul zilei, &nbsp;\u00een sudul \u021b\u0103rii se va resim\u021bi cel mai puternic aceast\u0103 r\u0103cire, \u00een timp ce \u00een celelalte regiuni valorile termice vor r\u0103m\u00e2ne apropiate de cele din zilele precedente.<\/p>\n\n\n\n<p>Cerul va fi \u00een general senin, iar v\u00e2ntul va sufla slab \u0219i moderat, cu unele intensific\u0103ri izolate \u00een estul \u0219i sud-estul teritoriului, unde rafalele vor atinge 40-45 km\/h. \u00cen zonele montane, \u00een special \u00een Carpa\u021bii Orientali \u0219i Meridionali, v\u00e2ntul va fi mai puternic, cu rafale de p\u00e2n\u0103 la 60\u201370 km\/h.<\/p>\n\n\n\n<p>Temperaturile maxime se vor \u00eencadra \u00eentre 11 \u0219i 19 grade Celsius, \u00een timp ce minimele vor cobor\u00ee \u00eentre -7 \u0219i 9 grade.<\/p>\n\n\n\n<p>\u00cen timpul nop\u021bii, \u00een nordul \u0219i centrul \u021b\u0103rii se va forma brum\u0103 pe arii locale, iar \u00een alte regiuni, mai ales \u00een zonele depresionare \u0219i subcarpatice, acest fenomen va ap\u0103rea pe suprafe\u021be restr\u00e2nse.<\/p>\n\n\n\n<h2 class=\"wp-block-heading\">\u00cen Capital\u0103<\/h2>\n\n\n\n<p>\u00cen Bucure\u0219ti, r\u0103cirea vremii va fi, de asemenea, resim\u021bit\u0103, temperaturile diurne situ\u00e2ndu-se u\u0219or sub valorile normale pentru aceast\u0103 dat\u0103. Cerul va r\u0103m\u00e2ne mai mult senin, iar v\u00e2ntul va sufla slab \u0219i moderat. Temperatura maxim\u0103 va fi cuprins\u0103 \u00eentre 17 \u0219i 19 grade, iar minima va cobor\u00ee la 4-7 grade Celsius.<\/p>\n\n\n\n<p>Sursa: adevarul<\/p>\n","protected":false},"excerpt":{"rendered":"<p>Vremea se r\u0103ce\u0219te accentuat de luni, 27 aprilie, \u00een \u00eentreaga \u021bar\u0103, cu temperaturi sub media perioadei \u0219i ploi \u00een anumite<\/p>\n","protected":false},"author":1,"featured_media":98444,"comment_status":"open","ping_status":"closed","sticky":false,"template":"","format":"standard","meta":{"spay_email":"","footnotes":"","jetpack_publicize_message":""},"categories":[6],"tags":[],"class_list":["post-136042","post","type-post","status-publish","format-standard","has-post-thumbnail","hentry","category-social"],"jetpack_featured_media_url":"https:\/\/i1.wp.com\/realitatearutiera.ro\/wp-content\/uploads\/2023\/05\/meteo-vremea-1-1024x379-1.jpg?fit=1024%2C379","jetpack_publicize_connections":[],"jetpack_sharing_enabled":true,"jetpack_shortlink":"https:\/\/wp.me\/p61naM-zoe","jetpack-related-posts":[],"_links":{"self":[{"href":"http:\/\/realitatearutiera.ro\/index.php?rest_route=\/wp\/v2\/posts\/136042","targetHints":{"allow":["GET"]}}],"collection":[{"href":"http:\/\/realitatearutiera.ro\/index.php?rest_route=\/wp\/v2\/posts"}],"about":[{"href":"http:\/\/realitatearutiera.ro\/index.php?rest_route=\/wp\/v2\/types\/post"}],"author":[{"embeddable":true,"href":"http:\/\/realitatearutiera.ro\/index.php?rest_route=\/wp\/v2\/users\/1"}],"replies":[{"embeddable":true,"href":"http:\/\/realitatearutiera.ro\/index.php?rest_route=%2Fwp%2Fv2%2Fcomments&post=136042"}],"version-history":[{"count":1,"href":"http:\/\/realitatearutiera.ro\/index.php?rest_route=\/wp\/v2\/posts\/136042\/revisions"}],"predecessor-version":[{"id":136043,"href":"http:\/\/realitatearutiera.ro\/index.php?rest_route=\/wp\/v2\/posts\/136042\/revisions\/136043"}],"wp:featuredmedia":[{"embeddable":true,"href":"http:\/\/realitatearutiera.ro\/index.php?rest_route=\/wp\/v2\/media\/98444"}],"wp:attachment":[{"href":"http:\/\/realitatearutiera.ro\/index.php?rest_route=%2Fwp%2Fv2%2Fmedia&parent=136042"}],"wp:term":[{"taxonomy":"category","embeddable":true,"href":"http:\/\/realitatearutiera.ro\/index.php?rest_route=%2Fwp%2Fv2%2Fcategories&post=136042"},{"taxonomy":"post_tag","embeddable":true,"href":"http:\/\/realitatearutiera.ro\/index.php?rest_route=%2Fwp%2Fv2%2Ftags&post=136042"}],"curies":[{"name":"wp","href":"https:\/\/api.w.org\/{rel}","templated":true}]}}