{"id":136044,"date":"2026-04-27T09:31:44","date_gmt":"2026-04-27T06:31:44","guid":{"rendered":"https:\/\/realitatearutiera.ro\/?p=136044"},"modified":"2026-04-27T09:31:46","modified_gmt":"2026-04-27T06:31:46","slug":"amenzi-si-permise-suspendate-din-cauza-conducerii-agresive-pe-dn1c","status":"publish","type":"post","link":"http:\/\/realitatearutiera.ro\/?p=136044","title":{"rendered":"Amenzi \u0219i permise suspendate din cauza conducerii agresive pe DN1C"},"content":{"rendered":"\n<figure class=\"wp-block-image size-large is-resized\"><img loading=\"lazy\" decoding=\"async\" width=\"800\" height=\"450\" data-attachment-id=\"136045\" data-permalink=\"http:\/\/realitatearutiera.ro\/?attachment_id=136045\" data-orig-file=\"https:\/\/i2.wp.com\/realitatearutiera.ro\/wp-content\/uploads\/2026\/04\/image-135.png?fit=1200%2C675\" data-orig-size=\"1200,675\" data-comments-opened=\"1\" data-image-meta=\"{&quot;aperture&quot;:&quot;0&quot;,&quot;credit&quot;:&quot;&quot;,&quot;camera&quot;:&quot;&quot;,&quot;caption&quot;:&quot;&quot;,&quot;created_timestamp&quot;:&quot;0&quot;,&quot;copyright&quot;:&quot;&quot;,&quot;focal_length&quot;:&quot;0&quot;,&quot;iso&quot;:&quot;0&quot;,&quot;shutter_speed&quot;:&quot;0&quot;,&quot;title&quot;:&quot;&quot;,&quot;orientation&quot;:&quot;0&quot;}\" data-image-title=\"image\" data-image-description=\"\" data-medium-file=\"https:\/\/i2.wp.com\/realitatearutiera.ro\/wp-content\/uploads\/2026\/04\/image-135.png?fit=300%2C169\" data-large-file=\"https:\/\/i2.wp.com\/realitatearutiera.ro\/wp-content\/uploads\/2026\/04\/image-135.png?fit=800%2C450\" src=\"https:\/\/i2.wp.com\/realitatearutiera.ro\/wp-content\/uploads\/2026\/04\/image-135-1024x576.png?resize=800%2C450&#038;ssl=1\" alt=\"\" class=\"wp-image-136045\" style=\"width:609px;height:auto\" srcset=\"https:\/\/i2.wp.com\/realitatearutiera.ro\/wp-content\/uploads\/2026\/04\/image-135.png?resize=1024%2C576 1024w, https:\/\/i2.wp.com\/realitatearutiera.ro\/wp-content\/uploads\/2026\/04\/image-135.png?resize=300%2C169 300w, https:\/\/i2.wp.com\/realitatearutiera.ro\/wp-content\/uploads\/2026\/04\/image-135.png?resize=768%2C432 768w, https:\/\/i2.wp.com\/realitatearutiera.ro\/wp-content\/uploads\/2026\/04\/image-135.png?w=1200 1200w\" sizes=\"auto, (max-width: 800px) 100vw, 800px\" data-recalc-dims=\"1\" \/><\/figure>\n\n\n\n<p>Doi \u0219oferi au fost sanc\u021biona\u021bi drastic dup\u0103 ce au fost surprin\u0219i din aer \u00een timp ce conduceau agresiv pe DN1C, pe sectorul Cluj-Napoca \u2013 Baia Mare. Unul dintre ei a f\u0103cut 4&nbsp;<a href=\"https:\/\/www.promotor.ro\/stiri-auto\/filmat-din-elicopter-cum-face-depasiri-riscante-pe-dn6-ce-a-patit-acest-sofer-dupa-ce-a-fost-oprit-de-politisti-video-19448746\">dep\u0103\u0219iri<\/a>&nbsp;neregulamentare \u00een doar 4 minute, pe linie continu\u0103, iar poli\u021bi\u0219tii au decis oprirea acestuia cu sprijinul echipajului aflat \u00een elicopter.<\/p>\n\n\n\n<p>Potrivit News.ro, ac\u021biunea a avut loc duminic\u0103, \u00een jude\u021bul Cluj, \u00eentr-un interval de aproximativ o or\u0103. Cei 2 conduc\u0103tori auto au fost filma\u021bi \u00een timp ce efectuau dep\u0103\u0219iri periculoase pe un drum na\u021bional intens circulat, unde astfel de manevre pot duce rapid la accidente grave.<\/p>\n\n\n\n<h2 class=\"wp-block-heading\"><strong>Dep\u0103\u0219iri pe linie continu\u0103, surprinse din aer pe DN1C<\/strong><\/h2>\n\n\n\n<p>Primul caz \u00eel vizeaz\u0103 pe un b\u0103rbat de 50 de ani, din jude\u021bul Maramure\u0219. Acesta a fost \u00eenregistrat \u00eentre localit\u0103\u021bile Livada \u0219i Bune\u0219ti, unde a efectuat 4 dep\u0103\u0219iri neregulamentare \u00een 4 minute. Poli\u021bi\u0219tii au transmis c\u0103 manevrele nu pot fi considerate o dovad\u0103 de abilitate la volan, ci un comportament periculos, care pune \u00een risc at\u00e2t \u0219oferul, c\u00e2t \u0219i ceilal\u021bi participan\u021bi la trafic.<\/p>\n\n\n\n<p>Pentru c\u0103 \u0219oferul nu \u0219i-a schimbat conduita, echipajul aerian a intervenit direct. B\u0103rbatul a fost somat prin sistemul acustic al elicopterului \u0219i ulterior oprit. Acesta a primit o amend\u0103 de 4.860 de lei, iar dreptul de a conduce i-a fost suspendat pentru 240 de zile.<\/p>\n\n\n\n<h2 class=\"wp-block-heading\"><strong>Al doilea \u0219ofer, prins cu 3 dep\u0103\u0219iri similare<\/strong><\/h2>\n\n\n\n<p>\u00cen aceea\u0219i ac\u021biune, poli\u021bi\u0219tii au identificat \u0219i un alt conduc\u0103tor auto, \u00een v\u00e2rst\u0103 de 59 de ani, din jude\u021bul Satu Mare. Acesta a fost surprins \u00een zona Coplean \u00een timp ce efectua 3 dep\u0103\u0219iri neregulamentare, tot pe linie continu\u0103.<\/p>\n\n\n\n<p>\u0218i \u00een acest caz, sanc\u021biunea a fost sever\u0103. \u0218oferul a fost amendat cu 3.645 de lei, iar permisul i-a fost suspendat pentru 180 de zile. Poli\u021bi\u0219tii atrag aten\u021bia c\u0103 astfel de manevre, mai ales pe drumuri na\u021bionale cu trafic intens, reduc considerabil timpul de reac\u021bie \u0219i pot provoca accidente frontale.<\/p>\n\n\n\n<h2 class=\"wp-block-heading\"><strong>Poli\u021bia folose\u0219te monitorizarea aerian\u0103 pentru \u0219oferii agresivi<\/strong><\/h2>\n\n\n\n<p>Ac\u021biunea din jude\u021bul Cluj s-a desf\u0103\u0219urat cu sprijinul Inspectoratului General de Avia\u021bie al Ministerului Afacerilor Interne. Monitorizarea din aer permite identificarea unor abateri care pot fi greu de observat de la sol, \u00een special pe sectoarele de drum unde \u0219oferii for\u021beaz\u0103 dep\u0103\u0219iri sau circul\u0103 agresiv.<\/p>\n\n\n\n<p>Cazurile de pe DN1C arat\u0103 c\u0103 dep\u0103\u0219irea pe&nbsp;<a href=\"https:\/\/www.promotor.ro\/stiri-auto\/o-idee-noua-a-politicienilor-din-romania-depasirea-pe-linie-continua-ar-putea-fi-permisa-in-unele-situatii-19166606\">linie continu\u0103<\/a>&nbsp;nu mai este doar o abatere constatat\u0103 punctual de echipajele rutiere, ci poate fi documentat\u0103 inclusiv prin supraveghere aerian\u0103. Pentru \u0219oferi, consecin\u021bele sunt directe: amenzi mari, suspendarea permisului pentru luni \u00eentregi \u0219i un risc major de a provoca tragedii.<\/p>\n\n\n\n<p>VIDEO <a href=\"https:\/\/www.promotor.ro\/stiri-auto\/video-soferi-filmati-din-elicopter-dupa-depasiri-periculoase-amenzi-de-mii-de-lei-si-permise-suspendate-pana-la-240-de-zile-19493843\">aici<\/a><\/p>\n\n\n\n<p>Sursa:promotor    Foto:promotor<\/p>\n","protected":false},"excerpt":{"rendered":"<p>Doi \u0219oferi au fost sanc\u021biona\u021bi drastic dup\u0103 ce au fost surprin\u0219i din aer \u00een timp ce conduceau agresiv pe DN1C,<\/p>\n","protected":false},"author":1,"featured_media":136045,"comment_status":"open","ping_status":"closed","sticky":false,"template":"","format":"standard","meta":{"spay_email":"","footnotes":"","jetpack_publicize_message":""},"categories":[82],"tags":[],"class_list":["post-136044","post","type-post","status-publish","format-standard","has-post-thumbnail","hentry","category-auto"],"jetpack_featured_media_url":"https:\/\/i2.wp.com\/realitatearutiera.ro\/wp-content\/uploads\/2026\/04\/image-135.png?fit=1200%2C675","jetpack_publicize_connections":[],"jetpack_sharing_enabled":true,"jetpack_shortlink":"https:\/\/wp.me\/p61naM-zog","jetpack-related-posts":[],"_links":{"self":[{"href":"http:\/\/realitatearutiera.ro\/index.php?rest_route=\/wp\/v2\/posts\/136044","targetHints":{"allow":["GET"]}}],"collection":[{"href":"http:\/\/realitatearutiera.ro\/index.php?rest_route=\/wp\/v2\/posts"}],"about":[{"href":"http:\/\/realitatearutiera.ro\/index.php?rest_route=\/wp\/v2\/types\/post"}],"author":[{"embeddable":true,"href":"http:\/\/realitatearutiera.ro\/index.php?rest_route=\/wp\/v2\/users\/1"}],"replies":[{"embeddable":true,"href":"http:\/\/realitatearutiera.ro\/index.php?rest_route=%2Fwp%2Fv2%2Fcomments&post=136044"}],"version-history":[{"count":1,"href":"http:\/\/realitatearutiera.ro\/index.php?rest_route=\/wp\/v2\/posts\/136044\/revisions"}],"predecessor-version":[{"id":136046,"href":"http:\/\/realitatearutiera.ro\/index.php?rest_route=\/wp\/v2\/posts\/136044\/revisions\/136046"}],"wp:featuredmedia":[{"embeddable":true,"href":"http:\/\/realitatearutiera.ro\/index.php?rest_route=\/wp\/v2\/media\/136045"}],"wp:attachment":[{"href":"http:\/\/realitatearutiera.ro\/index.php?rest_route=%2Fwp%2Fv2%2Fmedia&parent=136044"}],"wp:term":[{"taxonomy":"category","embeddable":true,"href":"http:\/\/realitatearutiera.ro\/index.php?rest_route=%2Fwp%2Fv2%2Fcategories&post=136044"},{"taxonomy":"post_tag","embeddable":true,"href":"http:\/\/realitatearutiera.ro\/index.php?rest_route=%2Fwp%2Fv2%2Ftags&post=136044"}],"curies":[{"name":"wp","href":"https:\/\/api.w.org\/{rel}","templated":true}]}}