{"id":136065,"date":"2026-04-27T10:11:10","date_gmt":"2026-04-27T07:11:10","guid":{"rendered":"https:\/\/realitatearutiera.ro\/?p=136065"},"modified":"2026-04-27T10:11:12","modified_gmt":"2026-04-27T07:11:12","slug":"tragedie-la-soveja-32-de-case-au-ars-complet","status":"publish","type":"post","link":"http:\/\/realitatearutiera.ro\/?p=136065","title":{"rendered":"Tragedie la Soveja! 32 de case au ars complet"},"content":{"rendered":"\n<figure class=\"wp-block-image size-large\"><img loading=\"lazy\" decoding=\"async\" width=\"800\" height=\"497\" data-attachment-id=\"136066\" data-permalink=\"http:\/\/realitatearutiera.ro\/?attachment_id=136066\" data-orig-file=\"https:\/\/i2.wp.com\/realitatearutiera.ro\/wp-content\/uploads\/2026\/04\/image-141.png?fit=1200%2C745\" data-orig-size=\"1200,745\" data-comments-opened=\"1\" data-image-meta=\"{&quot;aperture&quot;:&quot;0&quot;,&quot;credit&quot;:&quot;&quot;,&quot;camera&quot;:&quot;&quot;,&quot;caption&quot;:&quot;&quot;,&quot;created_timestamp&quot;:&quot;0&quot;,&quot;copyright&quot;:&quot;&quot;,&quot;focal_length&quot;:&quot;0&quot;,&quot;iso&quot;:&quot;0&quot;,&quot;shutter_speed&quot;:&quot;0&quot;,&quot;title&quot;:&quot;&quot;,&quot;orientation&quot;:&quot;0&quot;}\" data-image-title=\"image\" data-image-description=\"\" data-medium-file=\"https:\/\/i2.wp.com\/realitatearutiera.ro\/wp-content\/uploads\/2026\/04\/image-141.png?fit=300%2C186\" data-large-file=\"https:\/\/i2.wp.com\/realitatearutiera.ro\/wp-content\/uploads\/2026\/04\/image-141.png?fit=800%2C497\" src=\"https:\/\/i2.wp.com\/realitatearutiera.ro\/wp-content\/uploads\/2026\/04\/image-141-1024x636.png?resize=800%2C497&#038;ssl=1\" alt=\"\" class=\"wp-image-136066\" srcset=\"https:\/\/i2.wp.com\/realitatearutiera.ro\/wp-content\/uploads\/2026\/04\/image-141.png?resize=1024%2C636 1024w, https:\/\/i2.wp.com\/realitatearutiera.ro\/wp-content\/uploads\/2026\/04\/image-141.png?resize=300%2C186 300w, https:\/\/i2.wp.com\/realitatearutiera.ro\/wp-content\/uploads\/2026\/04\/image-141.png?resize=768%2C477 768w, https:\/\/i2.wp.com\/realitatearutiera.ro\/wp-content\/uploads\/2026\/04\/image-141.png?w=1200 1200w\" sizes=\"auto, (max-width: 800px) 100vw, 800px\" data-recalc-dims=\"1\" \/><\/figure>\n\n\n\n<p>Arde un sat \u00een Vrancea! Trei sute de oameni din Soveja au fugit dispera\u021bi din calea fl\u0103c\u0103rilor, iar \u00een urma lor a r\u0103mas doar cenu\u0219\u0103. Un incendiu pornit de la co\u015ful casei unei b\u0103tr\u00e2ne s-a transformat \u00een c\u00e2teva ore, \u00eentr-un dezastru de propor\u021bii. V\u00e2ntul a purtat focul din gospod\u0103rie \u00een gospod\u0103rie, \u015fi \u00een ciuda eforturilor a peste 200 de pompieri veni\u0163i din \u015fase jude\u0163e, 32 de case au ars complet. Pare un blestem ce s-a \u00eent\u00e2mplat \u00een micu\u0163a sta\u0163iune vr\u00e2ncean\u0103: \u00een urm\u0103 cu \u015fapte decenii un incendiu a f\u0103cut scrum toate cele peste 300 de case din sat.&nbsp;<a href=\"https:\/\/observatornews.ro\/autori\/redactia-observator-id29.html\"><\/a><\/p>\n\n\n\n<p>Soveja e scrum c\u00e2t vezi cu ochii. La 10 diminea\u0163a, fl\u0103c\u0103rile pornite de la c\u0103su\u0163a din lemn a unei b\u0103tr\u00e2ne s-au dovedit de nest\u0103vilit. V\u00e2ntul le-a \u00eempr\u0103\u015ftiat cu repeziciune \u015fi \u00een c\u00e2teva ore au mistuit alte 31 de gospod\u0103rii.<em>&nbsp;&#8220;Sc\u00e2nteia a s\u0103rit de la o cas\u0103 la alta. Cum s\u0103 o la\u015fi cu v\u00e2ntul \u0103sta s\u0103 faci focul&#8221;,<\/em>&nbsp;spune o femeie. Oamenii care locuiau \u00een apropiere nu au \u015ftiut \u00eencotro s\u0103 o apuce \u015fi ce s\u0103 salveze mai \u00eent\u00e2i din calea incendiului.<\/p>\n\n\n\n<h2 class=\"wp-block-heading\" id=\"section-1\">Patru oameni au f\u0103cut atac de panic\u0103<\/h2>\n\n\n\n<p>Casele de lemn s-au aprins una c\u00e2te una \u015fi au ars aidoma unor be\u0163e de chibrit. C\u00e2nd \u015fi-au v\u0103zut agoniseala de-o via\u0163\u0103 f\u0103cut\u0103 scrum, patru oameni au f\u0103cut atac de panic\u0103.&nbsp;<em>&#8220;La fa\u0163a locului, ac\u0163ioneaz\u0103 13 de autospeciale de stingere cu ap\u0103 \u015fi spum\u0103, 7 autospeciale pentru munca operativ\u0103, 3 microbuze pentru transportul personalului, dou\u0103 echipaje SMURD \u015fi 228 de pompieri&#8221;<\/em>, a declarat&nbsp;<strong>Florin Olaru,&nbsp;<\/strong>purt\u0103tor de cuv\u00eent ISU Vrancea.<\/p>\n\n\n\n<p>Trei sute de persoane au evacuat pompierii. 15 familii au r\u0103mas pe drumuri. Vor dormi pe la pensiunile din sat \u015fi la baza Salvamont.&nbsp;<em>&#8220;Sunt \u015fi copii, sunt is br\u0103t\u00e2ni. Colegii mei sunt n teren, verific\u0103 situa\u015fia fiec\u0103rui. Cei mai in v\u00e2rst\u0103, persoanele vu\u015fnerabile au mers pe la vecini. Trebuie s\u0103 \u00eei ajut\u0103m, nu putem s\u0103 \u00eei l\u0103s\u0103m \u00een strad\u0103, gpsim solu\u0163ii&#8221;<\/em>, a declarat&nbsp;<strong>Ionu\u021b Filimon<\/strong>, primar Soveja. Pentru b\u0103tr\u00e2nii satului, incendiul de azi pare un blestem care nu le d\u0103 pace. \u00cen urm\u0103 cu 70 de ani, 17 oameni au murit, dup\u0103 ce focul a mistuit 370 de case din sat. Gr\u0103dini\u0163a, prim\u0103ria \u015fi postul de jandarmi s-au f\u0103cut \u015fi ele scrum atunci.<\/p>\n\n\n\n<p>Sursa: observatornews   Foto: observatornews<\/p>\n","protected":false},"excerpt":{"rendered":"<p>Arde un sat \u00een Vrancea! Trei sute de oameni din Soveja au fugit dispera\u021bi din calea fl\u0103c\u0103rilor, iar \u00een urma<\/p>\n","protected":false},"author":1,"featured_media":136066,"comment_status":"open","ping_status":"closed","sticky":false,"template":"","format":"standard","meta":{"spay_email":"","footnotes":"","jetpack_publicize_message":""},"categories":[6],"tags":[],"class_list":["post-136065","post","type-post","status-publish","format-standard","has-post-thumbnail","hentry","category-social"],"jetpack_featured_media_url":"https:\/\/i2.wp.com\/realitatearutiera.ro\/wp-content\/uploads\/2026\/04\/image-141.png?fit=1200%2C745","jetpack_publicize_connections":[],"jetpack_sharing_enabled":true,"jetpack_shortlink":"https:\/\/wp.me\/p61naM-zoB","jetpack-related-posts":[],"_links":{"self":[{"href":"http:\/\/realitatearutiera.ro\/index.php?rest_route=\/wp\/v2\/posts\/136065","targetHints":{"allow":["GET"]}}],"collection":[{"href":"http:\/\/realitatearutiera.ro\/index.php?rest_route=\/wp\/v2\/posts"}],"about":[{"href":"http:\/\/realitatearutiera.ro\/index.php?rest_route=\/wp\/v2\/types\/post"}],"author":[{"embeddable":true,"href":"http:\/\/realitatearutiera.ro\/index.php?rest_route=\/wp\/v2\/users\/1"}],"replies":[{"embeddable":true,"href":"http:\/\/realitatearutiera.ro\/index.php?rest_route=%2Fwp%2Fv2%2Fcomments&post=136065"}],"version-history":[{"count":1,"href":"http:\/\/realitatearutiera.ro\/index.php?rest_route=\/wp\/v2\/posts\/136065\/revisions"}],"predecessor-version":[{"id":136067,"href":"http:\/\/realitatearutiera.ro\/index.php?rest_route=\/wp\/v2\/posts\/136065\/revisions\/136067"}],"wp:featuredmedia":[{"embeddable":true,"href":"http:\/\/realitatearutiera.ro\/index.php?rest_route=\/wp\/v2\/media\/136066"}],"wp:attachment":[{"href":"http:\/\/realitatearutiera.ro\/index.php?rest_route=%2Fwp%2Fv2%2Fmedia&parent=136065"}],"wp:term":[{"taxonomy":"category","embeddable":true,"href":"http:\/\/realitatearutiera.ro\/index.php?rest_route=%2Fwp%2Fv2%2Fcategories&post=136065"},{"taxonomy":"post_tag","embeddable":true,"href":"http:\/\/realitatearutiera.ro\/index.php?rest_route=%2Fwp%2Fv2%2Ftags&post=136065"}],"curies":[{"name":"wp","href":"https:\/\/api.w.org\/{rel}","templated":true}]}}