{"id":136097,"date":"2026-04-28T08:41:46","date_gmt":"2026-04-28T05:41:46","guid":{"rendered":"https:\/\/realitatearutiera.ro\/?p=136097"},"modified":"2026-04-28T08:41:48","modified_gmt":"2026-04-28T05:41:48","slug":"vremea-392","status":"publish","type":"post","link":"http:\/\/realitatearutiera.ro\/?p=136097","title":{"rendered":"Vremea"},"content":{"rendered":"\n<p>Mar\u021bi temperaturile cresc \u0219i se apropie de normal \u00een cea mai mare parte a \u021b\u0103rii, mai pu\u021bin \u00een nord \u0219i \u00een nord-est, pe unde vremea se men\u021bine rece.<\/p>\n\n\n\n<p>Avem atmosfer\u0103 \u00eensorit\u0103 aproape peste tot, ceva \u00eennor\u0103ri pe la deal \u0219i pe la munte \u0219i un v\u00e2nt insistent pe partea sud-estic\u0103 \u0219i \u00een zonele montane \u00eenalte. Maximele pornesc de la 13 grade pe litoral \u0219i ajung la 22 de grade \u00een \u021binuturile sudice.<\/p>\n\n\n\n<p>Vedem cum arat\u0103 vremea \u00een fiecare regiune \u0219i \u00eencepem cu Dobrogea \u0219i cu B\u0103r\u0103ganul, pe unde g\u0103sim soare \u0219i vreme bun\u0103. V\u00e2ntul are intensific\u0103ri, iar temperaturile, \u00een cre\u0219tere fa\u021b\u0103 de luni, ajung la 20 de grade \u00een B\u0103r\u0103gan.<\/p>\n\n\n\n<p>\u00cen Moldova sudic\u0103 \u0219i \u00een nordul Munteniei se anun\u021b\u0103 tot o zi frumoas\u0103. Dup\u0103-amiaz\u0103, doar \u00een zonele mai \u00eenalte se adun\u0103 c\u00e2\u021biva nori. V\u00e2ntul se \u00eente\u021be\u0219te \u0219i se mai \u00eenc\u0103lze\u0219te pu\u021bin. Dup\u0103 pr\u00e2nz se ating 19 grade.<\/p>\n\n\n\n<p>\u00cen jum\u0103tatea nordic\u0103 a Moldovei \u0219i \u00een Bucovina domin\u0103 atmosfera cu soare, \u00eens\u0103 temperaturile r\u0103m\u00e2n sc\u0103zute pentru sf\u00e2r\u0219it de aprilie \u0219i se opresc la 17 grade. \u00cen a doua parte a zilei, pe la deal \u0219i pe la munte se adun\u0103 c\u00e2\u021biva nori de ploaie.<\/p>\n\n\n\n<p>\u00cen nordul Transilvaniei \u0219i \u00een Maramure\u0219 g\u0103sim vreme bun\u0103 \u0219i o amiaz\u0103 pl\u0103cut\u0103, cu maxime de p\u00e2n\u0103 la 19 grade \u00een zona Maramure\u0219ului. \u00cen regiunile montane se \u00eennoreaz\u0103 din c\u00e2nd \u00een c\u00e2nd, iar v\u00e2ntul bate mai tare la altitudini mari.<\/p>\n\n\n\n<p>\u00cen vestul \u021b\u0103rii soarele str\u0103luce\u0219te \u00een cea mai mare parte a zilei. Apar \u0219i c\u00e2\u021biva nori inofensivi, iar amiaza aduce atmosfer\u0103 pl\u0103cut\u0103 \u0219i temperaturi de 19&#8230;20 de grade &#8211; valori apropiate de normalul perioadei.<\/p>\n\n\n\n<p>\u00cen Transilvania avem \u00eenc\u0103 o diminea\u021b\u0103 foarte rece \u00een depresiuni, pe unde sunt \u0219i ceva condi\u021bii de brum\u0103. Apoi soarele \u00eenc\u0103lze\u0219te atmosfera, iar dup\u0103 pr\u00e2nz temperaturile urc\u0103 p\u00e2n\u0103 la 20 de grade. \u00cen a doua parte a zilei se \u00eennoreaz\u0103 pe la munte, pe unde e posibil s\u0103 vin\u0103 \u0219i c\u00e2\u021biva stropi de ploaie. V\u00e2ntul se \u00eente\u021be\u0219te la altitudini mari.<\/p>\n\n\n\n<p>\u00cen Oltenia g\u0103sim soare \u0219i vreme bun\u0103. V\u00e2ntul adie pl\u0103cut \u0219i se face pu\u021bin mai cald dec\u00e2t luni. La Drobeta-Turnu Severin se ating 22 de grade &#8211; cele mai mari valori din \u021bar\u0103.<\/p>\n\n\n\n<p>Cam la fel va fi \u0219i \u00een sudul Rom\u00e2niei: atmosfer\u0103 \u00eensorit\u0103, v\u00e2nt domol \u0219i temperaturi \u00een cre\u0219tere fa\u021b\u0103 de ziua trecut\u0103. Pe-aici se vor \u00eenregistra \u00een jur de 20 de grade.<\/p>\n\n\n\n<p>\u00cen Bucure\u0219ti avem o zi \u00eensorit\u0103 \u0219i o amiaz\u0103 pl\u0103cut\u0103, mai cald\u0103 dec\u00e2t cea de luni. Se vor atinge 21&#8230;22 de grade. La noapte se adun\u0103 norii, dar e pu\u021bin probabil s\u0103 plou\u0103. Minima ajunge la 8 grade.<\/p>\n\n\n\n<p>Vremea se mai \u00eenc\u0103lze\u0219te \u0219i \u00een zonele montane. O s\u0103 fie soare \u00een prima parte a zilei. Mai t\u00e2rziu, \u00een masivele sudice \u0219i \u00een cele estice apar ceva \u00eennor\u0103ri \u0219i condi\u021bii de ploaie. V\u00e2ntul bate mai tare pe creste, iar la noapte vin c\u00e2teva ploi slabe \u00een zona Carpa\u021bilor Meridionali.<\/p>\n\n\n\n<p>Sursa:stirileprotv<\/p>\n","protected":false},"excerpt":{"rendered":"<p>Mar\u021bi temperaturile cresc \u0219i se apropie de normal \u00een cea mai mare parte a \u021b\u0103rii, mai pu\u021bin \u00een nord \u0219i<\/p>\n","protected":false},"author":1,"featured_media":95784,"comment_status":"open","ping_status":"closed","sticky":false,"template":"","format":"standard","meta":{"spay_email":"","footnotes":"","jetpack_publicize_message":""},"categories":[6],"tags":[],"class_list":["post-136097","post","type-post","status-publish","format-standard","has-post-thumbnail","hentry","category-social"],"jetpack_featured_media_url":"http:\/\/realitatearutiera.ro\/wp-content\/uploads\/2023\/02\/meteo-vremea-1-1024x379-1.webp","jetpack_publicize_connections":[],"jetpack_sharing_enabled":true,"jetpack_shortlink":"https:\/\/wp.me\/p61naM-zp7","jetpack-related-posts":[],"_links":{"self":[{"href":"http:\/\/realitatearutiera.ro\/index.php?rest_route=\/wp\/v2\/posts\/136097","targetHints":{"allow":["GET"]}}],"collection":[{"href":"http:\/\/realitatearutiera.ro\/index.php?rest_route=\/wp\/v2\/posts"}],"about":[{"href":"http:\/\/realitatearutiera.ro\/index.php?rest_route=\/wp\/v2\/types\/post"}],"author":[{"embeddable":true,"href":"http:\/\/realitatearutiera.ro\/index.php?rest_route=\/wp\/v2\/users\/1"}],"replies":[{"embeddable":true,"href":"http:\/\/realitatearutiera.ro\/index.php?rest_route=%2Fwp%2Fv2%2Fcomments&post=136097"}],"version-history":[{"count":1,"href":"http:\/\/realitatearutiera.ro\/index.php?rest_route=\/wp\/v2\/posts\/136097\/revisions"}],"predecessor-version":[{"id":136098,"href":"http:\/\/realitatearutiera.ro\/index.php?rest_route=\/wp\/v2\/posts\/136097\/revisions\/136098"}],"wp:featuredmedia":[{"embeddable":true,"href":"http:\/\/realitatearutiera.ro\/index.php?rest_route=\/wp\/v2\/media\/95784"}],"wp:attachment":[{"href":"http:\/\/realitatearutiera.ro\/index.php?rest_route=%2Fwp%2Fv2%2Fmedia&parent=136097"}],"wp:term":[{"taxonomy":"category","embeddable":true,"href":"http:\/\/realitatearutiera.ro\/index.php?rest_route=%2Fwp%2Fv2%2Fcategories&post=136097"},{"taxonomy":"post_tag","embeddable":true,"href":"http:\/\/realitatearutiera.ro\/index.php?rest_route=%2Fwp%2Fv2%2Ftags&post=136097"}],"curies":[{"name":"wp","href":"https:\/\/api.w.org\/{rel}","templated":true}]}}