{"id":136111,"date":"2026-04-28T09:31:04","date_gmt":"2026-04-28T06:31:04","guid":{"rendered":"https:\/\/realitatearutiera.ro\/?p=136111"},"modified":"2026-04-28T09:31:07","modified_gmt":"2026-04-28T06:31:07","slug":"accident-grav-la-suceava-trei-tineri-au-fost-transportati-la-spital","status":"publish","type":"post","link":"http:\/\/realitatearutiera.ro\/?p=136111","title":{"rendered":"Accident grav la Suceava. Trei tineri au fost transporta\u021bi la spital"},"content":{"rendered":"\n<figure class=\"wp-block-image size-large is-resized\"><img loading=\"lazy\" decoding=\"async\" width=\"768\" height=\"1024\" data-attachment-id=\"136112\" data-permalink=\"http:\/\/realitatearutiera.ro\/?attachment_id=136112\" data-orig-file=\"https:\/\/i2.wp.com\/realitatearutiera.ro\/wp-content\/uploads\/2026\/04\/image-148.png?fit=960%2C1280\" data-orig-size=\"960,1280\" data-comments-opened=\"1\" data-image-meta=\"{&quot;aperture&quot;:&quot;0&quot;,&quot;credit&quot;:&quot;&quot;,&quot;camera&quot;:&quot;&quot;,&quot;caption&quot;:&quot;&quot;,&quot;created_timestamp&quot;:&quot;0&quot;,&quot;copyright&quot;:&quot;&quot;,&quot;focal_length&quot;:&quot;0&quot;,&quot;iso&quot;:&quot;0&quot;,&quot;shutter_speed&quot;:&quot;0&quot;,&quot;title&quot;:&quot;&quot;,&quot;orientation&quot;:&quot;0&quot;}\" data-image-title=\"image\" data-image-description=\"\" data-medium-file=\"https:\/\/i2.wp.com\/realitatearutiera.ro\/wp-content\/uploads\/2026\/04\/image-148.png?fit=225%2C300\" data-large-file=\"https:\/\/i2.wp.com\/realitatearutiera.ro\/wp-content\/uploads\/2026\/04\/image-148.png?fit=768%2C1024\" src=\"https:\/\/i1.wp.com\/realitatearutiera.ro\/wp-content\/uploads\/2026\/04\/image-148-768x1024.png?resize=768%2C1024&#038;ssl=1\" alt=\"\" class=\"wp-image-136112\" style=\"width:463px;height:auto\" srcset=\"https:\/\/i2.wp.com\/realitatearutiera.ro\/wp-content\/uploads\/2026\/04\/image-148.png?resize=768%2C1024 768w, https:\/\/i2.wp.com\/realitatearutiera.ro\/wp-content\/uploads\/2026\/04\/image-148.png?resize=225%2C300 225w, https:\/\/i2.wp.com\/realitatearutiera.ro\/wp-content\/uploads\/2026\/04\/image-148.png?w=960 960w\" sizes=\"auto, (max-width: 768px) 100vw, 768px\" data-recalc-dims=\"1\" \/><\/figure>\n\n\n\n<p>Un grav accident a avut loc luni noaptea, la Vatra Dornei, \u00een urm\u0103 c\u0103ruia trei tineri au fost r\u0103ni\u021bi grav.<\/p>\n\n\n\n<p>Cei trei tineri, cu v\u00e2rste cuprinse \u00eentre 19 \u0219i 24 de ani, se aflau \u00eentr-un autoturism care s-a izbit de un autotren\u00eenc\u0103rcat cu vat\u0103 mineral\u0103.<\/p>\n\n\n\n<p>Dr. Dan Teodorovici, purt\u0103torul de cuv\u00e2nt al Serviciului de Ambulan\u021b\u0103 Jude\u021bean Suceava, a oferit primele detalii despre starea celor trei tineri: \u201dEchipajele medicale ajunse la fa\u021ba locului au g\u0103sit trei victime, dou\u0103 dintre ele stabile, policontuzionate, care au fost transportate la spital la Vatra Dornei \u0219i o a treia victim\u0103 (pasager dreapta), \u00eencarcerat\u0103, politraumatizat\u0103, \u00een com\u0103, care a fost preluat\u0103 de un echipaj de tip B2, acesta fiind direc\u021bionat la \u00eent\u00e2lnire cu un echipaj de tip C de la Suceava\u201d.<\/p>\n\n\n\n<hr class=\"wp-block-separator has-alpha-channel-opacity\"\/>\n\n\n\n<figure class=\"wp-block-image is-resized\"><a href=\"https:\/\/i2.wp.com\/vol.monitorulsv.ro\/articole\/2026\/04\/28\/4540d032-98ad-4f64-9550-f2465b931c8c-qyndw1920h2560.jpg?ssl=1\" target=\"_blank\" rel=\"noreferrer noopener\"><img decoding=\"async\" src=\"https:\/\/i1.wp.com\/vol.monitorulsv.ro\/articole\/2026\/04\/28\/4540d032-98ad-4f64-9550-f2465b931c8c-gtkiw0960h1280.jpg?w=800&#038;ssl=1\" alt=\"Accident grav, luni noapte, cu trei tineri r\u0103ni\u021bi\" style=\"width:565px;height:auto\" data-recalc-dims=\"1\"\/><\/a><figcaption class=\"wp-element-caption\">Accident grav, luni noapte, cu trei tineri r\u0103ni\u021bi<\/figcaption><\/figure>\n\n\n\n<figure class=\"wp-block-image is-resized\"><a href=\"https:\/\/i1.wp.com\/vol.monitorulsv.ro\/articole\/2026\/04\/28\/30ea4d09-8b8e-4dea-aaff-df23e86af242-peqdw1920h2560.jpg?ssl=1\" target=\"_blank\" rel=\"noreferrer noopener\"><img decoding=\"async\" src=\"https:\/\/i2.wp.com\/vol.monitorulsv.ro\/articole\/2026\/04\/28\/30ea4d09-8b8e-4dea-aaff-df23e86af242-ponzw0960h1280.jpg?w=800&#038;ssl=1\" alt=\"Accident grav, luni noapte, cu trei tineri r\u0103ni\u021bi\" style=\"width:575px;height:auto\" data-recalc-dims=\"1\"\/><\/a><figcaption class=\"wp-element-caption\">Accident grav, luni noapte, cu trei tineri r\u0103ni\u021bi<\/figcaption><\/figure>\n\n\n\n<figure class=\"wp-block-image is-resized\"><a href=\"https:\/\/i1.wp.com\/vol.monitorulsv.ro\/articole\/2026\/04\/28\/513af48c-8087-4e8f-8061-31062684c9e9-suckw1920h2560.jpg?ssl=1\" target=\"_blank\" rel=\"noreferrer noopener\"><img decoding=\"async\" src=\"https:\/\/i0.wp.com\/vol.monitorulsv.ro\/articole\/2026\/04\/28\/513af48c-8087-4e8f-8061-31062684c9e9-ivakw0960h1280.jpg?w=800&#038;ssl=1\" alt=\"Accident grav, luni noapte, cu trei tineri r\u0103ni\u021bi\" style=\"width:583px;height:auto\" data-recalc-dims=\"1\"\/><\/a><\/figure>\n\n\n\n<p>Sursa: monitorulsv<\/p>\n","protected":false},"excerpt":{"rendered":"<p>Un grav accident a avut loc luni noaptea, la Vatra Dornei, \u00een urm\u0103 c\u0103ruia trei tineri au fost r\u0103ni\u021bi grav.<\/p>\n","protected":false},"author":1,"featured_media":121916,"comment_status":"open","ping_status":"closed","sticky":false,"template":"","format":"standard","meta":{"spay_email":"","footnotes":"","jetpack_publicize_message":""},"categories":[1],"tags":[],"class_list":["post-136111","post","type-post","status-publish","format-standard","has-post-thumbnail","hentry","category-uncategorized"],"jetpack_featured_media_url":"https:\/\/i2.wp.com\/realitatearutiera.ro\/wp-content\/uploads\/2025\/03\/accident-rutier-cu-victima.jpg?fit=1191%2C568","jetpack_publicize_connections":[],"jetpack_sharing_enabled":true,"jetpack_shortlink":"https:\/\/wp.me\/p61naM-zpl","jetpack-related-posts":[],"_links":{"self":[{"href":"http:\/\/realitatearutiera.ro\/index.php?rest_route=\/wp\/v2\/posts\/136111","targetHints":{"allow":["GET"]}}],"collection":[{"href":"http:\/\/realitatearutiera.ro\/index.php?rest_route=\/wp\/v2\/posts"}],"about":[{"href":"http:\/\/realitatearutiera.ro\/index.php?rest_route=\/wp\/v2\/types\/post"}],"author":[{"embeddable":true,"href":"http:\/\/realitatearutiera.ro\/index.php?rest_route=\/wp\/v2\/users\/1"}],"replies":[{"embeddable":true,"href":"http:\/\/realitatearutiera.ro\/index.php?rest_route=%2Fwp%2Fv2%2Fcomments&post=136111"}],"version-history":[{"count":1,"href":"http:\/\/realitatearutiera.ro\/index.php?rest_route=\/wp\/v2\/posts\/136111\/revisions"}],"predecessor-version":[{"id":136113,"href":"http:\/\/realitatearutiera.ro\/index.php?rest_route=\/wp\/v2\/posts\/136111\/revisions\/136113"}],"wp:featuredmedia":[{"embeddable":true,"href":"http:\/\/realitatearutiera.ro\/index.php?rest_route=\/wp\/v2\/media\/121916"}],"wp:attachment":[{"href":"http:\/\/realitatearutiera.ro\/index.php?rest_route=%2Fwp%2Fv2%2Fmedia&parent=136111"}],"wp:term":[{"taxonomy":"category","embeddable":true,"href":"http:\/\/realitatearutiera.ro\/index.php?rest_route=%2Fwp%2Fv2%2Fcategories&post=136111"},{"taxonomy":"post_tag","embeddable":true,"href":"http:\/\/realitatearutiera.ro\/index.php?rest_route=%2Fwp%2Fv2%2Ftags&post=136111"}],"curies":[{"name":"wp","href":"https:\/\/api.w.org\/{rel}","templated":true}]}}