{"id":136114,"date":"2026-04-28T09:45:49","date_gmt":"2026-04-28T06:45:49","guid":{"rendered":"https:\/\/realitatearutiera.ro\/?p=136114"},"modified":"2026-04-28T09:46:02","modified_gmt":"2026-04-28T06:46:02","slug":"atentie-soferi-radare-amplasate-in-galati","status":"publish","type":"post","link":"http:\/\/realitatearutiera.ro\/?p=136114","title":{"rendered":"Aten\u021bie \u0219oferi! Radare amplasate \u00een Gala\u021bi"},"content":{"rendered":"\n<figure class=\"wp-block-image size-large is-resized\"><img loading=\"lazy\" decoding=\"async\" width=\"800\" height=\"534\" data-attachment-id=\"136116\" data-permalink=\"http:\/\/realitatearutiera.ro\/?attachment_id=136116\" data-orig-file=\"https:\/\/i0.wp.com\/realitatearutiera.ro\/wp-content\/uploads\/2026\/04\/image-150.png?fit=1536%2C1024\" data-orig-size=\"1536,1024\" data-comments-opened=\"1\" data-image-meta=\"{&quot;aperture&quot;:&quot;0&quot;,&quot;credit&quot;:&quot;&quot;,&quot;camera&quot;:&quot;&quot;,&quot;caption&quot;:&quot;&quot;,&quot;created_timestamp&quot;:&quot;0&quot;,&quot;copyright&quot;:&quot;&quot;,&quot;focal_length&quot;:&quot;0&quot;,&quot;iso&quot;:&quot;0&quot;,&quot;shutter_speed&quot;:&quot;0&quot;,&quot;title&quot;:&quot;&quot;,&quot;orientation&quot;:&quot;0&quot;}\" data-image-title=\"image\" data-image-description=\"\" data-medium-file=\"https:\/\/i0.wp.com\/realitatearutiera.ro\/wp-content\/uploads\/2026\/04\/image-150.png?fit=300%2C200\" data-large-file=\"https:\/\/i0.wp.com\/realitatearutiera.ro\/wp-content\/uploads\/2026\/04\/image-150.png?fit=800%2C534\" src=\"https:\/\/i0.wp.com\/realitatearutiera.ro\/wp-content\/uploads\/2026\/04\/image-150-1024x683.png?resize=800%2C534&#038;ssl=1\" alt=\"\" class=\"wp-image-136116\" style=\"width:532px;height:auto\" srcset=\"https:\/\/i0.wp.com\/realitatearutiera.ro\/wp-content\/uploads\/2026\/04\/image-150.png?resize=1024%2C683 1024w, https:\/\/i0.wp.com\/realitatearutiera.ro\/wp-content\/uploads\/2026\/04\/image-150.png?resize=300%2C200 300w, https:\/\/i0.wp.com\/realitatearutiera.ro\/wp-content\/uploads\/2026\/04\/image-150.png?resize=768%2C512 768w, https:\/\/i0.wp.com\/realitatearutiera.ro\/wp-content\/uploads\/2026\/04\/image-150.png?w=1536 1536w\" sizes=\"auto, (max-width: 800px) 100vw, 800px\" data-recalc-dims=\"1\" \/><\/figure>\n\n\n\n<h2 class=\"wp-block-heading\">Aparatele radar din dotarea Poli\u0163iei Rutiere Gala\u0163i vor fi amplasate \u00een aceste zile, dup\u0103 cum urmeaz\u0103:<\/h2>\n\n\n\n<h2 class=\"wp-block-heading\">Mar\u0163i, 28.04<\/h2>\n\n\n\n<ul class=\"wp-block-list\">\n<li>Gala\u0163i: Marea Unire, Combinatului, Calea Prutului<\/li>\n\n\n\n<li>D.J. 251: Sm\u00e2rdan, Matca<\/li>\n\n\n\n<li>D.N. 25: Vame\u015f, Ive\u015fti<\/li>\n\n\n\n<li>D.E. 581: Munteni<\/li>\n<\/ul>\n\n\n\n<h2 class=\"wp-block-heading\">Miercuri, 29.04<\/h2>\n\n\n\n<ul class=\"wp-block-list\">\n<li>Gala\u0163i: Gheorghe Asachi, Traian, Br\u0103ilei<\/li>\n\n\n\n<li>D.J. 251: Schela, Pechea<\/li>\n\n\n\n<li>D.N. 25: \u015eendreni, Tudor Vladimirescu<\/li>\n\n\n\n<li>D.E. 581: Berheci<\/li>\n<\/ul>\n\n\n\n<h2 class=\"wp-block-heading\">Joi, 30.04<\/h2>\n\n\n\n<ul class=\"wp-block-list\">\n<li>Gala\u0163i: Frunzei, Tecuci, Calea Gala\u0163i<\/li>\n\n\n\n<li>D.J. 251: Slobozia Conachi, Cudalbi<\/li>\n\n\n\n<li>D.N. 25: Brani\u015ftea, Lie\u015fti<\/li>\n\n\n\n<li>D.N. 26: Aviasan (4 benzi)<\/li>\n\n\n\n<li>D.E. 581: Cosme\u015fti<\/li>\n<\/ul>\n\n\n\n<h2 class=\"wp-block-heading\"><em>Drumuri bune \u015fi f\u0103r\u0103 incidente tuturor!<\/em><\/h2>\n\n\n\n<p>Sursa: monitoruldegalati  Sursa foto: monitoruldegalati<\/p>\n","protected":false},"excerpt":{"rendered":"<p>Aparatele radar din dotarea Poli\u0163iei Rutiere Gala\u0163i vor fi amplasate \u00een aceste zile, dup\u0103 cum urmeaz\u0103: Mar\u0163i, 28.04 Miercuri, 29.04<\/p>\n","protected":false},"author":1,"featured_media":136115,"comment_status":"open","ping_status":"closed","sticky":false,"template":"","format":"standard","meta":{"spay_email":"","footnotes":"","jetpack_publicize_message":""},"categories":[54],"tags":[],"class_list":["post-136114","post","type-post","status-publish","format-standard","has-post-thumbnail","hentry","category-informatii-rutiere"],"jetpack_featured_media_url":"https:\/\/i2.wp.com\/realitatearutiera.ro\/wp-content\/uploads\/2026\/04\/image-149.png?fit=1536%2C1024","jetpack_publicize_connections":[],"jetpack_sharing_enabled":true,"jetpack_shortlink":"https:\/\/wp.me\/p61naM-zpo","jetpack-related-posts":[],"_links":{"self":[{"href":"http:\/\/realitatearutiera.ro\/index.php?rest_route=\/wp\/v2\/posts\/136114","targetHints":{"allow":["GET"]}}],"collection":[{"href":"http:\/\/realitatearutiera.ro\/index.php?rest_route=\/wp\/v2\/posts"}],"about":[{"href":"http:\/\/realitatearutiera.ro\/index.php?rest_route=\/wp\/v2\/types\/post"}],"author":[{"embeddable":true,"href":"http:\/\/realitatearutiera.ro\/index.php?rest_route=\/wp\/v2\/users\/1"}],"replies":[{"embeddable":true,"href":"http:\/\/realitatearutiera.ro\/index.php?rest_route=%2Fwp%2Fv2%2Fcomments&post=136114"}],"version-history":[{"count":1,"href":"http:\/\/realitatearutiera.ro\/index.php?rest_route=\/wp\/v2\/posts\/136114\/revisions"}],"predecessor-version":[{"id":136117,"href":"http:\/\/realitatearutiera.ro\/index.php?rest_route=\/wp\/v2\/posts\/136114\/revisions\/136117"}],"wp:featuredmedia":[{"embeddable":true,"href":"http:\/\/realitatearutiera.ro\/index.php?rest_route=\/wp\/v2\/media\/136115"}],"wp:attachment":[{"href":"http:\/\/realitatearutiera.ro\/index.php?rest_route=%2Fwp%2Fv2%2Fmedia&parent=136114"}],"wp:term":[{"taxonomy":"category","embeddable":true,"href":"http:\/\/realitatearutiera.ro\/index.php?rest_route=%2Fwp%2Fv2%2Fcategories&post=136114"},{"taxonomy":"post_tag","embeddable":true,"href":"http:\/\/realitatearutiera.ro\/index.php?rest_route=%2Fwp%2Fv2%2Ftags&post=136114"}],"curies":[{"name":"wp","href":"https:\/\/api.w.org\/{rel}","templated":true}]}}