{"id":136121,"date":"2026-04-28T10:03:55","date_gmt":"2026-04-28T07:03:55","guid":{"rendered":"https:\/\/realitatearutiera.ro\/?p=136121"},"modified":"2026-04-28T10:03:57","modified_gmt":"2026-04-28T07:03:57","slug":"accident-rutier-masina-rasturnata-pe-cupola-doua-persoane-ranite","status":"publish","type":"post","link":"http:\/\/realitatearutiera.ro\/?p=136121","title":{"rendered":"Accident rutier: ma\u0219in\u0103 r\u0103sturnat\u0103 pe cupol\u0103; dou\u0103 persoane r\u0103nite"},"content":{"rendered":"\n<figure class=\"wp-block-image size-large is-resized\"><img loading=\"lazy\" decoding=\"async\" width=\"768\" height=\"1024\" data-attachment-id=\"136122\" data-permalink=\"http:\/\/realitatearutiera.ro\/?attachment_id=136122\" data-orig-file=\"https:\/\/i1.wp.com\/realitatearutiera.ro\/wp-content\/uploads\/2026\/04\/image-152.png?fit=1536%2C2048\" data-orig-size=\"1536,2048\" data-comments-opened=\"1\" data-image-meta=\"{&quot;aperture&quot;:&quot;0&quot;,&quot;credit&quot;:&quot;&quot;,&quot;camera&quot;:&quot;&quot;,&quot;caption&quot;:&quot;&quot;,&quot;created_timestamp&quot;:&quot;0&quot;,&quot;copyright&quot;:&quot;&quot;,&quot;focal_length&quot;:&quot;0&quot;,&quot;iso&quot;:&quot;0&quot;,&quot;shutter_speed&quot;:&quot;0&quot;,&quot;title&quot;:&quot;&quot;,&quot;orientation&quot;:&quot;0&quot;}\" data-image-title=\"image\" data-image-description=\"\" data-medium-file=\"https:\/\/i1.wp.com\/realitatearutiera.ro\/wp-content\/uploads\/2026\/04\/image-152.png?fit=225%2C300\" data-large-file=\"https:\/\/i1.wp.com\/realitatearutiera.ro\/wp-content\/uploads\/2026\/04\/image-152.png?fit=768%2C1024\" src=\"https:\/\/i2.wp.com\/realitatearutiera.ro\/wp-content\/uploads\/2026\/04\/image-152-768x1024.png?resize=768%2C1024&#038;ssl=1\" alt=\"\" class=\"wp-image-136122\" style=\"width:381px;height:auto\" srcset=\"https:\/\/i1.wp.com\/realitatearutiera.ro\/wp-content\/uploads\/2026\/04\/image-152.png?resize=768%2C1024 768w, https:\/\/i1.wp.com\/realitatearutiera.ro\/wp-content\/uploads\/2026\/04\/image-152.png?resize=225%2C300 225w, https:\/\/i1.wp.com\/realitatearutiera.ro\/wp-content\/uploads\/2026\/04\/image-152.png?resize=1152%2C1536 1152w, https:\/\/i1.wp.com\/realitatearutiera.ro\/wp-content\/uploads\/2026\/04\/image-152.png?w=1536 1536w\" sizes=\"auto, (max-width: 768px) 100vw, 768px\" data-recalc-dims=\"1\" \/><\/figure>\n\n\n\n<p>Un autoturism s-a r\u0103sturnat pe cupol\u0103 \u00een urma unui accident produs luni, 27 aprilie, \u00een satul Sabasa.<\/p>\n\n\n\n<p>Au fost implicate dou\u0103 autoturisme \u00een care se aflau patru persoane. Dou\u0103 adolescente, de 16 \u015fi 18 ani, au fost transportate la spital.<\/p>\n\n\n\n<p>\u201e\u00cen jurul orei 17:50, prin apel la 112 a fost anun\u021bat un accident rutier produs \u00een satul Sabasa din comuna Borca. \u00cen accidentul rutier au fost implicate dou\u0103 autoturisme \u00een care se aflau patru persoane. \u00cen urma impactului, unul dintre autoturisme s-a r\u0103sturnat pe cupol\u0103.<\/p>\n\n\n\n<p>La locul solicit\u0103rii au fost alocate for\u021be \u0219i mijloace de interven\u021bie de la SVSU Borca,&nbsp; SAJ \u2013 Punct de lucru Borca, Garda nr.2 de Interven\u021bie Poiana Teiului \u0219i IPJ.<\/p>\n\n\n\n<p>La sosirea for\u021belor de interven\u021bie, cele patru persoane erau ie\u0219ite din autoturismele implicate \u00een accident. Dou\u0103 fete de 16 \u0219i 18 ani, cu politraumatisme, au fost preluate de echipajele SAJ \u0219i SMURD \u0219i ulterior transportate la spital.<\/p>\n\n\n\n<p>Pompierii au ac\u021bionat pentru asigurarea m\u0103surilor de prevenire \u0219i stingere a incendiilor \u0219i pentru cur\u0103\u021barea carosabilului de elementele rezultate \u00een urma accidentului rutier\u201d, au transmis reprezentan\u0163ii ISU Neam\u0163.<\/p>\n\n\n\n<p>Sursa:monitorulneamt<\/p>\n","protected":false},"excerpt":{"rendered":"<p>Un autoturism s-a r\u0103sturnat pe cupol\u0103 \u00een urma unui accident produs luni, 27 aprilie, \u00een satul Sabasa. Au fost implicate<\/p>\n","protected":false},"author":1,"featured_media":116078,"comment_status":"open","ping_status":"closed","sticky":false,"template":"","format":"standard","meta":{"spay_email":"","footnotes":"","jetpack_publicize_message":""},"categories":[1],"tags":[],"class_list":["post-136121","post","type-post","status-publish","format-standard","has-post-thumbnail","hentry","category-uncategorized"],"jetpack_featured_media_url":"https:\/\/i1.wp.com\/realitatearutiera.ro\/wp-content\/uploads\/2024\/09\/accident.jpg?fit=630%2C365","jetpack_publicize_connections":[],"jetpack_sharing_enabled":true,"jetpack_shortlink":"https:\/\/wp.me\/p61naM-zpv","jetpack-related-posts":[],"_links":{"self":[{"href":"http:\/\/realitatearutiera.ro\/index.php?rest_route=\/wp\/v2\/posts\/136121","targetHints":{"allow":["GET"]}}],"collection":[{"href":"http:\/\/realitatearutiera.ro\/index.php?rest_route=\/wp\/v2\/posts"}],"about":[{"href":"http:\/\/realitatearutiera.ro\/index.php?rest_route=\/wp\/v2\/types\/post"}],"author":[{"embeddable":true,"href":"http:\/\/realitatearutiera.ro\/index.php?rest_route=\/wp\/v2\/users\/1"}],"replies":[{"embeddable":true,"href":"http:\/\/realitatearutiera.ro\/index.php?rest_route=%2Fwp%2Fv2%2Fcomments&post=136121"}],"version-history":[{"count":1,"href":"http:\/\/realitatearutiera.ro\/index.php?rest_route=\/wp\/v2\/posts\/136121\/revisions"}],"predecessor-version":[{"id":136123,"href":"http:\/\/realitatearutiera.ro\/index.php?rest_route=\/wp\/v2\/posts\/136121\/revisions\/136123"}],"wp:featuredmedia":[{"embeddable":true,"href":"http:\/\/realitatearutiera.ro\/index.php?rest_route=\/wp\/v2\/media\/116078"}],"wp:attachment":[{"href":"http:\/\/realitatearutiera.ro\/index.php?rest_route=%2Fwp%2Fv2%2Fmedia&parent=136121"}],"wp:term":[{"taxonomy":"category","embeddable":true,"href":"http:\/\/realitatearutiera.ro\/index.php?rest_route=%2Fwp%2Fv2%2Fcategories&post=136121"},{"taxonomy":"post_tag","embeddable":true,"href":"http:\/\/realitatearutiera.ro\/index.php?rest_route=%2Fwp%2Fv2%2Ftags&post=136121"}],"curies":[{"name":"wp","href":"https:\/\/api.w.org\/{rel}","templated":true}]}}