{"id":136141,"date":"2026-04-28T10:45:34","date_gmt":"2026-04-28T07:45:34","guid":{"rendered":"https:\/\/realitatearutiera.ro\/?p=136141"},"modified":"2026-04-28T10:45:36","modified_gmt":"2026-04-28T07:45:36","slug":"piata-victoriei-blocata-intre-orele-1030-1430","status":"publish","type":"post","link":"http:\/\/realitatearutiera.ro\/?p=136141","title":{"rendered":"Pia\u021ba Victoriei blocat\u0103 \u00eentre orele 10:30\/14:30"},"content":{"rendered":"\n<figure class=\"wp-block-image size-large is-resized\"><img loading=\"lazy\" decoding=\"async\" width=\"800\" height=\"450\" data-attachment-id=\"136142\" data-permalink=\"http:\/\/realitatearutiera.ro\/?attachment_id=136142\" data-orig-file=\"https:\/\/i1.wp.com\/realitatearutiera.ro\/wp-content\/uploads\/2026\/04\/image-154.png?fit=1333%2C750\" data-orig-size=\"1333,750\" data-comments-opened=\"1\" data-image-meta=\"{&quot;aperture&quot;:&quot;0&quot;,&quot;credit&quot;:&quot;&quot;,&quot;camera&quot;:&quot;&quot;,&quot;caption&quot;:&quot;&quot;,&quot;created_timestamp&quot;:&quot;0&quot;,&quot;copyright&quot;:&quot;&quot;,&quot;focal_length&quot;:&quot;0&quot;,&quot;iso&quot;:&quot;0&quot;,&quot;shutter_speed&quot;:&quot;0&quot;,&quot;title&quot;:&quot;&quot;,&quot;orientation&quot;:&quot;0&quot;}\" data-image-title=\"image\" data-image-description=\"\" data-medium-file=\"https:\/\/i1.wp.com\/realitatearutiera.ro\/wp-content\/uploads\/2026\/04\/image-154.png?fit=300%2C169\" data-large-file=\"https:\/\/i1.wp.com\/realitatearutiera.ro\/wp-content\/uploads\/2026\/04\/image-154.png?fit=800%2C450\" src=\"https:\/\/i0.wp.com\/realitatearutiera.ro\/wp-content\/uploads\/2026\/04\/image-154-1024x576.png?resize=800%2C450&#038;ssl=1\" alt=\"\" class=\"wp-image-136142\" style=\"aspect-ratio:1.777366350381856;width:566px;height:auto\" srcset=\"https:\/\/i1.wp.com\/realitatearutiera.ro\/wp-content\/uploads\/2026\/04\/image-154.png?resize=1024%2C576 1024w, https:\/\/i1.wp.com\/realitatearutiera.ro\/wp-content\/uploads\/2026\/04\/image-154.png?resize=300%2C169 300w, https:\/\/i1.wp.com\/realitatearutiera.ro\/wp-content\/uploads\/2026\/04\/image-154.png?resize=768%2C432 768w, https:\/\/i1.wp.com\/realitatearutiera.ro\/wp-content\/uploads\/2026\/04\/image-154.png?w=1333 1333w\" sizes=\"auto, (max-width: 800px) 100vw, 800px\" data-recalc-dims=\"1\" \/><\/figure>\n\n\n\n<p>FOTO: Facebook\/Confederatia Sindicala Nationala MERIDIAN<\/p>\n\n\n\n<p><strong>Mar\u021bi, 28 aprilie 2026, \u00eentre orele 10:30-14:30, \u201eFedera\u0163ia Sindical\u0103 Na\u021bional\u0103 MERIDIAN\u201d organizeaz\u0103 un protest, \u00een Pia\u021ba Victoriei. Manifestarea este organizat\u0103 de Ziua Mondial\u0103 a Siguran\u021bei \u0219i S\u0103n\u0103t\u0103\u021bii la Locul de Munc\u0103<\/strong>.<\/p>\n\n\n\n<p>Peste 10.000 de sindicali\u0219ti sunt a\u0219tepta\u021bi \u00een fa\u021ba sediului Guvernului.<\/p>\n\n\n\n<p>Programul protestului organizat de \u201eFedera\u0163ia Sindical\u0103 Na\u021bional\u0103 MERIDIAN\u201d este urm\u0103torul:<\/p>\n\n\n\n<ul class=\"wp-block-list\">\n<li>\u00eentre orele 10:30 \u2013 11:00, adunarea participan\u021bilor \u00een Pia\u021ba Victoriei, alveola central\u0103;<\/li>\n\n\n\n<li>\u00eentre orele 11:00 \u2013 14:00, adunare public\u0103 \u00een Pia\u021ba Victoriei, alveola central\u0103;<\/li>\n\n\n\n<li>\u00eentre orele 14:00 \u2013 14:30, defluirea total\u0103 a participan\u021bilor.<\/li>\n<\/ul>\n\n\n\n<p>Jandarmeria Capitalei recomand\u0103 persoanelor care vor participa la aceast\u0103 manifesta\u021bie, dar \u015fi celorlal\u0163i cet\u0103\u0163eni, s\u0103 manifeste \u00een\u0163elegere fa\u0163\u0103 de m\u0103surile luate, s\u0103 adopte un comportament civilizat, s\u0103 respecte indica\u0163iile jandarmilor, s\u0103 evite conflictele de orice natur\u0103 \u0219i s\u0103 anun\u0163e cea mai apropiat\u0103 patrul\u0103 de jandarmi, dac\u0103 observ\u0103 persoane care au un comportament antisocial.<\/p>\n\n\n\n<h2 class=\"wp-block-heading\" id=\"h-ce-nemul\u021bumiri-au-sindicali\u0219tii-de-la-federatia-sindicala-na\u021bionala-meridian\">Ce nemul\u021bumiri au sindicali\u0219tii de la \u201eFedera\u0163ia Sindical\u0103 Na\u021bional\u0103 MERIDIAN\u201d<\/h2>\n\n\n\n<p><a href=\"https:\/\/www.facebook.com\/events\/2197953700611253\/?acontext=%7B%22event_action_history%22%3A[%7B%22surface%22%3A%22search%22%7D%2C%7B%22mechanism%22%3A%22attachment%22%2C%22surface%22%3A%22newsfeed%22%7D]%2C%22ref_notif_type%22%3Anull%7D\">Participan\u021bii<\/a>&nbsp;anun\u021b\u0103 c\u0103 ies \u00een strad\u0103 pentru a sus\u021bine dreptul la condi\u021bii de munc\u0103 \u0219i de via\u021b\u0103 decente, respectarea contractelor colective \u0219i individuale de munc\u0103, precum \u0219i aplicarea corect\u0103 a legisla\u021biei \u0219i protejarea drepturilor c\u00e2\u0219tigate. De asemenea, ace\u0219tia cer un dialog social real \u0219i contest\u0103 m\u0103surile de austeritate fiscal-bugetar\u0103 adoptate f\u0103r\u0103 consultare.<\/p>\n\n\n\n<p>Sursa:buletindebucuresti   Sursa foto:Facebook\/Confederatia Sindicala Nationala MERIDIAN<\/p>\n","protected":false},"excerpt":{"rendered":"<p>FOTO: Facebook\/Confederatia Sindicala Nationala MERIDIAN Mar\u021bi, 28 aprilie 2026, \u00eentre orele 10:30-14:30, \u201eFedera\u0163ia Sindical\u0103 Na\u021bional\u0103 MERIDIAN\u201d organizeaz\u0103 un protest, \u00een<\/p>\n","protected":false},"author":1,"featured_media":136142,"comment_status":"open","ping_status":"closed","sticky":false,"template":"","format":"standard","meta":{"spay_email":"","footnotes":"","jetpack_publicize_message":""},"categories":[6],"tags":[],"class_list":["post-136141","post","type-post","status-publish","format-standard","has-post-thumbnail","hentry","category-social"],"jetpack_featured_media_url":"https:\/\/i1.wp.com\/realitatearutiera.ro\/wp-content\/uploads\/2026\/04\/image-154.png?fit=1333%2C750","jetpack_publicize_connections":[],"jetpack_sharing_enabled":true,"jetpack_shortlink":"https:\/\/wp.me\/p61naM-zpP","jetpack-related-posts":[],"_links":{"self":[{"href":"http:\/\/realitatearutiera.ro\/index.php?rest_route=\/wp\/v2\/posts\/136141","targetHints":{"allow":["GET"]}}],"collection":[{"href":"http:\/\/realitatearutiera.ro\/index.php?rest_route=\/wp\/v2\/posts"}],"about":[{"href":"http:\/\/realitatearutiera.ro\/index.php?rest_route=\/wp\/v2\/types\/post"}],"author":[{"embeddable":true,"href":"http:\/\/realitatearutiera.ro\/index.php?rest_route=\/wp\/v2\/users\/1"}],"replies":[{"embeddable":true,"href":"http:\/\/realitatearutiera.ro\/index.php?rest_route=%2Fwp%2Fv2%2Fcomments&post=136141"}],"version-history":[{"count":1,"href":"http:\/\/realitatearutiera.ro\/index.php?rest_route=\/wp\/v2\/posts\/136141\/revisions"}],"predecessor-version":[{"id":136144,"href":"http:\/\/realitatearutiera.ro\/index.php?rest_route=\/wp\/v2\/posts\/136141\/revisions\/136144"}],"wp:featuredmedia":[{"embeddable":true,"href":"http:\/\/realitatearutiera.ro\/index.php?rest_route=\/wp\/v2\/media\/136142"}],"wp:attachment":[{"href":"http:\/\/realitatearutiera.ro\/index.php?rest_route=%2Fwp%2Fv2%2Fmedia&parent=136141"}],"wp:term":[{"taxonomy":"category","embeddable":true,"href":"http:\/\/realitatearutiera.ro\/index.php?rest_route=%2Fwp%2Fv2%2Fcategories&post=136141"},{"taxonomy":"post_tag","embeddable":true,"href":"http:\/\/realitatearutiera.ro\/index.php?rest_route=%2Fwp%2Fv2%2Ftags&post=136141"}],"curies":[{"name":"wp","href":"https:\/\/api.w.org\/{rel}","templated":true}]}}