{"id":136145,"date":"2026-04-28T10:52:15","date_gmt":"2026-04-28T07:52:15","guid":{"rendered":"https:\/\/realitatearutiera.ro\/?p=136145"},"modified":"2026-04-28T10:52:38","modified_gmt":"2026-04-28T07:52:38","slug":"accident-grav-in-timisoara","status":"publish","type":"post","link":"http:\/\/realitatearutiera.ro\/?p=136145","title":{"rendered":"Accident grav \u00een Timi\u0219oara"},"content":{"rendered":"\n<p>Un accident a avut loc luni seara, 27 aprilie, \u00een jurul orei 19:00, \u00een Timi\u0219oara, unde un autoturism era s\u0103 intre \u00een coliziune cu un tramvai \u00een care se aflau aproximativ 100 de c\u0103l\u0103tori. Dou\u0103 persoane au fost r\u0103nite.&nbsp;<img loading=\"lazy\" decoding=\"async\" src=\"https:\/\/i2.wp.com\/cdn.adh.reperio.news\/image-4\/4499cd76-7943-40fd-aaa4-190b63e5299b\/index.jpeg?resize=800%2C429&#038;ssl=1\" alt=\"Dou\u0103 persoane au fost r\u0103nite. FOTO: Shutterstock\" width=\"800\" height=\"429\"  data-recalc-dims=\"1\"><\/p>\n\n\n\n<p>Dou\u0103 persoane au fost r\u0103nite. FOTO: Shutterstock<\/p>\n\n\n\n<p>La fa\u021ba locului au intervenit de urgen\u021b\u0103 echipaje SMURD \u0219i pompierii, care au mobilizat o autospecial\u0103 de prim\u0103 interven\u021bie \u0219i comand\u0103, dou\u0103 autospeciale pentru transport personal \u0219i victime multiple, o autosanitar\u0103, o motociclet\u0103 SMURD \u0219i 11 pompieri.<\/p>\n\n\n\n<p>Conform primelor informa\u021bii, \u00een autoturism se afla doar \u0219oferi\u021ba, \u00een timp ce tramvaiul transporta un num\u0103r mare de pasageri.<\/p>\n\n\n\n<p>\u00cen urma impactului, dou\u0103 persoane aflate \u00een mijlocul de transport \u00een comun au acuzat probleme medicale \u0219i au avut nevoie de \u00eengrijiri de specialitate. Acestea au fost evaluate la fa\u021ba locului de c\u0103tre echipajele medicale \u0219i urmeaz\u0103 s\u0103 fie transportate la spital pentru investiga\u021bii suplimentare.<\/p>\n\n\n\n<p><em>\u201eDin primele verific\u0103ri efectuate la fa\u021ba locului, a rezultat faptul c\u0103 o t\u00e2n\u0103r\u0103 de 20 de ani, a condus un autoturism pe strada Aurel Cosma, iar la intersec\u021bia cu strada Coriolan Brediceanu, ar fi efectuat o manevr\u0103 care a determinat vatmanul unui tramvai, o femeie de 35 de ani, s\u0103 fr\u00e2neze brusc pentru evitarea unei coliziuni.<\/em><\/p>\n\n\n\n<p><em>\u00cen urma fr\u00e2n\u0103rii, doi c\u0103l\u0103tori din tramvai, respectiv un b\u0103rbat de 38 de ani \u0219i o femeie de 61 de ani, au fost r\u0103ni\u021bi \u0219i transporta\u021bi la spital pentru acordarea \u00eengrijirilor medicale de specialitate\u201d,&nbsp;<\/em>au transmis reprezentan\u021bii IPJ Timi\u0219, conform&nbsp;<a href=\"https:\/\/www.tion.ro\/eveniment\/accident-intre-un-autoturism-si-un-tramvai-in-timisoara-doua-persoane-au-avut-nevoie-de-ingrijiri-medicale-2267983\/\">presei locale.<\/a><\/p>\n\n\n\n<p>Sursa: adevarul<\/p>\n","protected":false},"excerpt":{"rendered":"<p>Un accident a avut loc luni seara, 27 aprilie, \u00een jurul orei 19:00, \u00een Timi\u0219oara, unde un autoturism era s\u0103<\/p>\n","protected":false},"author":1,"featured_media":116298,"comment_status":"open","ping_status":"closed","sticky":false,"template":"","format":"standard","meta":{"spay_email":"","footnotes":"","jetpack_publicize_message":""},"categories":[1],"tags":[],"class_list":["post-136145","post","type-post","status-publish","format-standard","has-post-thumbnail","hentry","category-uncategorized"],"jetpack_featured_media_url":"https:\/\/i1.wp.com\/realitatearutiera.ro\/wp-content\/uploads\/2024\/09\/semn-accident-850x560-1.jpg?fit=850%2C560","jetpack_publicize_connections":[],"jetpack_sharing_enabled":true,"jetpack_shortlink":"https:\/\/wp.me\/p61naM-zpT","jetpack-related-posts":[],"_links":{"self":[{"href":"http:\/\/realitatearutiera.ro\/index.php?rest_route=\/wp\/v2\/posts\/136145","targetHints":{"allow":["GET"]}}],"collection":[{"href":"http:\/\/realitatearutiera.ro\/index.php?rest_route=\/wp\/v2\/posts"}],"about":[{"href":"http:\/\/realitatearutiera.ro\/index.php?rest_route=\/wp\/v2\/types\/post"}],"author":[{"embeddable":true,"href":"http:\/\/realitatearutiera.ro\/index.php?rest_route=\/wp\/v2\/users\/1"}],"replies":[{"embeddable":true,"href":"http:\/\/realitatearutiera.ro\/index.php?rest_route=%2Fwp%2Fv2%2Fcomments&post=136145"}],"version-history":[{"count":1,"href":"http:\/\/realitatearutiera.ro\/index.php?rest_route=\/wp\/v2\/posts\/136145\/revisions"}],"predecessor-version":[{"id":136146,"href":"http:\/\/realitatearutiera.ro\/index.php?rest_route=\/wp\/v2\/posts\/136145\/revisions\/136146"}],"wp:featuredmedia":[{"embeddable":true,"href":"http:\/\/realitatearutiera.ro\/index.php?rest_route=\/wp\/v2\/media\/116298"}],"wp:attachment":[{"href":"http:\/\/realitatearutiera.ro\/index.php?rest_route=%2Fwp%2Fv2%2Fmedia&parent=136145"}],"wp:term":[{"taxonomy":"category","embeddable":true,"href":"http:\/\/realitatearutiera.ro\/index.php?rest_route=%2Fwp%2Fv2%2Fcategories&post=136145"},{"taxonomy":"post_tag","embeddable":true,"href":"http:\/\/realitatearutiera.ro\/index.php?rest_route=%2Fwp%2Fv2%2Ftags&post=136145"}],"curies":[{"name":"wp","href":"https:\/\/api.w.org\/{rel}","templated":true}]}}