{"id":136228,"date":"2026-04-30T08:58:33","date_gmt":"2026-04-30T05:58:33","guid":{"rendered":"http:\/\/realitatearutiera.ro\/?p=136228"},"modified":"2026-04-30T08:58:51","modified_gmt":"2026-04-30T05:58:51","slug":"atentie-la-viteza-unde-sunt-amplasate-radare-in-galati-de-1-mai","status":"publish","type":"post","link":"http:\/\/realitatearutiera.ro\/?p=136228","title":{"rendered":"Aten\u021bie la vitez\u0103: unde sunt amplasate radare \u00een Gala\u021bi de 1 Mai"},"content":{"rendered":"\n<p>Aparatele radar din dotarea Poli\u0163iei Rutiere Gala\u0163i vor fi amplasate \u00een aceste zile, dup\u0103 cum urmeaz\u0103:<\/p>\n\n\n\n<h2 class=\"wp-block-heading\">Vineri, 01.05<\/h2>\n\n\n\n<ul class=\"wp-block-list\">\n<li>Gala\u0163i: Basarabiei, Br\u0103ilei, Drumul de Centur\u0103<\/li>\n\n\n\n<li>D.J. 251: Cuza Vod\u0103, Costache Negri<\/li>\n\n\n\n<li>D.N. 25: \u015eendreni, Hanu Conachi<\/li>\n\n\n\n<li>D.E. 581: Munteni<\/li>\n<\/ul>\n\n\n\n<h2 class=\"wp-block-heading\">S\u00e2mb\u0103t\u0103, 02.05<\/h2>\n\n\n\n<ul class=\"wp-block-list\">\n<li>Gala\u0163i: N. B\u0103lcescu, Macului, Calea Sm\u00e2rdan<\/li>\n\n\n\n<li>D.J. 251: Sm\u00e2rdan, Pechea<\/li>\n\n\n\n<li>D.N. 25: Independen\u0163a, Barcea<\/li>\n\n\n\n<li>D.N. 26: V\u00e2n\u0103tori, Stoicani<\/li>\n\n\n\n<li>D.E. 581: Berheci<\/li>\n<\/ul>\n\n\n\n<h2 class=\"wp-block-heading\">Duminic\u0103, 03.05<\/h2>\n\n\n\n<ul class=\"wp-block-list\">\n<li>Gala\u0163i: Clo\u015fca, Prelungirea Br\u0103ilei, Stadionului<\/li>\n\n\n\n<li>D.J. 251: Pechea, Cudalbi<\/li>\n\n\n\n<li>D.N. 25: Lie\u015fti, Dr\u0103g\u0103ne\u015fti<\/li>\n\n\n\n<li>D.N. 26: Tuluce\u015fti, T\u0103tarca<\/li>\n\n\n\n<li>D.E. 581: Pripone\u015fti<\/li>\n<\/ul>\n\n\n\n<h2 class=\"wp-block-heading\">Luni, 04.05<\/h2>\n\n\n\n<ul class=\"wp-block-list\">\n<li>Gala\u0163i: Drumul de Centur\u0103, Br\u0103ilei, Traian<\/li>\n\n\n\n<li>D.J. 251: Schela, Slobozia Conachi<\/li>\n\n\n\n<li>D.N. 25: Independen\u0163a, Tudor Vladimirescu<\/li>\n<\/ul>\n\n\n\n<h2 class=\"wp-block-heading\"><em>Drumuri bune \u015fi f\u0103r\u0103 incidente tuturor!<\/em><\/h2>\n\n\n\n<p>Sursa\/foto:monitoruldegalati<\/p>\n","protected":false},"excerpt":{"rendered":"<p>Aparatele radar din dotarea Poli\u0163iei Rutiere Gala\u0163i vor fi amplasate \u00een aceste zile, dup\u0103 cum urmeaz\u0103: Vineri, 01.05 S\u00e2mb\u0103t\u0103, 02.05<\/p>\n","protected":false},"author":1,"featured_media":135942,"comment_status":"open","ping_status":"closed","sticky":false,"template":"","format":"standard","meta":{"spay_email":"","footnotes":"","jetpack_publicize_message":""},"categories":[54],"tags":[],"class_list":["post-136228","post","type-post","status-publish","format-standard","has-post-thumbnail","hentry","category-informatii-rutiere"],"jetpack_featured_media_url":"https:\/\/i0.wp.com\/realitatearutiera.ro\/wp-content\/uploads\/2026\/04\/image-116.png?fit=1536%2C1024","jetpack_publicize_connections":[],"jetpack_sharing_enabled":true,"jetpack_shortlink":"https:\/\/wp.me\/p61naM-zre","jetpack-related-posts":[],"_links":{"self":[{"href":"http:\/\/realitatearutiera.ro\/index.php?rest_route=\/wp\/v2\/posts\/136228","targetHints":{"allow":["GET"]}}],"collection":[{"href":"http:\/\/realitatearutiera.ro\/index.php?rest_route=\/wp\/v2\/posts"}],"about":[{"href":"http:\/\/realitatearutiera.ro\/index.php?rest_route=\/wp\/v2\/types\/post"}],"author":[{"embeddable":true,"href":"http:\/\/realitatearutiera.ro\/index.php?rest_route=\/wp\/v2\/users\/1"}],"replies":[{"embeddable":true,"href":"http:\/\/realitatearutiera.ro\/index.php?rest_route=%2Fwp%2Fv2%2Fcomments&post=136228"}],"version-history":[{"count":1,"href":"http:\/\/realitatearutiera.ro\/index.php?rest_route=\/wp\/v2\/posts\/136228\/revisions"}],"predecessor-version":[{"id":136229,"href":"http:\/\/realitatearutiera.ro\/index.php?rest_route=\/wp\/v2\/posts\/136228\/revisions\/136229"}],"wp:featuredmedia":[{"embeddable":true,"href":"http:\/\/realitatearutiera.ro\/index.php?rest_route=\/wp\/v2\/media\/135942"}],"wp:attachment":[{"href":"http:\/\/realitatearutiera.ro\/index.php?rest_route=%2Fwp%2Fv2%2Fmedia&parent=136228"}],"wp:term":[{"taxonomy":"category","embeddable":true,"href":"http:\/\/realitatearutiera.ro\/index.php?rest_route=%2Fwp%2Fv2%2Fcategories&post=136228"},{"taxonomy":"post_tag","embeddable":true,"href":"http:\/\/realitatearutiera.ro\/index.php?rest_route=%2Fwp%2Fv2%2Ftags&post=136228"}],"curies":[{"name":"wp","href":"https:\/\/api.w.org\/{rel}","templated":true}]}}