{"id":136230,"date":"2026-04-30T09:02:16","date_gmt":"2026-04-30T06:02:16","guid":{"rendered":"http:\/\/realitatearutiera.ro\/?p=136230"},"modified":"2026-04-30T09:02:17","modified_gmt":"2026-04-30T06:02:17","slug":"judetul-brasov-circulatie-ingreunata-pe-dn-1-din-cauza-unui-accident","status":"publish","type":"post","link":"http:\/\/realitatearutiera.ro\/?p=136230","title":{"rendered":"JUDE\u021aUL BRA\u0218OV: CIRCULA\u021aIE \u00ceNGREUNAT\u0102 PE DN 1, DIN CAUZA UNUI ACCIDENT"},"content":{"rendered":"\n<p><strong>Ora:&nbsp;<\/strong>08:50<\/p>\n\n\n\n<p><strong>Centrul INFOTRAFIC din Inspectoratul General al Poli\u021biei Rom\u00e2ne&nbsp;<\/strong>informeaz\u0103 c\u0103 traficul se desf\u0103\u0219oar\u0103 dirijat, alternativ, pe DN 1 F\u0103g\u0103ra\u0219 \u2013 Bra\u0219ov, \u00een zona localit\u0103\u021bii Vl\u0103deni, jude\u021bul Bra\u0219ov, \u00een urma unui accident produs \u00eentre un ansamblu rutier \u0219i un autoturism. Dou\u0103 persoane au suferit leziuni pentru care necesit\u0103 \u00eengrijiri medicale.<\/p>\n\n\n\n<p>Se estimeaz\u0103 reluarea circula\u021biei \u00een condi\u021bii normale dup\u0103 ora 09.30.<\/p>\n","protected":false},"excerpt":{"rendered":"<p>Ora:&nbsp;08:50 Centrul INFOTRAFIC din Inspectoratul General al Poli\u021biei Rom\u00e2ne&nbsp;informeaz\u0103 c\u0103 traficul se desf\u0103\u0219oar\u0103 dirijat, alternativ, pe DN 1 F\u0103g\u0103ra\u0219 \u2013<\/p>\n","protected":false},"author":1,"featured_media":92211,"comment_status":"open","ping_status":"closed","sticky":false,"template":"","format":"standard","meta":{"spay_email":"","footnotes":"","jetpack_publicize_message":""},"categories":[54],"tags":[],"class_list":["post-136230","post","type-post","status-publish","format-standard","has-post-thumbnail","hentry","category-informatii-rutiere"],"jetpack_featured_media_url":"http:\/\/realitatearutiera.ro\/wp-content\/uploads\/2022\/11\/info-trafic-observatorulnational-1.webp","jetpack_publicize_connections":[],"jetpack_sharing_enabled":true,"jetpack_shortlink":"https:\/\/wp.me\/p61naM-zrg","jetpack-related-posts":[],"_links":{"self":[{"href":"http:\/\/realitatearutiera.ro\/index.php?rest_route=\/wp\/v2\/posts\/136230","targetHints":{"allow":["GET"]}}],"collection":[{"href":"http:\/\/realitatearutiera.ro\/index.php?rest_route=\/wp\/v2\/posts"}],"about":[{"href":"http:\/\/realitatearutiera.ro\/index.php?rest_route=\/wp\/v2\/types\/post"}],"author":[{"embeddable":true,"href":"http:\/\/realitatearutiera.ro\/index.php?rest_route=\/wp\/v2\/users\/1"}],"replies":[{"embeddable":true,"href":"http:\/\/realitatearutiera.ro\/index.php?rest_route=%2Fwp%2Fv2%2Fcomments&post=136230"}],"version-history":[{"count":1,"href":"http:\/\/realitatearutiera.ro\/index.php?rest_route=\/wp\/v2\/posts\/136230\/revisions"}],"predecessor-version":[{"id":136231,"href":"http:\/\/realitatearutiera.ro\/index.php?rest_route=\/wp\/v2\/posts\/136230\/revisions\/136231"}],"wp:featuredmedia":[{"embeddable":true,"href":"http:\/\/realitatearutiera.ro\/index.php?rest_route=\/wp\/v2\/media\/92211"}],"wp:attachment":[{"href":"http:\/\/realitatearutiera.ro\/index.php?rest_route=%2Fwp%2Fv2%2Fmedia&parent=136230"}],"wp:term":[{"taxonomy":"category","embeddable":true,"href":"http:\/\/realitatearutiera.ro\/index.php?rest_route=%2Fwp%2Fv2%2Fcategories&post=136230"},{"taxonomy":"post_tag","embeddable":true,"href":"http:\/\/realitatearutiera.ro\/index.php?rest_route=%2Fwp%2Fv2%2Ftags&post=136230"}],"curies":[{"name":"wp","href":"https:\/\/api.w.org\/{rel}","templated":true}]}}