{"id":139442,"date":"2026-07-20T10:41:05","date_gmt":"2026-07-20T07:41:05","guid":{"rendered":"http:\/\/realitatearutiera.ro\/?p=139442"},"modified":"2026-07-20T10:41:08","modified_gmt":"2026-07-20T07:41:08","slug":"accident-grav-intre-garbau-si-vistea-pompierii-au-descarcerat-un-sofer-ramas-captiv-in-autoturism","status":"publish","type":"post","link":"http:\/\/realitatearutiera.ro\/?p=139442","title":{"rendered":"Accident grav \u00eentre G\u00e2rb\u0103u \u0219i Vi\u0219tea. Pompierii au descarcerat un \u0219ofer r\u0103mas captiv \u00een autoturism"},"content":{"rendered":"\n<figure class=\"wp-block-image size-large is-resized\"><img loading=\"lazy\" decoding=\"async\" width=\"800\" height=\"510\" data-attachment-id=\"139443\" data-permalink=\"http:\/\/realitatearutiera.ro\/?attachment_id=139443\" data-orig-file=\"https:\/\/i2.wp.com\/realitatearutiera.ro\/wp-content\/uploads\/2026\/07\/image-132.png?fit=1200%2C765\" data-orig-size=\"1200,765\" data-comments-opened=\"1\" data-image-meta=\"{&quot;aperture&quot;:&quot;0&quot;,&quot;credit&quot;:&quot;&quot;,&quot;camera&quot;:&quot;&quot;,&quot;caption&quot;:&quot;&quot;,&quot;created_timestamp&quot;:&quot;0&quot;,&quot;copyright&quot;:&quot;&quot;,&quot;focal_length&quot;:&quot;0&quot;,&quot;iso&quot;:&quot;0&quot;,&quot;shutter_speed&quot;:&quot;0&quot;,&quot;title&quot;:&quot;&quot;,&quot;orientation&quot;:&quot;0&quot;}\" data-image-title=\"image\" data-image-description=\"\" data-medium-file=\"https:\/\/i2.wp.com\/realitatearutiera.ro\/wp-content\/uploads\/2026\/07\/image-132.png?fit=300%2C191\" data-large-file=\"https:\/\/i2.wp.com\/realitatearutiera.ro\/wp-content\/uploads\/2026\/07\/image-132.png?fit=800%2C510\" src=\"https:\/\/i2.wp.com\/realitatearutiera.ro\/wp-content\/uploads\/2026\/07\/image-132.png?resize=800%2C510\" alt=\"\" class=\"wp-image-139443\" style=\"width:500px;height:auto\" srcset=\"https:\/\/i2.wp.com\/realitatearutiera.ro\/wp-content\/uploads\/2026\/07\/image-132.png?resize=1024%2C653 1024w, https:\/\/i2.wp.com\/realitatearutiera.ro\/wp-content\/uploads\/2026\/07\/image-132.png?resize=300%2C191 300w, https:\/\/i2.wp.com\/realitatearutiera.ro\/wp-content\/uploads\/2026\/07\/image-132.png?resize=768%2C490 768w, https:\/\/i2.wp.com\/realitatearutiera.ro\/wp-content\/uploads\/2026\/07\/image-132.png?w=1200 1200w\" sizes=\"auto, (max-width: 800px) 100vw, 800px\" data-recalc-dims=\"1\" \/><\/figure>\n\n\n\n<p id=\"p-1\"><strong>Un accident rutier s-a produs, seara trecut\u0103, \u00een jurul orei 20:00, \u00eentre localit\u0103\u021bile G\u00e2rb\u0103u \u0219i Vi\u0219tea, interven\u021bia fiind asigurat\u0103 de pompierii din cadrul G\u0103rzii Aghire\u0219u.<\/strong><\/p>\n\n\n\n<p id=\"p-2\">La sosirea echipajelor de interven\u021bie, un autoturism era ie\u0219it \u00een afara p\u0103r\u021bii carosabile. \u00cen interiorul acestuia se afla un b\u0103rbat care nu a reu\u0219it s\u0103 se evacueze singur.<\/p>\n\n\n\n<p id=\"p-3\">Pompierii au ac\u021bionat pentru extragerea victimei \u00een condi\u021bii de siguran\u021b\u0103. Potrivit reprezentan\u021bilor ISU, b\u0103rbatul a fost g\u0103sit con\u0219tient \u0219i cooperant pe tot parcursul interven\u021biei.<\/p>\n\n\n\n<p id=\"p-4\">Victima, \u00een v\u00e2rst\u0103 de aproximativ 45 de ani, a primit \u00eengrijiri medicale la fa\u021ba locului, dup\u0103 care a fost transportat\u0103 la spital pentru investiga\u021bii \u0219i tratament de specialitate.<\/p>\n\n\n\n<p>Sursa: cluj24<\/p>\n","protected":false},"excerpt":{"rendered":"<p>Un accident rutier s-a produs, seara trecut\u0103, \u00een jurul orei 20:00, \u00eentre localit\u0103\u021bile G\u00e2rb\u0103u \u0219i Vi\u0219tea, interven\u021bia fiind asigurat\u0103 de<\/p>\n","protected":false},"author":1,"featured_media":116298,"comment_status":"open","ping_status":"closed","sticky":false,"template":"","format":"standard","meta":{"spay_email":"","footnotes":"","jetpack_publicize_message":""},"categories":[1],"tags":[],"class_list":["post-139442","post","type-post","status-publish","format-standard","has-post-thumbnail","hentry","category-uncategorized"],"jetpack_featured_media_url":"https:\/\/i1.wp.com\/realitatearutiera.ro\/wp-content\/uploads\/2024\/09\/semn-accident-850x560-1.jpg?fit=850%2C560","jetpack_publicize_connections":[],"jetpack_sharing_enabled":true,"jetpack_shortlink":"https:\/\/wp.me\/p61naM-Ah4","jetpack-related-posts":[],"_links":{"self":[{"href":"http:\/\/realitatearutiera.ro\/index.php?rest_route=\/wp\/v2\/posts\/139442","targetHints":{"allow":["GET"]}}],"collection":[{"href":"http:\/\/realitatearutiera.ro\/index.php?rest_route=\/wp\/v2\/posts"}],"about":[{"href":"http:\/\/realitatearutiera.ro\/index.php?rest_route=\/wp\/v2\/types\/post"}],"author":[{"embeddable":true,"href":"http:\/\/realitatearutiera.ro\/index.php?rest_route=\/wp\/v2\/users\/1"}],"replies":[{"embeddable":true,"href":"http:\/\/realitatearutiera.ro\/index.php?rest_route=%2Fwp%2Fv2%2Fcomments&post=139442"}],"version-history":[{"count":1,"href":"http:\/\/realitatearutiera.ro\/index.php?rest_route=\/wp\/v2\/posts\/139442\/revisions"}],"predecessor-version":[{"id":139444,"href":"http:\/\/realitatearutiera.ro\/index.php?rest_route=\/wp\/v2\/posts\/139442\/revisions\/139444"}],"wp:featuredmedia":[{"embeddable":true,"href":"http:\/\/realitatearutiera.ro\/index.php?rest_route=\/wp\/v2\/media\/116298"}],"wp:attachment":[{"href":"http:\/\/realitatearutiera.ro\/index.php?rest_route=%2Fwp%2Fv2%2Fmedia&parent=139442"}],"wp:term":[{"taxonomy":"category","embeddable":true,"href":"http:\/\/realitatearutiera.ro\/index.php?rest_route=%2Fwp%2Fv2%2Fcategories&post=139442"},{"taxonomy":"post_tag","embeddable":true,"href":"http:\/\/realitatearutiera.ro\/index.php?rest_route=%2Fwp%2Fv2%2Ftags&post=139442"}],"curies":[{"name":"wp","href":"https:\/\/api.w.org\/{rel}","templated":true}]}}