{"id":140916,"date":"2026-09-04T09:01:38","date_gmt":"2026-09-04T06:01:38","guid":{"rendered":"https:\/\/realitatearutiera.ro\/?p=140916"},"modified":"2026-09-04T09:01:42","modified_gmt":"2026-09-04T06:01:42","slug":"transfagarasanul-inchis-temporar-sambata-intre-vidraru-si-balea-lac","status":"publish","type":"post","link":"http:\/\/realitatearutiera.ro\/?p=140916","title":{"rendered":"Transf\u0103g\u0103r\u0103\u0219anul, \u00eenchis temporar s\u00e2mb\u0103t\u0103 \u00eentre Vidraru \u0219i B\u00e2lea Lac"},"content":{"rendered":"\n<figure class=\"wp-block-image size-large\"><img loading=\"lazy\" decoding=\"async\" width=\"800\" height=\"450\" data-attachment-id=\"140917\" data-permalink=\"http:\/\/realitatearutiera.ro\/?attachment_id=140917\" data-orig-file=\"https:\/\/i2.wp.com\/realitatearutiera.ro\/wp-content\/uploads\/2026\/09\/image-37.png?fit=1200%2C675\" data-orig-size=\"1200,675\" data-comments-opened=\"1\" data-image-meta=\"{&quot;aperture&quot;:&quot;0&quot;,&quot;credit&quot;:&quot;&quot;,&quot;camera&quot;:&quot;&quot;,&quot;caption&quot;:&quot;&quot;,&quot;created_timestamp&quot;:&quot;0&quot;,&quot;copyright&quot;:&quot;&quot;,&quot;focal_length&quot;:&quot;0&quot;,&quot;iso&quot;:&quot;0&quot;,&quot;shutter_speed&quot;:&quot;0&quot;,&quot;title&quot;:&quot;&quot;,&quot;orientation&quot;:&quot;0&quot;}\" data-image-title=\"image\" data-image-description=\"\" data-medium-file=\"https:\/\/i2.wp.com\/realitatearutiera.ro\/wp-content\/uploads\/2026\/09\/image-37.png?fit=300%2C169\" data-large-file=\"https:\/\/i2.wp.com\/realitatearutiera.ro\/wp-content\/uploads\/2026\/09\/image-37.png?fit=800%2C450\" src=\"https:\/\/i2.wp.com\/realitatearutiera.ro\/wp-content\/uploads\/2026\/09\/image-37-1024x576.png?resize=800%2C450&#038;ssl=1\" alt=\"\" class=\"wp-image-140917\" srcset=\"https:\/\/i2.wp.com\/realitatearutiera.ro\/wp-content\/uploads\/2026\/09\/image-37.png?resize=1024%2C576 1024w, https:\/\/i2.wp.com\/realitatearutiera.ro\/wp-content\/uploads\/2026\/09\/image-37.png?resize=300%2C169 300w, https:\/\/i2.wp.com\/realitatearutiera.ro\/wp-content\/uploads\/2026\/09\/image-37.png?resize=768%2C432 768w, https:\/\/i2.wp.com\/realitatearutiera.ro\/wp-content\/uploads\/2026\/09\/image-37.png?w=1200 1200w\" sizes=\"auto, (max-width: 800px) 100vw, 800px\" data-recalc-dims=\"1\" \/><\/figure>\n\n\n\n<p>\u0218oferii care inten\u021bioneaz\u0103 s\u0103 traverseze Transf\u0103g\u0103r\u0103\u0219anul \u00een acest weekend trebuie s\u0103 \u021bin\u0103 cont de o nou\u0103 restric\u021bie de circula\u021bie. Pe 5 septembrie, traficul rutier va fi oprit \u00eentre Barajul Vidraru \u0219i B\u00e2lea Lac, potrivit&nbsp;<a href=\"https:\/\/www.mediafax.ro\/stirile-zilei\/patru-zile-de-restrictii-intr-o-singura-saptamana-pe-transfagarasan-drumul-se-inchide-din-nou-sambata-23801100?utm_source=chatgpt.com\" target=\"_blank\" rel=\"noreferrer noopener\">Mediafax<\/a>.<\/p>\n\n\n\n<p>Noua restric\u021bie de circula\u021bie va fi aplicat\u0103 pe un sector de aproximativ 55 de kilometri al DN7C.<\/p>\n\n\n\n<p>Timp de mai multe ore pe tronsonul dintre Barajul Vidraru \u0219i B\u00e2lea Lac se va desf\u0103\u0219ura o competi\u021bie sportiv\u0103.<\/p>\n\n\n\n<p>Aceasta este cea de-a patra zi de restric\u021bii care afecteaz\u0103 circula\u021bia pe Transf\u0103g\u0103r\u0103\u0219an \u00een decursul a doar 7 zile.<\/p>\n\n\n\n<h2 class=\"wp-block-heading\">Transf\u0103g\u0103r\u0103\u0219anul se \u00eenchide temporar, s\u00e2mb\u0103t\u0103<\/h2>\n\n\n\n<p>Circula\u021bia va fi oprit\u0103 pe&nbsp;<a href=\"https:\/\/www.promotor.ro\/stiri-auto\/transfagarasanul-se-inchide-timp-de-o-zi-care-este-programul-restrictiilor-19533035?utm_source=chatgpt.com\">Transf\u0103g\u0103r\u0103\u0219an<\/a>&nbsp;s\u00e2mb\u0103t\u0103, 5 septembrie. \u0218oferii nu vor putea circula pe DN7C dec\u00e2t p\u00e2n\u0103 la Barajul Vidraru, dac\u0103 vin dinspre Curtea de Arge\u0219, sau p\u00e2n\u0103 la B\u00e2lea Lac, dac\u0103 urc\u0103 dinspre Sibiu.<\/p>\n\n\n\n<p>\u00cen intervalul 07:00 \u2013 18:00, circula\u021bia pe Transf\u0103g\u0103r\u0103\u0219an va fi oprit\u0103 s\u00e2mb\u0103t\u0103 \u00eentre Vidraru \u0219i B\u00e2lea Lac. \u00cenchiderea afecteaz\u0103 aproximativ 54,7 kilometri din DN7C, astfel c\u0103 traversarea complet\u0103 a drumului nu va fi posibil\u0103 pe timpul zilei.<\/p>\n\n\n\n<p>Traficul ar urma s\u0103 fie reluat dup\u0103 \u00eencheierea probelor sportive \u0219i eliberarea carosabilului.<\/p>\n\n\n\n<h2 class=\"wp-block-heading\">Competi\u021bie sportiv\u0103 \u00eentre Barajul Vidraru \u0219i B\u00e2lea Lac<\/h2>\n\n\n\n<p>S\u00e2mb\u0103t\u0103 se desf\u0103\u0219oar\u0103 Transfier 2026, o competi\u021bie sportiv\u0103 de triatlon care include probe de \u00eenot, ciclism \u0219i alergare, iar participan\u021bii vor folosi inclusiv carosabilul de pe DN7C.<\/p>\n\n\n\n<p>Sunt organizate dou\u0103 variante principale de triatlon, Half 70.3 \u0219i Olimpic, at\u00e2t individual, c\u00e2t \u0219i pentru \u0219tafete. Cea mai lung\u0103 prob\u0103 presupune 1,9 kilometri de \u00eenot, 90 de kilometri de ciclism \u0219i 21 de kilometri de alergare. \u00cen program se afl\u0103 \u0219i King of Transfagarasan, o prob\u0103 de ciclism de aproximativ 45 de kilometri.<\/p>\n\n\n\n<p>Pentru siguran\u021ba participan\u021bilor, accesul vehiculelor va fi restric\u021bionat pe durata competi\u021biei.<\/p>\n\n\n\n<h2 class=\"wp-block-heading\">Patru zile cu restric\u021bii pe Transf\u0103g\u0103r\u0103\u0219an \u00eentr-o singur\u0103 s\u0103pt\u0103m\u00e2n\u0103<\/h2>\n\n\n\n<p>\u00cenchiderea de s\u00e2mb\u0103t\u0103 vine dup\u0103 mai multe restric\u021bii instituite pe DN7C \u00een aceast\u0103 s\u0103pt\u0103m\u00e2n\u0103.<\/p>\n\n\n\n<p>Mar\u021bi \u0219i miercuri, traficul a fost oprit temporar pentru desf\u0103\u0219urarea unui eveniment automobilistic, iar o nou\u0103 restric\u021bie este vineri, 4 septembrie.<\/p>\n\n\n\n<p>Astfel, de-a lungul acestei s\u0103pt\u0103m\u00e2ni, \u0219oferii se confrunt\u0103 cu patru zile \u00een care circula\u021bia este afectat\u0103 pe diferite sectoare ale Transf\u0103g\u0103r\u0103\u0219anului.<\/p>\n\n\n\n<p>A\u0219adar, cei care vor s\u0103 circule pe \u201ecel mai frumos drum din lume\u201d, cum a fost numit Transf\u0103g\u0103r\u0103\u0219an de realizatorii emisiunii TopGear, fie \u00ee\u0219i am\u00e2n\u0103 c\u0103l\u0103toria pentru duminic\u0103, fie a\u0219teapt\u0103 s\u00e2mb\u0103t\u0103, p\u00e2n\u0103 la redeschiderea \u0219oselei.<\/p>\n\n\n\n<p>Pentru traversarea Carpa\u021bilor Meridionali dinspre Muntenia spre Transilvania, o alternativ\u0103 la fel de spectaculoas\u0103 poate fi Transalpina. Sau Valea Oltului, dar aceast\u0103 rut\u0103 poate fi afectat\u0103 de blocaje \u00een trafic din cauza lucr\u0103rilor rutiere.<\/p>\n\n\n\n<p>Sursa: promotor     Foto: promotor<\/p>\n\n\n\n<p><\/p>\n","protected":false},"excerpt":{"rendered":"<p>\u0218oferii care inten\u021bioneaz\u0103 s\u0103 traverseze Transf\u0103g\u0103r\u0103\u0219anul \u00een acest weekend trebuie s\u0103 \u021bin\u0103 cont de o nou\u0103 restric\u021bie de circula\u021bie. Pe<\/p>\n","protected":false},"author":1,"featured_media":140917,"comment_status":"open","ping_status":"closed","sticky":false,"template":"","format":"standard","meta":{"spay_email":"","footnotes":"","jetpack_publicize_message":""},"categories":[54],"tags":[],"class_list":["post-140916","post","type-post","status-publish","format-standard","has-post-thumbnail","hentry","category-informatii-rutiere"],"jetpack_featured_media_url":"https:\/\/i2.wp.com\/realitatearutiera.ro\/wp-content\/uploads\/2026\/09\/image-37.png?fit=1200%2C675","jetpack_publicize_connections":[],"jetpack_sharing_enabled":true,"jetpack_shortlink":"https:\/\/wp.me\/p61naM-AEQ","jetpack-related-posts":[],"_links":{"self":[{"href":"http:\/\/realitatearutiera.ro\/index.php?rest_route=\/wp\/v2\/posts\/140916","targetHints":{"allow":["GET"]}}],"collection":[{"href":"http:\/\/realitatearutiera.ro\/index.php?rest_route=\/wp\/v2\/posts"}],"about":[{"href":"http:\/\/realitatearutiera.ro\/index.php?rest_route=\/wp\/v2\/types\/post"}],"author":[{"embeddable":true,"href":"http:\/\/realitatearutiera.ro\/index.php?rest_route=\/wp\/v2\/users\/1"}],"replies":[{"embeddable":true,"href":"http:\/\/realitatearutiera.ro\/index.php?rest_route=%2Fwp%2Fv2%2Fcomments&post=140916"}],"version-history":[{"count":1,"href":"http:\/\/realitatearutiera.ro\/index.php?rest_route=\/wp\/v2\/posts\/140916\/revisions"}],"predecessor-version":[{"id":140918,"href":"http:\/\/realitatearutiera.ro\/index.php?rest_route=\/wp\/v2\/posts\/140916\/revisions\/140918"}],"wp:featuredmedia":[{"embeddable":true,"href":"http:\/\/realitatearutiera.ro\/index.php?rest_route=\/wp\/v2\/media\/140917"}],"wp:attachment":[{"href":"http:\/\/realitatearutiera.ro\/index.php?rest_route=%2Fwp%2Fv2%2Fmedia&parent=140916"}],"wp:term":[{"taxonomy":"category","embeddable":true,"href":"http:\/\/realitatearutiera.ro\/index.php?rest_route=%2Fwp%2Fv2%2Fcategories&post=140916"},{"taxonomy":"post_tag","embeddable":true,"href":"http:\/\/realitatearutiera.ro\/index.php?rest_route=%2Fwp%2Fv2%2Ftags&post=140916"}],"curies":[{"name":"wp","href":"https:\/\/api.w.org\/{rel}","templated":true}]}}