{"id":140939,"date":"2026-09-04T10:00:17","date_gmt":"2026-09-04T07:00:17","guid":{"rendered":"https:\/\/realitatearutiera.ro\/?p=140939"},"modified":"2026-09-04T10:00:24","modified_gmt":"2026-09-04T07:00:24","slug":"atentie-la-ambrozie-perioada-de-varf-a-polenului-si-simptomele-care-anunta-alergia","status":"publish","type":"post","link":"http:\/\/realitatearutiera.ro\/?p=140939","title":{"rendered":"Aten\u021bie la ambrozie! Perioada de v\u00e2rf a polenului \u0219i simptomele care anun\u021b\u0103 alergia"},"content":{"rendered":"\n<figure class=\"wp-block-image size-full is-resized\"><img loading=\"lazy\" decoding=\"async\" width=\"780\" height=\"440\" data-attachment-id=\"140940\" data-permalink=\"http:\/\/realitatearutiera.ro\/?attachment_id=140940\" data-orig-file=\"https:\/\/i2.wp.com\/realitatearutiera.ro\/wp-content\/uploads\/2026\/09\/image-42.png?fit=780%2C440\" data-orig-size=\"780,440\" data-comments-opened=\"1\" data-image-meta=\"{&quot;aperture&quot;:&quot;0&quot;,&quot;credit&quot;:&quot;&quot;,&quot;camera&quot;:&quot;&quot;,&quot;caption&quot;:&quot;&quot;,&quot;created_timestamp&quot;:&quot;0&quot;,&quot;copyright&quot;:&quot;&quot;,&quot;focal_length&quot;:&quot;0&quot;,&quot;iso&quot;:&quot;0&quot;,&quot;shutter_speed&quot;:&quot;0&quot;,&quot;title&quot;:&quot;&quot;,&quot;orientation&quot;:&quot;0&quot;}\" data-image-title=\"image\" data-image-description=\"\" data-medium-file=\"https:\/\/i2.wp.com\/realitatearutiera.ro\/wp-content\/uploads\/2026\/09\/image-42.png?fit=300%2C169\" data-large-file=\"https:\/\/i2.wp.com\/realitatearutiera.ro\/wp-content\/uploads\/2026\/09\/image-42.png?fit=780%2C440\" src=\"https:\/\/i2.wp.com\/realitatearutiera.ro\/wp-content\/uploads\/2026\/09\/image-42.png?resize=780%2C440&#038;ssl=1\" alt=\"\" class=\"wp-image-140940\" style=\"width:608px;height:auto\" srcset=\"https:\/\/i2.wp.com\/realitatearutiera.ro\/wp-content\/uploads\/2026\/09\/image-42.png?w=780 780w, https:\/\/i2.wp.com\/realitatearutiera.ro\/wp-content\/uploads\/2026\/09\/image-42.png?resize=300%2C169 300w, https:\/\/i2.wp.com\/realitatearutiera.ro\/wp-content\/uploads\/2026\/09\/image-42.png?resize=768%2C433 768w\" sizes=\"auto, (max-width: 780px) 100vw, 780px\" data-recalc-dims=\"1\" \/><\/figure>\n\n\n\n<p>Alergia la ambrozie. Foto Getty Images<\/p>\n\n\n\n<p>Polenul de ambrozie \u00eencepe s\u0103 apar\u0103 \u00een aer \u00eenc\u0103 de la sf\u00e2r\u0219itul lunii iulie, \u00eens\u0103 intervalul critic se \u00eentinde, de regul\u0103, din a doua jum\u0103tate a lui august p\u00e2n\u0103 la finalul lui septembrie. Str\u0103nutul repetat, nasul \u00eenfundat, m\u00e2nc\u0103rimea ochilor \u0219i l\u0103crimarea sunt manifest\u0103rile cel mai des \u00eent\u00e2lnite, iar apari\u021bia tusei, a respira\u021biei \u0219uier\u0103toare sau a senza\u021biei de ap\u0103sare \u00een piept poate indica afectarea c\u0103ilor respiratorii inferioare. Medicul alergolog Claudia Adriana Nicolae explic\u0103 cine prezint\u0103 un risc mai mare, cum poate fi diferen\u021biat\u0103 alergia de o r\u0103ceal\u0103 \u0219i ce m\u0103suri pot limita expunerea.<\/p>\n\n\n\n<p>Manifest\u0103rile provocate de alergenii din aer pot fi confundate cu o r\u0103ceal\u0103 obi\u0219nuit\u0103, mai ales la debut. Persisten\u021ba sau revenirea lor \u00een aceea\u0219i perioad\u0103 a anului impune \u00eens\u0103 o evaluare de specialitate. <\/p>\n\n\n\n<p>Ce este alergia la ambrozie<\/p>\n\n\n\n<p> \u201eAmbrozia este o plant\u0103 originar\u0103 din America de Nord, care s-a adaptat foarte bine \u0219i \u00een Europa. O vedem mai ales pe terenuri ne\u00eengrijite, pe marginea drumurilor, l\u00e2ng\u0103 \u0219antiere, c\u0103i ferate sau pe loturi abandonate. Problema nu este doar c\u0103 s-a r\u0103sp\u00e2ndit foarte mult, ci \u0219i cantitatea uria\u0219\u0103 de polen pe care o produce. <\/p>\n\n\n\n<p>O singur\u0103 plant\u0103 poate elibera \u00eentr-un sezon sute de milioane, uneori chiar p\u00e2n\u0103 la aproximativ un miliard de gr\u0103uncioare de polen. Sunt foarte mici, foarte u\u0219oare \u0219i pot fi transportate de v\u00e2nt pe distan\u021be mari. Asta este una dintre p\u0103r\u021bile frustrante pentru pacien\u021bi: nu trebuie s\u0103 vezi un c\u00e2mp de ambrozie \u0219i nici s\u0103 locuie\u0219ti l\u00e2ng\u0103 plant\u0103 ca s\u0103 ai simptome.<\/p>\n\n\n\n<p>Este suficient ca polenul s\u0103 ajung\u0103 \u00een aerul pe care \u00eel respiri. Nu avem \u00eenc\u0103 un studiu na\u021bional recent care s\u0103 ne spun\u0103 exact c\u00e2\u021bi rom\u00e2ni sunt afecta\u021bi, \u00eens\u0103 o estimare oficial\u0103 a indicat peste 480.000 de persoane, adic\u0103 aproximativ 5,35% din popula\u021bia activ\u0103. Probabil c\u0103 dimensiunea real\u0103 a problemei este mai mare, pentru c\u0103 mul\u021bi pacien\u021bi nu ajung s\u0103 fie diagnostica\u021bi.\u201d, a explicat pentru Digi24.ro Claudia Adriana Nicolae, medic primar \u00een Alergologie \u0219i Imunologie Clinic\u0103 \u0219i pre\u0219edintele Asocia\u021biei Rom\u00e2ne de Educa\u021bie \u00een Alergii (AREA)<\/p>\n\n\n\n<p> Cine este mai predispus s\u0103 dezvolte alergie la ambrozie<\/p>\n\n\n\n<p> \u201eRiscul este mai mare la persoanele care au deja rinit\u0103 alergic\u0103, astm, dermatit\u0103 atopic\u0103 sau alte sensibiliz\u0103ri respiratorii, precum \u0219i la cele care provin din familii \u00een care exist\u0103 boli alergice. Conteaz\u0103 \u00eens\u0103 foarte mult \u0219i expunerea. Cine locuie\u0219te sau lucreaz\u0103 ani la r\u00e2nd \u00eentr-o zon\u0103 cu mult\u0103 ambrozie poate deveni alergic inclusiv la v\u00e2rsta adult\u0103. <\/p>\n\n\n\n<p>Copiii \u0219i persoanele \u00een v\u00e2rst\u0103 sunt afectate diferit? <\/p>\n\n\n\n<p>\u201eLa copii, problema este c\u0103 simptomele pot fi u\u0219or trecute cu vederea. Copilul nu spune \u00eentotdeauna c\u0103 \u00eel m\u0103n\u00e2nc\u0103 nasul sau c\u0103 respir\u0103 mai greu. P\u0103rintele observ\u0103 c\u0103 \u00ee\u0219i freac\u0103 nasul \u0219i ochii, respir\u0103 pe gur\u0103, doarme prost, se treze\u0219te obosit sau nu se mai concentreaz\u0103 la \u0219coal\u0103. Trebuie urm\u0103rite atent \u0219i tusea, respira\u021bia \u0219uier\u0103toare (wheezing) sau faptul c\u0103 un copil se opre\u0219te din alergat \u0219i nu mai \u021bine pasul la joac\u0103. Acestea pot fi semne de astm, nu doar de rinit\u0103.<\/p>\n\n\n\n<p> La v\u00e2rstnici, simptomele alergice se pot suprapune peste boli cardiace sau pulmonare. Uneori lipsa de aer este pus\u0103 automat pe seama v\u00e2rstei, de\u0219i poate exista \u0219i un astm declan\u0219at de polen. Cei mai expu\u0219i complica\u021biilor sunt pacien\u021bii care au deja astm, mai ales dac\u0103 acesta nu este bine controlat. Polenul poate declan\u0219a exacerb\u0103ri severe chiar \u0219i la persoane care \u00een restul anului au pu\u021bine simptome.\u201d, a ad\u0103ugat medicul <\/p>\n\n\n\n<p>Care sunt cele mai frecvente simptome \u0219i c\u00e2nd apar<\/p>\n\n\n\n<p> \u201e\u00cen practic\u0103, vedem mereu acela\u0219i tipar la final de var\u0103, oameni care spun c\u0103 \u201eau r\u0103cit din nou\u201d, dar povestea nu sun\u0103 deloc a infec\u021bie. Apar str\u0103nutul \u00een salve, secre\u021biile nazale clare, nasul care se blocheaz\u0103 complet, m\u00e2nc\u0103rimea de nas \u0219i ochi, ochii ro\u0219ii \u0219i l\u0103crimarea. Dup\u0103 mai multe nop\u021bi \u00een care pacientul nu respir\u0103 bine, apar oboseala, somnul fragmentat \u0219i dificult\u0103\u021bile de concentrare. La unii pacien\u021bi apar \u0219i tusea, ap\u0103sarea \u00een piept, respira\u021bia \u0219uier\u0103toare sau senza\u021bia c\u0103 nu pot trage suficient aer. Din acel moment nu mai vorbim doar despre o rinit\u0103 alergic\u0103. Acolo trebuie s\u0103 ne g\u00e2ndim serios \u0219i la astm.<\/p>\n\n\n\n<p> \u00cen Rom\u00e2nia, polenul poate ap\u0103rea de la sf\u00e2r\u0219itul lunii iulie. Perioada cea mai dificil\u0103 este, de obicei, din a doua jum\u0103tate a lunii august p\u00e2n\u0103 la sf\u00e2r\u0219itul lui septembrie. Dac\u0103 vremea r\u0103m\u00e2ne cald\u0103, simptomele pot continua \u0219i \u00een octombrie.\u201d, potrivit sursei Digi24.ro <\/p>\n\n\n\n<p>Cum diferen\u021biem alergia de o r\u0103ceal\u0103<\/p>\n\n\n\n<p> \u201eM\u00e2nc\u0103rimea este unul dintre cele mai utile indicii. Nasul \u0219i ochii care m\u0103n\u00e2nc\u0103, str\u0103nutul \u00een salve, l\u0103crimarea \u0219i secre\u021biile nazale apoase sugereaz\u0103 mai degrab\u0103 o alergie. Un alt indiciu este repetarea simptomelor \u00een aceea\u0219i perioad\u0103, an dup\u0103 an, \u0219i agravarea lor atunci c\u00e2nd persoana petrece mai mult timp afar\u0103. R\u0103ceala se asociaz\u0103 mai frecvent cu durere \u00een g\u00e2t, stare general\u0103 rea, dureri musculare \u0219i uneori febr\u0103. <\/p>\n\n\n\n<p>Alergia la ambrozie nu produce febr\u0103. Dac\u0103 apare febra, trebuie c\u0103utat\u0103 o infec\u021bie sau o alt\u0103 cauz\u0103. Desigur, un pacient alergic poate avea \u00een acela\u0219i timp \u0219i o viroz\u0103, iar atunci simptomele se pot suprapune. \u0218i durata ne ajut\u0103: o viroz\u0103 trece, de regul\u0103, \u00een c\u00e2teva zile sau \u00eentr-o s\u0103pt\u0103m\u00e2n\u0103-dou\u0103. Alergia poate continua s\u0103pt\u0103m\u00e2ni, at\u00e2t timp c\u00e2t polenul r\u0103m\u00e2ne \u00een aer.<\/p>\n\n\n\n<p> Exist\u0103 un tratament care poate modifica boala pe termen lung?<\/p>\n\n\n\n<p> \u201eDa. Pentru pacien\u021bii cu alergie confirmat\u0103 \u0219i simptome importante, imunoterapia alergen-specific\u0103 (ceea ce mul\u021bi numesc \u201edesensibilizare\u201d sau \u201evaccin antialergic\u201d) poate fi o op\u021biune. Spre deosebire de medicamentele care controleaz\u0103 simptomele, imunoterapia \u00eencearc\u0103 s\u0103 schimbe felul \u00een care sistemul imun reac\u021bioneaz\u0103 la polen.<\/p>\n\n\n\n<p> Poate reduce simptomele \u0219i necesarul de medicamente \u0219i poate avea efecte care se men\u021bin \u00een timp. Nu este \u00eens\u0103 o garan\u021bie c\u0103 alergia va disp\u0103rea complet \u0219i nu se recomand\u0103 doar pentru c\u0103 un test a ie\u0219it pozitiv. Indica\u021bia se stabile\u0219te individual de medicul alergolog, iar tratamentul este unul de durat\u0103, de regul\u0103 aproximativ 3 &#8211; 5 ani.\u201d, a ad\u0103ugat pre\u0219edintele Asocia\u021biei Rom\u00e2ne de Educa\u021bie in Alergii (AREA)<\/p>\n\n\n\n<p> Ce m\u0103suri simple putem lua pentru a reduce expunerea<\/p>\n\n\n\n<p> \u201eNu putem elimina complet polenul din aer, dar putem reduce cantitatea pe care o respir\u0103m \u0219i pe care o aducem \u00een cas\u0103. \u00cen zilele uscate, cu v\u00e2nt \u0219i niveluri ridicate de polen, este util s\u0103 limit\u0103m timpul petrecut afar\u0103 \u0219i s\u0103 \u021binem ferestrele \u00eenchise. \u00cen ma\u0219in\u0103 putem folosi aerul condi\u021bionat, cu filtrele cur\u0103\u021bate \u0219i schimbate la timp. C\u00e2nd ajungem acas\u0103, este bine s\u0103 ne schimb\u0103m hainele, s\u0103 facem du\u0219 \u0219i s\u0103 ne sp\u0103l\u0103m p\u0103rul. Altfel, polenul ajunge pe canapea, \u00een pat \u0219i pe pern\u0103. \u00cen perioada de v\u00e2rf, rufele ar trebui uscate \u00een interior. <\/p>\n\n\n\n<p>Ochelarii pot reduce contactul polenului cu ochii, iar tratamentul recomandat de medic trebuie \u00eenceput la timp \u0219i urmat consecvent. Persoanele alergice nu ar trebui s\u0103 smulg\u0103 sau s\u0103 coseasc\u0103 ambrozia \u00een perioada \u00eenfloririi. Exact atunci pot ridica \u00een aer o cantitate foarte mare de polen. <\/p>\n\n\n\n<p>\u0218i mai este ceva important: ambrozia nu este doar problema pacientului alergic. Este \u0219i o problem\u0103 de s\u0103n\u0103tate public\u0103. Terenurile infestate trebuie cur\u0103\u021bate, iar focarele pot fi raportate autorit\u0103\u021bilor \u0219i prin instrumentele disponibile publicului.\u201d, conchide Dr. Claudia Adriana Nicolae, medic primar \u00een Alergologie \u0219i Imunologie Clinic\u0103<\/p>\n\n\n\n<p>Sursa: digi24   Foto Getty Images<\/p>\n","protected":false},"excerpt":{"rendered":"<p>Alergia la ambrozie. Foto Getty Images Polenul de ambrozie \u00eencepe s\u0103 apar\u0103 \u00een aer \u00eenc\u0103 de la sf\u00e2r\u0219itul lunii iulie,<\/p>\n","protected":false},"author":1,"featured_media":140940,"comment_status":"open","ping_status":"closed","sticky":false,"template":"","format":"standard","meta":{"spay_email":"","footnotes":"","jetpack_publicize_message":""},"categories":[80],"tags":[],"class_list":["post-140939","post","type-post","status-publish","format-standard","has-post-thumbnail","hentry","category-sanatate"],"jetpack_featured_media_url":"https:\/\/i2.wp.com\/realitatearutiera.ro\/wp-content\/uploads\/2026\/09\/image-42.png?fit=780%2C440","jetpack_publicize_connections":[],"jetpack_sharing_enabled":true,"jetpack_shortlink":"https:\/\/wp.me\/p61naM-AFd","jetpack-related-posts":[],"_links":{"self":[{"href":"http:\/\/realitatearutiera.ro\/index.php?rest_route=\/wp\/v2\/posts\/140939","targetHints":{"allow":["GET"]}}],"collection":[{"href":"http:\/\/realitatearutiera.ro\/index.php?rest_route=\/wp\/v2\/posts"}],"about":[{"href":"http:\/\/realitatearutiera.ro\/index.php?rest_route=\/wp\/v2\/types\/post"}],"author":[{"embeddable":true,"href":"http:\/\/realitatearutiera.ro\/index.php?rest_route=\/wp\/v2\/users\/1"}],"replies":[{"embeddable":true,"href":"http:\/\/realitatearutiera.ro\/index.php?rest_route=%2Fwp%2Fv2%2Fcomments&post=140939"}],"version-history":[{"count":1,"href":"http:\/\/realitatearutiera.ro\/index.php?rest_route=\/wp\/v2\/posts\/140939\/revisions"}],"predecessor-version":[{"id":140941,"href":"http:\/\/realitatearutiera.ro\/index.php?rest_route=\/wp\/v2\/posts\/140939\/revisions\/140941"}],"wp:featuredmedia":[{"embeddable":true,"href":"http:\/\/realitatearutiera.ro\/index.php?rest_route=\/wp\/v2\/media\/140940"}],"wp:attachment":[{"href":"http:\/\/realitatearutiera.ro\/index.php?rest_route=%2Fwp%2Fv2%2Fmedia&parent=140939"}],"wp:term":[{"taxonomy":"category","embeddable":true,"href":"http:\/\/realitatearutiera.ro\/index.php?rest_route=%2Fwp%2Fv2%2Fcategories&post=140939"},{"taxonomy":"post_tag","embeddable":true,"href":"http:\/\/realitatearutiera.ro\/index.php?rest_route=%2Fwp%2Fv2%2Ftags&post=140939"}],"curies":[{"name":"wp","href":"https:\/\/api.w.org\/{rel}","templated":true}]}}