{"id":140942,"date":"2026-09-04T10:06:29","date_gmt":"2026-09-04T07:06:29","guid":{"rendered":"https:\/\/realitatearutiera.ro\/?p=140942"},"modified":"2026-09-04T10:06:33","modified_gmt":"2026-09-04T07:06:33","slug":"accident-pe-dn-25-la-tudor-vladimirescu-masina-rasturnata-in-afara-soselei","status":"publish","type":"post","link":"http:\/\/realitatearutiera.ro\/?p=140942","title":{"rendered":"Accident pe DN 25, la Tudor Vladimirescu: ma\u0219in\u0103 r\u0103sturnat\u0103 \u00een afara \u0219oselei"},"content":{"rendered":"\n<figure class=\"wp-block-image size-large is-resized\"><img loading=\"lazy\" decoding=\"async\" width=\"800\" height=\"569\" data-attachment-id=\"140943\" data-permalink=\"http:\/\/realitatearutiera.ro\/?attachment_id=140943\" data-orig-file=\"https:\/\/i2.wp.com\/realitatearutiera.ro\/wp-content\/uploads\/2026\/09\/image-43.png?fit=1054%2C749\" data-orig-size=\"1054,749\" data-comments-opened=\"1\" data-image-meta=\"{&quot;aperture&quot;:&quot;0&quot;,&quot;credit&quot;:&quot;&quot;,&quot;camera&quot;:&quot;&quot;,&quot;caption&quot;:&quot;&quot;,&quot;created_timestamp&quot;:&quot;0&quot;,&quot;copyright&quot;:&quot;&quot;,&quot;focal_length&quot;:&quot;0&quot;,&quot;iso&quot;:&quot;0&quot;,&quot;shutter_speed&quot;:&quot;0&quot;,&quot;title&quot;:&quot;&quot;,&quot;orientation&quot;:&quot;0&quot;}\" data-image-title=\"image\" data-image-description=\"\" data-medium-file=\"https:\/\/i2.wp.com\/realitatearutiera.ro\/wp-content\/uploads\/2026\/09\/image-43.png?fit=300%2C213\" data-large-file=\"https:\/\/i2.wp.com\/realitatearutiera.ro\/wp-content\/uploads\/2026\/09\/image-43.png?fit=800%2C569\" src=\"https:\/\/i2.wp.com\/realitatearutiera.ro\/wp-content\/uploads\/2026\/09\/image-43-1024x728.png?resize=800%2C569&#038;ssl=1\" alt=\"\" class=\"wp-image-140943\" style=\"aspect-ratio:1.4072193283250007;width:605px;height:auto\" srcset=\"https:\/\/i2.wp.com\/realitatearutiera.ro\/wp-content\/uploads\/2026\/09\/image-43.png?resize=1024%2C728 1024w, https:\/\/i2.wp.com\/realitatearutiera.ro\/wp-content\/uploads\/2026\/09\/image-43.png?resize=300%2C213 300w, https:\/\/i2.wp.com\/realitatearutiera.ro\/wp-content\/uploads\/2026\/09\/image-43.png?resize=768%2C546 768w, https:\/\/i2.wp.com\/realitatearutiera.ro\/wp-content\/uploads\/2026\/09\/image-43.png?w=1054 1054w\" sizes=\"auto, (max-width: 800px) 100vw, 800px\" data-recalc-dims=\"1\" \/><\/figure>\n\n\n\n<p>Un accident rutier soldat cu r\u0103nirea a dou\u0103 persoane s-a produs miercuri sear\u0103, 2 septembrie, pe DN 25, \u00een localitatea Tudor Vladimirescu, jude\u0163ul Gala\u0163i. O ma\u015fin\u0103 s-a r\u0103sturnat \u00een afara p\u0103r\u0163ii carosabile \u00een urma impactului.<\/p>\n\n\n\n<p>Potrivit Inspectoratului de Poli\u0163ie Jude\u0163ean (IPJ) Gala\u0163i, accidentul a avut loc \u00een jurul orei 21:25. Poli\u0163i\u015ftii din cadrul Serviciului Rutier Gala\u0163i au intervenit dup\u0103 ce dou\u0103 autoturisme au intrat \u00een coliziune.<\/p>\n\n\n\n<p>Din primele verific\u0103ri efectuate la fa\u0163a locului a reie\u015fit c\u0103 un t\u00e2n\u0103r de 20 de ani, din Lie\u015fti, conducea un autoturism dinspre Tecuci c\u0103tre Gala\u0163i. Acesta nu ar fi p\u0103strat distan\u0163a regulamentar\u0103 fa\u0163\u0103 de ma\u015fina care circula \u00een fa\u0163a sa, condus\u0103 de un alt t\u00e2n\u0103r, \u00een v\u00e2rst\u0103 de 21 de ani, tot din Lie\u015fti.<\/p>\n\n\n\n<p>Ma\u015fina din fa\u0163\u0103 efectua un viraj la st\u00e2nga pentru a intra \u00eentr-o sp\u0103l\u0103torie auto, moment \u00een care autoturismul condus de t\u00e2n\u0103rul de 20 de ani a intrat \u00een coliziune cu aceasta.<\/p>\n\n\n\n<p><strong>Impactul a propulsat ma\u015fina \u00een afara \u015foselei<\/strong><\/p>\n\n\n\n<p>\u00cen urma impactului, autoturismul condus de t\u00e2n\u0103rul de 20 de ani a p\u0103r\u0103sit partea carosabil\u0103 \u015fi s-a r\u0103sturnat \u00een afara drumului.<\/p>\n\n\n\n<p>\u015eoferul de 20 de ani \u015fi pasagerul s\u0103u, un t\u00e2n\u0103r de 18 ani, au fost r\u0103ni\u0163i \u00een urma accidentului. Ambele victime au fost transportate la spital pentru acordarea de \u00eengrijiri medicale.<\/p>\n\n\n\n<p>Poli\u0163i\u015ftii le-au recoltat celor doi conduc\u0103tori auto mostre biologice, urm\u00e2nd s\u0103 fie stabilit\u0103 cu exactitate alcoolemia acestora.<\/p>\n\n\n\n<p>Cercet\u0103rile sunt continuate \u00een cadrul unui dosar penal deschis pentru infrac\u0163iunea de v\u0103t\u0103mare corporal\u0103 din culp\u0103, pentru stabilirea tuturor \u00eemprejur\u0103rilor \u00een care s-a produs accidentul.<\/p>\n\n\n\n<p>Video <a href=\"https:\/\/www.monitoruldegalati.ro\/eveniment\/video-impact-violent-pe-dn-25-masina-rasturnata-in-afara-soselei-la-tudor-vladimirescu.html\">aici<\/a><a href=\"https:\/\/www.monitoruldegalati.ro\/category\/eveniment\"><\/a><a href=\"https:\/\/www.monitoruldegalati.ro\/category\/comunitate\"><\/a><a href=\"https:\/\/www.monitoruldegalati.ro\/category\/sport\"><\/a><a href=\"https:\/\/www.monitoruldegalati.ro\/category\/stirea-zilei\"><\/a><\/p>\n\n\n\n<p>Sursa: monitoruldegalati<\/p>\n\n\n\n<p><\/p>\n","protected":false},"excerpt":{"rendered":"<p>Un accident rutier soldat cu r\u0103nirea a dou\u0103 persoane s-a produs miercuri sear\u0103, 2 septembrie, pe DN 25, \u00een localitatea<\/p>\n","protected":false},"author":1,"featured_media":116298,"comment_status":"open","ping_status":"closed","sticky":false,"template":"","format":"standard","meta":{"spay_email":"","footnotes":"","jetpack_publicize_message":""},"categories":[1],"tags":[],"class_list":["post-140942","post","type-post","status-publish","format-standard","has-post-thumbnail","hentry","category-uncategorized"],"jetpack_featured_media_url":"https:\/\/i1.wp.com\/realitatearutiera.ro\/wp-content\/uploads\/2024\/09\/semn-accident-850x560-1.jpg?fit=850%2C560","jetpack_publicize_connections":[],"jetpack_sharing_enabled":true,"jetpack_shortlink":"https:\/\/wp.me\/p61naM-AFg","jetpack-related-posts":[],"_links":{"self":[{"href":"http:\/\/realitatearutiera.ro\/index.php?rest_route=\/wp\/v2\/posts\/140942","targetHints":{"allow":["GET"]}}],"collection":[{"href":"http:\/\/realitatearutiera.ro\/index.php?rest_route=\/wp\/v2\/posts"}],"about":[{"href":"http:\/\/realitatearutiera.ro\/index.php?rest_route=\/wp\/v2\/types\/post"}],"author":[{"embeddable":true,"href":"http:\/\/realitatearutiera.ro\/index.php?rest_route=\/wp\/v2\/users\/1"}],"replies":[{"embeddable":true,"href":"http:\/\/realitatearutiera.ro\/index.php?rest_route=%2Fwp%2Fv2%2Fcomments&post=140942"}],"version-history":[{"count":1,"href":"http:\/\/realitatearutiera.ro\/index.php?rest_route=\/wp\/v2\/posts\/140942\/revisions"}],"predecessor-version":[{"id":140944,"href":"http:\/\/realitatearutiera.ro\/index.php?rest_route=\/wp\/v2\/posts\/140942\/revisions\/140944"}],"wp:featuredmedia":[{"embeddable":true,"href":"http:\/\/realitatearutiera.ro\/index.php?rest_route=\/wp\/v2\/media\/116298"}],"wp:attachment":[{"href":"http:\/\/realitatearutiera.ro\/index.php?rest_route=%2Fwp%2Fv2%2Fmedia&parent=140942"}],"wp:term":[{"taxonomy":"category","embeddable":true,"href":"http:\/\/realitatearutiera.ro\/index.php?rest_route=%2Fwp%2Fv2%2Fcategories&post=140942"},{"taxonomy":"post_tag","embeddable":true,"href":"http:\/\/realitatearutiera.ro\/index.php?rest_route=%2Fwp%2Fv2%2Ftags&post=140942"}],"curies":[{"name":"wp","href":"https:\/\/api.w.org\/{rel}","templated":true}]}}