{"id":140959,"date":"2026-09-04T10:37:34","date_gmt":"2026-09-04T07:37:34","guid":{"rendered":"https:\/\/realitatearutiera.ro\/?p=140959"},"modified":"2026-09-04T10:37:45","modified_gmt":"2026-09-04T07:37:45","slug":"vesti-bune-pe-a1-sibiu-pitesti-tunelul-de-la-curtea-de-arges-a-intrat-in-faza-testelor","status":"publish","type":"post","link":"http:\/\/realitatearutiera.ro\/?p=140959","title":{"rendered":"Ve\u0219ti bune pe A1 Sibiu\u2013Pite\u0219ti: tunelul de la Curtea de Arge\u0219 a intrat \u00een faza testelor"},"content":{"rendered":"\n<figure class=\"wp-block-image size-full is-resized\"><img loading=\"lazy\" decoding=\"async\" width=\"800\" height=\"480\" data-attachment-id=\"140960\" data-permalink=\"http:\/\/realitatearutiera.ro\/?attachment_id=140960\" data-orig-file=\"https:\/\/i0.wp.com\/realitatearutiera.ro\/wp-content\/uploads\/2026\/09\/image-47.png?fit=1000%2C600\" data-orig-size=\"1000,600\" data-comments-opened=\"1\" data-image-meta=\"{&quot;aperture&quot;:&quot;0&quot;,&quot;credit&quot;:&quot;&quot;,&quot;camera&quot;:&quot;&quot;,&quot;caption&quot;:&quot;&quot;,&quot;created_timestamp&quot;:&quot;0&quot;,&quot;copyright&quot;:&quot;&quot;,&quot;focal_length&quot;:&quot;0&quot;,&quot;iso&quot;:&quot;0&quot;,&quot;shutter_speed&quot;:&quot;0&quot;,&quot;title&quot;:&quot;&quot;,&quot;orientation&quot;:&quot;0&quot;}\" data-image-title=\"image\" data-image-description=\"\" data-medium-file=\"https:\/\/i0.wp.com\/realitatearutiera.ro\/wp-content\/uploads\/2026\/09\/image-47.png?fit=300%2C180\" data-large-file=\"https:\/\/i0.wp.com\/realitatearutiera.ro\/wp-content\/uploads\/2026\/09\/image-47.png?fit=800%2C480\" src=\"https:\/\/i0.wp.com\/realitatearutiera.ro\/wp-content\/uploads\/2026\/09\/image-47.png?resize=800%2C480&#038;ssl=1\" alt=\"\" class=\"wp-image-140960\" style=\"width:447px;height:auto\" srcset=\"https:\/\/i0.wp.com\/realitatearutiera.ro\/wp-content\/uploads\/2026\/09\/image-47.png?w=1000 1000w, https:\/\/i0.wp.com\/realitatearutiera.ro\/wp-content\/uploads\/2026\/09\/image-47.png?resize=300%2C180 300w, https:\/\/i0.wp.com\/realitatearutiera.ro\/wp-content\/uploads\/2026\/09\/image-47.png?resize=768%2C461 768w\" sizes=\"auto, (max-width: 800px) 100vw, 800px\" data-recalc-dims=\"1\" \/><\/figure>\n\n\n\n<p id=\"p-1\"><strong>Tunelul de la Curtea de Arge\u0219, parte din Autostrada A1 Sibiu &#8211; Pite\u0219ti, este practic finalizat, a anun\u021bat secretarul de stat \u00een Ministerul Transporturilor, Irinel Scrio\u0219teanu. Potrivit acestuia, antreprenorul a \u00eenceput testele necesare pentru darea \u00een trafic a tunelului.<\/strong><\/p>\n\n\n\n<p id=\"p-2\">Irinel Scrio\u0219teanu spune c\u0103 a fost finalizat\u0103 testarea sistemului de ventila\u021bie (\u00een total, pe cele dou\u0103 fire de tunel sunt montate 19 ventilatoare de mare capacitate, care asigur\u0103 45,5 m3\/secund\u0103), dar \u0219i trecerea a autospecialelor de interven\u021bii prin tunelul intermediar cu o ma\u0219in\u0103 de pompieri.<\/p>\n\n\n\n<p id=\"p-4\">Totodat\u0103, continu\u0103 testele la celelalte sisteme de siguran\u021b\u0103.<\/p>\n\n\n\n<p id=\"p-5\">De asemenea, antreprenorul execut\u0103 lucr\u0103ri preg\u0103titoare pentru etapele de pre-recep\u021bie \u0219i recep\u021bie a acestui \u0219antier:<a href=\"https:\/\/legal4youth.ro\/\" target=\"_blank\" rel=\"noreferrer noopener\"><\/a><\/p>\n\n\n\n<ul class=\"wp-block-list\">\n<li>sunt \u00een curs de finalizare lucr\u0103rile de montare a parapetului;<\/li>\n\n\n\n<li>continu\u0103 marcajele rutiere \u00een cele dou\u0103 fire de tunel;<\/li>\n\n\n\n<li>se finalizeaz\u0103 lucr\u0103rile la spa\u021biile de \u00eentre\u021binere \u0219i monitorizare a tunelului.<\/li>\n<\/ul>\n\n\n\n<p id=\"p-6\">\u201eA\u0219a cum am mai spus, Marea Unire prin infrastructur\u0103 \u00eencepe cu Autostrada Sibiu &#8211; Pite\u0219ti A1, iar fiecare tunel, pasaj, pod, viaduct sau metru de autostrad\u0103 realizat prin mun\u021bi reprezint\u0103 un pas \u00een plus pentru realizarea acestui obiectiv na\u021bional\u201d, a transmis Irinel Scrio\u0219teanu, pe Facebook.<\/p>\n\n\n\n<p id=\"p-7\">\u00a0Video <a href=\"https:\/\/alba24.ro\/video-autostrada-a1-sibiu-pitesti-tunelul-de-la-curtea-de-arges-este-practic-finalizat-au-inceput-testele-pentru-darea-in-trafic-1156406.html\">aici<\/a><\/p>\n\n\n\n<p>Sursa: alba24    Foto: alba24<\/p>\n","protected":false},"excerpt":{"rendered":"<p>Tunelul de la Curtea de Arge\u0219, parte din Autostrada A1 Sibiu &#8211; Pite\u0219ti, este practic finalizat, a anun\u021bat secretarul de<\/p>\n","protected":false},"author":1,"featured_media":140960,"comment_status":"open","ping_status":"closed","sticky":false,"template":"","format":"standard","meta":{"spay_email":"","footnotes":"","jetpack_publicize_message":""},"categories":[82],"tags":[],"class_list":["post-140959","post","type-post","status-publish","format-standard","has-post-thumbnail","hentry","category-auto"],"jetpack_featured_media_url":"https:\/\/i0.wp.com\/realitatearutiera.ro\/wp-content\/uploads\/2026\/09\/image-47.png?fit=1000%2C600","jetpack_publicize_connections":[],"jetpack_sharing_enabled":true,"jetpack_shortlink":"https:\/\/wp.me\/p61naM-AFx","jetpack-related-posts":[],"_links":{"self":[{"href":"http:\/\/realitatearutiera.ro\/index.php?rest_route=\/wp\/v2\/posts\/140959","targetHints":{"allow":["GET"]}}],"collection":[{"href":"http:\/\/realitatearutiera.ro\/index.php?rest_route=\/wp\/v2\/posts"}],"about":[{"href":"http:\/\/realitatearutiera.ro\/index.php?rest_route=\/wp\/v2\/types\/post"}],"author":[{"embeddable":true,"href":"http:\/\/realitatearutiera.ro\/index.php?rest_route=\/wp\/v2\/users\/1"}],"replies":[{"embeddable":true,"href":"http:\/\/realitatearutiera.ro\/index.php?rest_route=%2Fwp%2Fv2%2Fcomments&post=140959"}],"version-history":[{"count":1,"href":"http:\/\/realitatearutiera.ro\/index.php?rest_route=\/wp\/v2\/posts\/140959\/revisions"}],"predecessor-version":[{"id":140961,"href":"http:\/\/realitatearutiera.ro\/index.php?rest_route=\/wp\/v2\/posts\/140959\/revisions\/140961"}],"wp:featuredmedia":[{"embeddable":true,"href":"http:\/\/realitatearutiera.ro\/index.php?rest_route=\/wp\/v2\/media\/140960"}],"wp:attachment":[{"href":"http:\/\/realitatearutiera.ro\/index.php?rest_route=%2Fwp%2Fv2%2Fmedia&parent=140959"}],"wp:term":[{"taxonomy":"category","embeddable":true,"href":"http:\/\/realitatearutiera.ro\/index.php?rest_route=%2Fwp%2Fv2%2Fcategories&post=140959"},{"taxonomy":"post_tag","embeddable":true,"href":"http:\/\/realitatearutiera.ro\/index.php?rest_route=%2Fwp%2Fv2%2Ftags&post=140959"}],"curies":[{"name":"wp","href":"https:\/\/api.w.org\/{rel}","templated":true}]}}