{"id":19096,"date":"2017-02-13T11:17:07","date_gmt":"2017-02-13T09:17:07","guid":{"rendered":"http:\/\/realitatearutiera.ro\/?p=19096"},"modified":"2017-02-13T11:17:07","modified_gmt":"2017-02-13T09:17:07","slug":"atentie-soferi-pe-drumurile-din-vestul-tarii-vor-rula-doua-transporturi-agabarticie","status":"publish","type":"post","link":"http:\/\/realitatearutiera.ro\/?p=19096","title":{"rendered":"Aten\u0163ie \u015foferi! Pe drumurile din vestul \u021b\u0103rii vor rula dou\u0103 transporturi agabarticie"},"content":{"rendered":"<p><strong class=\"corp-articol\">Compania Na\u021bional\u0103 de Administrare a Infrastructurii Rutiere SA informeaz\u0103 utilizatorii re\u021belei de drumuri na\u021bionale c\u0103 \u00een perioada 13 \u2013 16 februarie, pe drumurile din vestul \u021b\u0103rii vor rula dou\u0103 transporturi agabarticie. ma\u0219inile se vor depolasa foarte \u00eencet, limit\u00e2nd traficul. <\/strong><\/p>\n<p>Un prim transport agabaritic pentru care a fost eliberat\u0103 autorizatie special\u0103, de la intrarea \u00een \u021bar\u0103 dinspre Ungaria, se va efectua \u00een perioada 13 &#8211; 15 februarie. Treansportul va urma ruta: DN7: N\u0103dlac P.T.F. \u00f7 Intersec\u021bie DN7 &#8211; DN7G; DN7G: Intersec\u021bie DN7 &#8211; DN7G \u00f7 Intersec\u021bie A1 &#8211; DN7G; A1: Intersec\u021bie A1 &#8211; DN7G \u00f7 Intersec\u021bie A1 &#8211; A11; A11: Intersec\u021bie A1 &#8211; A11 \u00f7 Intersec\u021bie A11 &#8211; DN7; DN7: Intersec\u021bie A11 &#8211; DN7 \u00f7 P\u0103uli\u0219 \u00f7 Sacama\u0219 \u00f7 Intersec\u021bie A1 &#8211; DN7 (Or\u0103\u0219tie); A1: Intersec\u021bie A1 &#8211; DN7 (Or\u0103\u0219tie) \u00f7 Cun\u021ba \u00f7 A1 Sibiu; DN1: A1 Sibiu \u00f7 Ve\u0219tem \u00f7 Voila \u00f7 Ghimbav \u00f7 Intersec\u021bie DN1 &#8211; DN73; DN73: Intersec\u021bie DN1 &#8211; DN73 \u00f7 Cristian.<\/p>\n<p>Un alt transport agabartici va intra \u00een \u021bar\u0103 tot azi, prin acela\u0219i punct de trecere a frontierei, N\u0103dlac. Acesta \u00eens\u0103, va avea nevoie de patru zile ca s\u0103 ajung\u0103 la destina\u021bie, urm\u00e2nd ruta: DN7: N\u0103dlac P.T.F. \u2013 Intersec\u021bie (DN7 cu DN7G); DN7G: Intersec\u021bie (DN7 cu DN7G) \u2013 Intersec\u021bie (A1 cu DN7G); A1:\u00a0 Intersec\u021bie (A1 cu DN7G) \u2013 Intersec\u021bie (A1 cu DJ691). Ambele transporturi vor fi \u00eenso\u021bite de ma\u0219ini de poli\u021bie \u0219i de unele de asisten\u021b\u0103.<\/p>\n<p>Sursa:evz.ro<\/p>\n","protected":false},"excerpt":{"rendered":"<p>Compania Na\u021bional\u0103 de Administrare a Infrastructurii Rutiere SA informeaz\u0103 utilizatorii re\u021belei de drumuri na\u021bionale c\u0103 \u00een perioada 13 \u2013 16<\/p>\n","protected":false},"author":1,"featured_media":19099,"comment_status":"closed","ping_status":"closed","sticky":false,"template":"","format":"standard","meta":{"spay_email":"","footnotes":"","jetpack_publicize_message":""},"categories":[11],"tags":[],"class_list":["post-19096","post","type-post","status-publish","format-standard","has-post-thumbnail","hentry","category-stiri-interne"],"jetpack_featured_media_url":"https:\/\/i0.wp.com\/realitatearutiera.ro\/wp-content\/uploads\/2017\/02\/gorofar.jpg?fit=280%2C165","jetpack_publicize_connections":[],"jetpack_sharing_enabled":true,"jetpack_shortlink":"https:\/\/wp.me\/p61naM-4Y0","jetpack-related-posts":[],"_links":{"self":[{"href":"http:\/\/realitatearutiera.ro\/index.php?rest_route=\/wp\/v2\/posts\/19096","targetHints":{"allow":["GET"]}}],"collection":[{"href":"http:\/\/realitatearutiera.ro\/index.php?rest_route=\/wp\/v2\/posts"}],"about":[{"href":"http:\/\/realitatearutiera.ro\/index.php?rest_route=\/wp\/v2\/types\/post"}],"author":[{"embeddable":true,"href":"http:\/\/realitatearutiera.ro\/index.php?rest_route=\/wp\/v2\/users\/1"}],"replies":[{"embeddable":true,"href":"http:\/\/realitatearutiera.ro\/index.php?rest_route=%2Fwp%2Fv2%2Fcomments&post=19096"}],"version-history":[{"count":1,"href":"http:\/\/realitatearutiera.ro\/index.php?rest_route=\/wp\/v2\/posts\/19096\/revisions"}],"predecessor-version":[{"id":19102,"href":"http:\/\/realitatearutiera.ro\/index.php?rest_route=\/wp\/v2\/posts\/19096\/revisions\/19102"}],"wp:featuredmedia":[{"embeddable":true,"href":"http:\/\/realitatearutiera.ro\/index.php?rest_route=\/wp\/v2\/media\/19099"}],"wp:attachment":[{"href":"http:\/\/realitatearutiera.ro\/index.php?rest_route=%2Fwp%2Fv2%2Fmedia&parent=19096"}],"wp:term":[{"taxonomy":"category","embeddable":true,"href":"http:\/\/realitatearutiera.ro\/index.php?rest_route=%2Fwp%2Fv2%2Fcategories&post=19096"},{"taxonomy":"post_tag","embeddable":true,"href":"http:\/\/realitatearutiera.ro\/index.php?rest_route=%2Fwp%2Fv2%2Ftags&post=19096"}],"curies":[{"name":"wp","href":"https:\/\/api.w.org\/{rel}","templated":true}]}}