{"id":19376,"date":"2017-02-21T10:19:34","date_gmt":"2017-02-21T08:19:34","guid":{"rendered":"http:\/\/realitatearutiera.ro\/?p=19376"},"modified":"2017-02-21T08:20:00","modified_gmt":"2017-02-21T06:20:00","slug":"fetita-cu-ureche-absoluta-canta-la-pian-de-la-4-ani-compune-melodii-ia-premiu-dupa-premiu-si-face-parte-dintr-o-asociatie-a-muzicologilor","status":"publish","type":"post","link":"http:\/\/realitatearutiera.ro\/?p=19376","title":{"rendered":"Feti\u0163a cu ureche absolut\u0103: c\u00e2nt\u0103 la pian de la 4 ani, compune melodii, ia premiu dup\u0103 premiu \u015fi face parte dintr-o asocia\u0163ie a muzicologilor"},"content":{"rendered":"<p>Rebeca Nicoleta R\u0103ducanu (9 ani) este elev\u0103 a Liceului de Arte \u201eDimitrie Cuclin\u201c din Gala\u0163i \u015fi unul dintre copiii-minune ai Rom\u00e2niei. C\u00e2nt\u0103 la pian de la 4 ani, compune melodii \u015fi este membr\u0103 a \u201eAsocia\u0163iei pentru drepturi de autor a compozitorilor\u201c (UCMR-ADA). Profesorii spun c\u0103 are \u201eureche absolut\u0103\u201c.<\/p>\n<p>P\u0103rin\u0163ii spun c\u0103 Rebeca a \u00eenceput s\u0103 c\u00e2nte la 2 ani \u015fi 3 luni, dup\u0103 ce v\u0103zuse \u00een vitrina unui magazin de juc\u0103rii un pian \u00een miniatur\u0103. \u201eRebeca, \u00eenainte s\u0103-mi vorbeasc\u0103, mi-a c\u00e2ntat\u201c, declar\u0103 tat\u0103l feti\u0163ei. Diana Giurea, profesoar\u0103 de Teoria Muzicii la liceul unde \u00eenva\u0163\u0103 feti\u0163a, a concluzionat c\u0103 Rebeca are ceea ce se nume\u015fte \u00een termeni de specialitate \u201eureche absolut\u0103\u201c, ceea ce \u00eenseamn\u0103 c\u0103 are capacitatea de a identifica instantaneu orice not\u0103 aude \u015fi de a re\u0163ine partituri \u00eentregi \u00een memorie cu o acurate\u0163e incredibil\u0103. \u201eAm auzit odat\u0103 la o coleg\u0103 o melodie, iar c\u00e2nd am ajuns acas\u0103 am \u00eencercat s\u0103 o c\u00e2nt. Am re\u0163inut toate notele muzicale \u015fi chiar mi-a ie\u015fit\u201c, poveste\u015fte micu\u0163a. O educatoare le-a sugerat p\u0103rin\u0163ilor Rebec\u0103i s\u0103 o \u00eendrume spre o carier\u0103 muzical\u0103, \u0163in\u00e2nd cont c\u0103 la 4 ani copilul dovedea calit\u0103\u0163i deosebite at\u00e2t \u00een ceea ce prive\u015fte vocea, c\u00e2t \u015fi interpretarea la pian.<\/p>\n<p>Rebeca a fost mai \u00eent\u00e2i testat\u0103 de profesoara Manuela C\u0103l\u0103ra\u015f, de la Liceul de Arte \u201eDimitrie Cuclin\u201c, care i-a remarcat talentul, iar feti\u0163a a ales atunci pianul ca instrument la care s\u0103 se specializeze. La 4 ani \u015fi jum\u0103tate, copila participa la primul s\u0103u concurs na\u0163ional la pian, unde era r\u0103spl\u0103tit\u0103 cu o men\u0163iune, singura ob\u0163inut\u0103 p\u00e2n\u0103 acum, pentru c\u0103 apoi avea s\u0103 c\u00e2\u015ftige doar premii I \u015fi premii de excelen\u0163\u0103.<\/p>\n<p>Micu\u0163a artist\u0103 s-a \u00eenscris la \u015fcoala din cadrul Liceului de Arte \u201eDimitrie Cuclin\u201c, la clasa profesoarei Gabriela Gogoncea, \u015fi a \u00eenceput \u00een paralel s\u0103 \u015fi compun\u0103, ajutat\u0103 de profesoara Diana Giurea. Rebeca a c\u00e2\u015ftigat p\u00e2n\u0103 acum zeci de premii la concursuri na\u0163ionale \u015fi interna\u0163ionale, cum ar fi competi\u0163ia \u201eMiniatura romantic\u201c, unde \u015fi-a adjudecat premiul I \u00een urma unei juriz\u0103ri cu profesori de la Conservatorul din Bucure\u015fti.<\/p>\n<p><img decoding=\"async\" src=\"https:\/\/i1.wp.com\/adevarul.ro\/assets\/adevarul.ro\/MRImage\/2017\/02\/19\/58a97f9c5ab6550cb89d3d1b\/646x404.jpg?w=800\" data-recalc-dims=\"1\" \/><\/p>\n<p>34 de premii numai la pian<\/p>\n<p>P\u00e2n\u0103 la 9 ani,\u00a0 feti\u0163a a participat la competi\u0163ii muzicale organizate la Piatra Neam\u0163, T\u00e2rgovi\u015fte, Sibiu, Tulcea, Bucure\u015fti \u015fi Buz\u0103u, la unele dintre acestea concur\u00e2nd cu sute de copii talenta\u0163i, cum s-a \u00eent\u00e2mplat la concursul \u201eGeorge Enescu\u201c (230 de copii) sau la concursul \u201eDinu Lipatti\u201c (170 de copii). Rebeca a uimit \u015fi la concursuri interna\u0163ionale de compozi\u0163ie, at\u00e2t la interpretare vocal\u0103, c\u00e2t \u015fi la interpretarea la pian.<\/p>\n<p>\u201eAvem o singur\u0103 men\u0163iune, dou\u0103 premii II \u015fi restul sunt premii I, premii de excelen\u0163\u0103 \u015fi premiul juriului\u201c,face mama feti\u0163ei un sumar al palmaresului. Numai la pian, Rebeca a c\u00e2\u015ftigat 34 de premii p\u00e2n\u0103 acum, punct\u00e2nd \u015fi la concursuri de Limba Rom\u00e2n\u0103, Englez\u0103 \u015fi Matematic\u0103. Talentul micu\u0163ei este mo\u015ftenit din familie. Mama acesteia picteaz\u0103, iar str\u0103bunicii au c\u00e2ntat la diverse instrumente.<\/p>\n<p>\u00cen timpul liber, feti\u0163a se relaxeaz\u0103 f\u0103c\u00e2nd echita\u0163ie: p\u0103rin\u0163ii au o cas\u0103 la \u0163ar\u0103, iar Rebeca ador\u0103 s\u0103 c\u0103l\u0103reasc\u0103. \u201eEste \u00een p\u0103durea de la G\u00e2rboavele un club de echita\u0163ie, iar acolo este un ponei micu\u0163, pe care a\u015f vrea s\u0103 \u00eel cump\u0103r, dac\u0103 se va organiza o licita\u0163ie\u201c, spune feti\u0163a. La v\u00e2rsta la care al\u0163i copii nu \u015ftiu dec\u00e2t s\u0103 se joace, micu\u0163a artist\u0103 din Gala\u0163i \u015fi-a f\u0103cut un program riguros, pe care \u00eel respect\u0103 cu stricte\u0163e. Se scoal\u0103 la 7 diminea\u0163a, merge la \u015fcoal\u0103, apoi la afterschool. Urmeaz\u0103 preg\u0103tirea la pian, iar de dou\u0103 ori pe s\u0103pt\u0103m\u00e2n\u0103 se antreneaz\u0103 la \u00eenot, pe care \u00eel practic\u0103 de la 5 ani.<\/p>\n<p><img decoding=\"async\" src=\"https:\/\/i1.wp.com\/adevarul.ro\/assets\/adevarul.ro\/MRImage\/2017\/02\/19\/58a97f875ab6550cb89d3cba\/646x404.jpg?w=800\" data-recalc-dims=\"1\" \/><\/p>\n<p>Medaliile \u015fi cupele c\u00e2\u015ftigate la nata\u0163ie de micu\u0163a artist\u0103 FOTO Valentin Trufa\u015fu<\/p>\n<p>13 medalii \u015fi o cup\u0103 la nata\u0163ie<\/p>\n<p>Rebeca str\u0103luce\u015fte \u015fi la nata\u0163ie, c\u00e2\u015ftig\u00e2nd mereu doar premiul I: 13 medalii \u015fi o cup\u0103 \u00een 4 ani. \u201eRebec\u0103i \u00eei place s\u0103 fac\u0103 toat\u0103 aceste lucruri. Ni s-a mai spus c\u0103 o obosim, \u00eens\u0103 ceea ce nu se \u015ftie este c\u0103 ea ne cere s\u0103 se implice \u00een toate aceste activit\u0103\u0163i. Noi nu \u00eei impunem nimic\u201c,explic\u0103 mama feti\u0163ei. Micu\u0163a vrea s\u0103 fac\u0103 balet, s\u0103 \u00eenve\u0163e s\u0103 c\u00e2nte la vioar\u0103, dar s\u0103 fac\u0103 \u015fi teatru, \u00eens\u0103 nu \u00eei mai ajunge efectiv timpul. \u201eAm prea multe pe cap\u201c, spune r\u00e2z\u00e2nd copila.<\/p>\n<p>La 8 ani, Rebeca a compus prima sa melodie, pentru a marca prietenia cu un coleg de la Liceul de Arte \u201eDimitrie Cuclin\u201c. Intitulat\u0103 \u201ePrietenie\u201c, compozi\u0163ia avea s\u0103 impresioneze \u201eAsocia\u0163ia pentru drepturi de autor a compozitorilor\u201c (UCMR-ADA), care a \u00eenregistrat-o ca oper\u0103 de autor, moment \u00een care feti\u0163a a devenit \u015fi membru al uniunii. Verificarea UCMR-ADA este extrem de riguroas\u0103 \u015fi vizeaz\u0103 analizarea unei compozi\u0163ii muzicale at\u00e2t din perspectiva unicit\u0103\u0163ii (s\u0103 nu fie plagiat), c\u00e2t \u015fi a valorii muzicale.<\/p>\n<p>Un an mai t\u00e2rziu, Rebeca venea cu o nou\u0103 compozi\u0163ie, denumit\u0103 \u201eSunetul m\u0103rii\u201c, iar UCMR-ADA a considerat c\u0103 valoarea operei muzicale impune \u015fi de aceast\u0103 dat\u0103 \u00eenregistrarea ei ca oper\u0103 de autor. Asta \u00eenseamn\u0103 c\u0103 oricine dore\u015fte s\u0103 foloseasc\u0103 cele dou\u0103 crea\u0163ii muzicale ale Rebec\u0103i, dar \u015fi alte opere muzicale pe care le va crea ulterior, trebuie s\u0103 \u00eei pl\u0103teasc\u0103 drepturi de autor. Micu\u0163a ne spune c\u0103 vrea s\u0103 compun\u0103 20 de piese, pe care s\u0103 le v\u00e2nd\u0103 \u015fi s\u0103 le asigure p\u0103rin\u0163ilor s\u0103i un trai bun, \u00een semn de recunoa\u015ftere a eforturilor lor. \u201eVoi c\u00e2nta at\u00e2t la pian, c\u00e2t \u015fi vocal. Nu voi renun\u0163a la niciuna dintre ele, pentru c\u0103 nu v\u0103d de ce, deoarece le pot face la fel de bine pe am\u00e2ndou\u0103. Copiii care c\u00e2nt\u0103 la pian vreau s\u0103 c\u00e2nte \u015fi melodiile pe care le compun eu\u201c, dezv\u0103luie Rebeca planurile sale de viitor. Rebeca c\u00e2nt\u0103 la fel de bine at\u00e2t la pian, c\u00e2t \u015fi cu vocea.<\/p>\n<p><img decoding=\"async\" src=\"https:\/\/i2.wp.com\/adevarul.ro\/assets\/adevarul.ro\/MRImage\/2017\/02\/19\/58a97f3a5ab6550cb89d3b2b\/627x0.jpg?w=800\" data-recalc-dims=\"1\" \/><\/p>\n<p>Sursa:adevarul.ro<\/p>\n","protected":false},"excerpt":{"rendered":"<p>Rebeca Nicoleta R\u0103ducanu (9 ani) este elev\u0103 a Liceului de Arte \u201eDimitrie Cuclin\u201c din Gala\u0163i \u015fi unul dintre copiii-minune ai<\/p>\n","protected":false},"author":1,"featured_media":19377,"comment_status":"closed","ping_status":"closed","sticky":false,"template":"","format":"standard","meta":{"spay_email":"","footnotes":"","jetpack_publicize_message":""},"categories":[6],"tags":[],"class_list":["post-19376","post","type-post","status-publish","format-standard","has-post-thumbnail","hentry","category-social"],"jetpack_featured_media_url":"https:\/\/i0.wp.com\/realitatearutiera.ro\/wp-content\/uploads\/2017\/02\/pianista.jpg?fit=%2C","jetpack_publicize_connections":[],"jetpack_sharing_enabled":true,"jetpack_shortlink":"https:\/\/wp.me\/p61naM-52w","jetpack-related-posts":[],"_links":{"self":[{"href":"http:\/\/realitatearutiera.ro\/index.php?rest_route=\/wp\/v2\/posts\/19376","targetHints":{"allow":["GET"]}}],"collection":[{"href":"http:\/\/realitatearutiera.ro\/index.php?rest_route=\/wp\/v2\/posts"}],"about":[{"href":"http:\/\/realitatearutiera.ro\/index.php?rest_route=\/wp\/v2\/types\/post"}],"author":[{"embeddable":true,"href":"http:\/\/realitatearutiera.ro\/index.php?rest_route=\/wp\/v2\/users\/1"}],"replies":[{"embeddable":true,"href":"http:\/\/realitatearutiera.ro\/index.php?rest_route=%2Fwp%2Fv2%2Fcomments&post=19376"}],"version-history":[{"count":1,"href":"http:\/\/realitatearutiera.ro\/index.php?rest_route=\/wp\/v2\/posts\/19376\/revisions"}],"predecessor-version":[{"id":19379,"href":"http:\/\/realitatearutiera.ro\/index.php?rest_route=\/wp\/v2\/posts\/19376\/revisions\/19379"}],"wp:featuredmedia":[{"embeddable":true,"href":"http:\/\/realitatearutiera.ro\/index.php?rest_route=\/wp\/v2\/media\/19377"}],"wp:attachment":[{"href":"http:\/\/realitatearutiera.ro\/index.php?rest_route=%2Fwp%2Fv2%2Fmedia&parent=19376"}],"wp:term":[{"taxonomy":"category","embeddable":true,"href":"http:\/\/realitatearutiera.ro\/index.php?rest_route=%2Fwp%2Fv2%2Fcategories&post=19376"},{"taxonomy":"post_tag","embeddable":true,"href":"http:\/\/realitatearutiera.ro\/index.php?rest_route=%2Fwp%2Fv2%2Ftags&post=19376"}],"curies":[{"name":"wp","href":"https:\/\/api.w.org\/{rel}","templated":true}]}}