{"id":20452,"date":"2017-03-27T10:25:37","date_gmt":"2017-03-27T08:25:37","guid":{"rendered":"http:\/\/realitatearutiera.ro\/?p=20452"},"modified":"2017-03-27T10:25:37","modified_gmt":"2017-03-27T08:25:37","slug":"o-familie-a-ramas-cu-durerea-si-chinul-de-a-nu-sti-ce-s-a-intamplat-cu-fiul-lor","status":"publish","type":"post","link":"http:\/\/realitatearutiera.ro\/?p=20452","title":{"rendered":"O familie a r\u0103mas cu DUREREA \u0219i CHINUL de a nu \u0219ti ce s-a \u00eent\u00e2mplat cu fiul lor"},"content":{"rendered":"<p><strong class=\"corp-articol\">Un b\u0103iat \u00een v\u00e2rst\u0103 de 14 ani din Gher\u0163a Mic\u0103 s-a sp\u00e2nzurat \u00een podul casei \u00een care locuia. \u00cen acest moment, nu se \u015ftie ce l-a determinat pe b\u0103iat s\u0103 fac\u0103 acest lucru.<\/strong><\/p>\n<p>Tat\u0103l este cel care a descoperit corpul ne\u00eensufle\u021bit al acestuia \u015fi a chemat ambulan\u0163a la orele 07.15.<\/p>\n<p>\u201ePot s\u0103 v\u0103 spun c\u0103 a fost g\u0103sit de c\u0103tre tat\u0103l s\u0103u. Copilul s-a sp\u00e2nzurat \u00een podul casei. Un echipaj de prim-ajutor iar apoi unul de terapie intensiv\u0103 s-au deplasat la fa\u021ba locului dar nu au mai putut face nimic pentru a salva via\u021ba copilului\u201d, a declarat un reprezentant al echipelor de interven\u0163ie.<\/p>\n","protected":false},"excerpt":{"rendered":"<p>Un b\u0103iat \u00een v\u00e2rst\u0103 de 14 ani din Gher\u0163a Mic\u0103 s-a sp\u00e2nzurat \u00een podul casei \u00een care locuia. \u00cen acest<\/p>\n","protected":false},"author":1,"featured_media":18292,"comment_status":"closed","ping_status":"closed","sticky":false,"template":"","format":"standard","meta":{"spay_email":"","footnotes":"","jetpack_publicize_message":""},"categories":[1],"tags":[],"class_list":["post-20452","post","type-post","status-publish","format-standard","has-post-thumbnail","hentry","category-uncategorized"],"jetpack_featured_media_url":"https:\/\/i0.wp.com\/realitatearutiera.ro\/wp-content\/uploads\/2017\/01\/cele-7-etape-ale-doliului-doliu-fizic-social-profesional.jpg?fit=400%2C250","jetpack_publicize_connections":[],"jetpack_sharing_enabled":true,"jetpack_shortlink":"https:\/\/wp.me\/p61naM-5jS","jetpack-related-posts":[],"_links":{"self":[{"href":"http:\/\/realitatearutiera.ro\/index.php?rest_route=\/wp\/v2\/posts\/20452","targetHints":{"allow":["GET"]}}],"collection":[{"href":"http:\/\/realitatearutiera.ro\/index.php?rest_route=\/wp\/v2\/posts"}],"about":[{"href":"http:\/\/realitatearutiera.ro\/index.php?rest_route=\/wp\/v2\/types\/post"}],"author":[{"embeddable":true,"href":"http:\/\/realitatearutiera.ro\/index.php?rest_route=\/wp\/v2\/users\/1"}],"replies":[{"embeddable":true,"href":"http:\/\/realitatearutiera.ro\/index.php?rest_route=%2Fwp%2Fv2%2Fcomments&post=20452"}],"version-history":[{"count":1,"href":"http:\/\/realitatearutiera.ro\/index.php?rest_route=\/wp\/v2\/posts\/20452\/revisions"}],"predecessor-version":[{"id":20453,"href":"http:\/\/realitatearutiera.ro\/index.php?rest_route=\/wp\/v2\/posts\/20452\/revisions\/20453"}],"wp:featuredmedia":[{"embeddable":true,"href":"http:\/\/realitatearutiera.ro\/index.php?rest_route=\/wp\/v2\/media\/18292"}],"wp:attachment":[{"href":"http:\/\/realitatearutiera.ro\/index.php?rest_route=%2Fwp%2Fv2%2Fmedia&parent=20452"}],"wp:term":[{"taxonomy":"category","embeddable":true,"href":"http:\/\/realitatearutiera.ro\/index.php?rest_route=%2Fwp%2Fv2%2Fcategories&post=20452"},{"taxonomy":"post_tag","embeddable":true,"href":"http:\/\/realitatearutiera.ro\/index.php?rest_route=%2Fwp%2Fv2%2Ftags&post=20452"}],"curies":[{"name":"wp","href":"https:\/\/api.w.org\/{rel}","templated":true}]}}