{"id":20711,"date":"2017-04-04T13:08:33","date_gmt":"2017-04-04T11:08:33","guid":{"rendered":"http:\/\/realitatearutiera.ro\/?p=20711"},"modified":"2017-04-04T10:02:43","modified_gmt":"2017-04-04T08:02:43","slug":"clipe-de-neuitat-pentru-prima-miresa-actrita-in-nunta-zamfirei-a-cucerit-inimile-unor-straini-si-a-ales-sa-se-marite-cu-un-flacau-din-sat","status":"publish","type":"post","link":"http:\/\/realitatearutiera.ro\/?p=20711","title":{"rendered":"Clipe de neuitat pentru prima mireas\u0103-actri\u0163\u0103 \u00een \u201eNunta Zamfirei\u201c.A cucerit inimile unor str\u0103ini \u015fi a ales s\u0103 se m\u0103rite cu un fl\u0103c\u0103u din sat"},"content":{"rendered":"<p>O bistri\u0163eanc\u0103 pe nume Ana Cifor a ajuns celebr\u0103 \u00een toat\u0103 lumea dup\u0103 ce a \u00eentruchipat-o \u00een urm\u0103 cu aproape 50 de ani\u00a0pe Zamfira lui Co\u015fbuc, \u00eentr-un spectacol c\u00e2mpenesc grandios. De\u015fi avea \u015fansa s\u0103-\u015fi schimbe total destinul, femeia a ales via\u0163a simpl\u0103 de la \u0163ar\u0103.<\/p>\n<p>Comuna bistri\u0163ean\u0103 Co\u015fbuc s-a transformat \u00een anul 1966 \u00eentr-o scen\u0103 uria\u015f\u0103, menit\u0103 unei reprezenta\u0163ii grandioase. Zeci de mii de oameni din jude\u0163, din \u0163ar\u0103 \u015fi din str\u0103in\u0103tate s-au adunat s\u0103 urm\u0103reasc\u0103 un spectacol-omagiu uria\u015f, dedicat \u00eemplinirii a 100 de ani de la na\u015fterea marelui poet rom\u00e2n, al c\u0103rui nume a fost \u00eemprumutat pentru denumirea localit\u0103\u0163ii.<\/p>\n<p>Inspir\u00e2ndu-se dintr-una din poeziile celebre ale lui George Co\u015fbuc, \u201eNunta Zamfirei\u201c, autorit\u0103\u0163ile locale au recompus, cu tot fastul, o nunt\u0103 specific\u0103 V\u0103ii S\u0103l\u0103u\u0163ei, respect\u00e2nd \u00eentocmai tradi\u0163iile care l-au fascinat \u015fi inspirat odinioar\u0103 pe Co\u015fbuc.<\/p>\n<p>Au fost personifica\u0163i atunci \u201ecem\u0103torii\u201c, \u201estegarii\u201c \u015fi \u201ec\u0103l\u0103re\u0163ii\u201c, tinerii care-i \u00eenso\u0163esc pe \u00eensur\u0103\u0163ei \u00een drumul lor de acas\u0103 p\u00e2n\u0103 la biseric\u0103 \u015fi unde se \u0163ine petrecerea. Atmosfera de nunt\u0103 a fost \u00eentre\u0163inut\u0103 de l\u0103utari, care au c\u00e2ntat al\u0103turi de o fanfar\u0103 local\u0103.<\/p>\n<p>\u201eAcesta cred c\u0103 este un spectacol unic \u00een lume!\u201c, exclama un scriitor italian invitat s\u0103 ia parte la ceremonia de nunt\u0103, care a adunat \u00een comun\u0103 personalit\u0103\u0163i \u015fi oameni de cultur\u0103 din peste zece \u0163\u0103ri.<\/p>\n<p>Personajele principale au fost \u00eens\u0103 mirii. Un profesor de educa\u0163ie fizic\u0103 din sat, care era deja c\u0103s\u0103torit \u015fi avea un copil, l-a \u00eentruchipat pe mire. Mireas\u0103 a fost Ana Cifor, o t\u00e2n\u0103r\u0103 parc\u0103 desprins\u0103 din poezia lui Co\u015fbuc, care avea pe atunci doar 16 ani.<\/p>\n<p>Sprinten\u0103, autentic\u0103, rupt\u0103 din \u201eNunta Zamfirei\u201c lui Co\u015fbuc, chiar dac\u0103 ultimii aproape 50 de ani \u015fi-au pus amprenta asupra chipului s\u0103u, a\u015fa o g\u0103sim \u00een 2015 pe Zamfira lui Co\u015fbuc, cum i se spune de atunci \u00een sat. Privind-o cu aten\u0163ie pe femeia bl\u00e2nd\u0103 \u015fi modest\u0103, putem spune c\u0103 reg\u0103sim, peste timp, tr\u0103s\u0103turile descrise de George Co\u015fbuc.<\/p>\n<p>Ie\u015fi Zamfira-n mers iste\u0163,<br \/>\nFrumoas\u0103 ca un g\u00e2nd r\u0103zle\u0163,<br \/>\nCu trupul nalt, cu p\u0103rul cre\u0163,<br \/>\nCu pas u\u015for.<\/p>\n<p>Un trandafir \u00een v\u0103i p\u0103rea;<br \/>\nMl\u0103diul trup i-l \u00eencingea<br \/>\nUn br\u00e2u de-argint, dar toat\u0103-n tot<br \/>\nFrumoas\u0103 c\u00e2t eu nici nu pot<br \/>\nO mai frumoas\u0103 s\u0103-mi socot<br \/>\nCu mintea mea.<\/p>\n<p>Decizia alegerii \u201eactri\u0163ei\u201c Ana Cifor a apar\u0163inut regizorului din Cluj, tocmit special pentru a coordona evenimentul fastuos. Acesta a remarcat-o \u00eent\u00e2mpl\u0103tor pe t\u00e2n\u0103ra simpl\u0103, care locuia pe un v\u00e2rf de deal al comunei. Ini\u0163ial, Ana trebuia s\u0103 fie \u201ecem\u0103toare\u201c, adic\u0103 s\u0103 fac\u0103 parte din alaiul de tineri care-i \u00eenso\u0163esc pe \u00eensur\u0103\u0163ei \u00een drumul spre biseric\u0103 \u015fi, apoi, spre petrecere. T\u00e2n\u0103ra a refuzat primul rol, spun\u00e2ndu-le oficialilor c\u0103 nu are timp s\u0103 se \u00eempart\u0103 \u00eentre repeti\u0163ii \u015fi muncile c\u00e2mpului.\u00a0 \u00a0 Destinul a vrut altceva. \u00centr-una din zilele \u00een care se preg\u0103tea festivalul, Ana a plecat din locul izolat \u00een care locuia cu familia s\u0103 viziteze ni\u015fte rude din satul situat la c\u00e2\u0163iva kilometri buni casa natal\u0103.<\/p>\n<p>\u201ePe drum m-am \u00eent\u00e2lnit cu primarul \u015fi cu \u00eenc\u0103 un om. Zice domnul care era cu primarul c\u0103tre mine: \u00abCe e\u015fti tu la nunta asta?\u00bb \u015fi zic eu: \u00abNimic\u00bb. El zice: \u00abCum se poate a\u015fa ceva?\u00bb. A spus omul: \u00abAsta-i!\u00bb. M-a \u00eentrebat dac\u0103 stau departe \u015fi m-a trimis acas\u0103 s\u0103 m\u0103 schimb. At\u00e2t a fost, m-am trezit Zamfira \u015fi de atunci toat\u0103 lumea \u00eemi spune a\u015fa\u201c, poveste\u015fte Ana Cifor, care acum are 65 de ani.<\/p>\n<p>Frumuse\u0163ea tinerei l-a fascinat pe regizor, care a renun\u0163at pe loc la cea care trebuia s\u0103 joace rolul Zamfirei \u015fi a luat-o pe fata simpl\u0103 provenit\u0103 dintr-o familie de \u0163\u0103rani.<\/p>\n<p><strong>GELOZIILE SO\u0162IEI MIRELUI DE \u00ceMPRUMUT<\/strong><\/p>\n<p>Participarea Anei la primul festival inspirat din poezia lui Co\u015fbuc, care \u00eentre timp a devenit tradi\u0163ie \u00een Bistri\u0163a-N\u0103s\u0103ud, a st\u00e2rnit \u015fi invidii. So\u0163ia mirelui de \u00eemprumut a refuzat s\u0103-i mai vorbeasc\u0103 vreodat\u0103.<\/p>\n<p>\u201eNevasta profesorului care a fost mire la Nunta Zamfirei nu a mai vorbit cu mine p\u00e2n\u0103 c\u00e2nd acesta a murit. Pfuai de mine ce geloas\u0103 era! C\u00e2nd repetam pentru spectacol mi-a spus \u00abNu r\u00e2de c\u0103 nu e al t\u0103u!\u00bb. A pus-o la punct regizorul, care mi-a spus s\u0103 nu stau bosumflat\u0103 \u015fi s\u0103 z\u00e2mbesc\u201c, \u00ee\u015fi aminte\u015fte femeia.<\/p>\n<p><img decoding=\"async\" src=\"https:\/\/i0.wp.com\/adevarul.ro\/assets\/adevarul.ro\/MRImage\/2015\/11\/07\/563db159f5eaafab2c60e4a5\/646x528.jpg?w=800\" data-recalc-dims=\"1\" \/><\/p>\n<p>Nunta real\u0103 a Anei Cifor a avut loc doi ani mai t\u00e2rziu. Alesul adev\u0103rat, pe nume Vasile, n-a avut \u015fansa s-o vad\u0103 \u00een rolul care i-a schimbat numele \u015fi destinul, deoarece b\u0103rbatul \u00ee\u015fi satisf\u0103cea stagiul militar c\u00e2nd s-a desf\u0103\u015furat festivalul. Vasile o \u015ftia pe Ana de c\u00e2nd era mic\u0103, fiind vecini. Cei doi s-au apropiat dup\u0103 ce acesta a venit din armat\u0103, la \u00eenmorm\u00e2ntarea fratelui b\u0103rbatului, mort \u00eentr-un accident. Ana \u015fi Vasile au deja 47 de ani de c\u0103snicie, un copil \u015fi par mai ferici\u0163i ca niciodat\u0103.<\/p>\n<p>Nunta lor nu a fost nici pe departe la fel de fastuoas\u0103 precum cea simulat\u0103 \u00een 1966.\u00a0 \u00a0 \u201eNunta noastr\u0103 nu a fost cu c\u0103l\u0103re\u0163i, nu a fost cu tulnice, am avut doar cetera\u015fi. Am f\u0103cut-o la c\u0103minul cultural. A fost simpl\u0103, nu a avut at\u00e2tea ca la festival. La festival am avut zeci de mii de nunta\u015fi\u201c, spune amuzat\u0103 Ana Cifor.<\/p>\n<p><strong> A REFUZAT STATELE UNITE<\/strong><\/p>\n<p>De\u015fi Ana a ales un b\u0103rbat simplu, din localitatea natal\u0103, rolul Zamfirei i-a adus numero\u015fi pretenden\u0163i. Printre cei fascina\u0163i de frumuse\u0163ea Zamfirei lui Co\u015fbuc s-a num\u0103rat un profesor universitar din Cluj-Napoca, dar \u015fi un american, care \u00a0s-a cazat la un hotel din N\u0103s\u0103ud \u015fi a insistat pre\u0163 de o s\u0103pt\u0103m\u00e2n\u0103 ca Ana s\u0103 \u00eei accepte cererea \u00een c\u0103s\u0103torie \u015fi s\u0103 se mute cu el \u00een Statele Unite ale Americii.<\/p>\n<p>\u201eEu le-am spus la to\u0163i c\u0103 nu plec de aici. Unu\u2019 de la Cluj, cu facult\u0103\u0163i, mi-a tot trimis scrisori, vreun an de zile s-a tot \u0163inut de mine s\u0103 m\u0103 duc cu el la Cluj, dar nu am vrut. Nici nu \u015ftiu exact cu ce se ocupau, nu le-am dat importan\u0163\u0103 deloc atunci. Eu at\u00e2ta le-am spus la to\u0163i: \u00abEu de aici nu plec\u00bb. To\u0163i o vrut s\u0103 m\u0103 duc\u0103 de aici \u00een alt\u0103 parte. Nu \u00eei las pe tata \u015fi mama, Doamne Fere\u015fte, mi-am spus atunci\u201c, poveste\u015fte Ana Cifor.\u00a0 \u00a0 \u00a0 \u00a0<img decoding=\"async\" src=\"https:\/\/i2.wp.com\/adevarul.ro\/assets\/adevarul.ro\/MRImage\/2015\/11\/07\/563db17af5eaafab2c60e58d\/646x528.jpg?w=800\" data-recalc-dims=\"1\" \/><\/p>\n<p>Femeia spune c\u0103 p\u00e2n\u0103 atunci nu avusese ocazia s\u0103 ias\u0103 din satul natal, iar g\u00e2ndul de a se muta \u00een cealalt\u0103 parte a lumii o \u00eengrozea. Ana Chifor adaug\u0103 c\u0103 \u015fi-a ales b\u0103rbatul cu sufletul.<\/p>\n<p>\u201eCela nu-i de lucru (n.r. \u2013 intelectualii). Am zis c\u0103 cel care \u00eei cu mine trebuie s\u0103 fie om, c\u0103 atunci c\u00e2nd m\u0103 duc undeva nu iau g\u0103zdu\u015fagul \u00een spate (n.r. \u2013 averea). Trebuie s\u0103 fiu m\u00e2ndr\u0103 oriunde m\u0103 duc cu omul pe care l-am ales. Eu omul l-am ales, nu averea. Dac\u0103 te \u00een\u0163elegi cu omul vine \u015fi averea\u201c, \u00ee\u015fi explic\u0103 alegerea Ana Cifor.<\/p>\n<p><img decoding=\"async\" src=\"https:\/\/i1.wp.com\/adevarul.ro\/assets\/adevarul.ro\/MRImage\/2015\/11\/07\/563db13df5eaafab2c60e3fc\/646x404.jpg?w=800\" alt=\"Povestea primei mirese-actri\u0163e \u00een \u201eNunta Zamfirei\u201c. Zeci de mii de oameni invita\u0163i, le-a cucerit inimile unor str\u0103ini \u015fi a ales s\u0103 se m\u0103rite cu un fl\u0103c\u0103u din sat\" data-recalc-dims=\"1\" \/><\/p>\n<p>Acum, la peste 50 de ani de la participarea la Festivalul Nunta Zamfirei, femeia locuie\u015fte tot pe un deal, fiind nevoit\u0103 s\u0103 parcurg\u0103 c\u00e2\u0163iva kilometri p\u00e2n\u0103 \u00een centrul comunei pe un drum greu accesibil. Acolo, aproape de munte, femeia nu are ma\u015fin\u0103 de sp\u0103lat sau alte electrocasnice moderne.<\/p>\n<p>Toaleta este tot \u00een fundul cur\u0163ii, iar hainele sunt sp\u0103late \u00een curte, cu m\u00e2na. Toat\u0103 via\u0163a a muncit al\u0103turi de so\u0163ul s\u0103u la c\u00e2mp \u015fi nici nu concepe s\u0103 fi avut alt destin care s\u0103 o poarte departe de \u0163inuturile natale.<\/p>\n<p>Sursa:adevarul.ro<\/p>\n","protected":false},"excerpt":{"rendered":"<p>O bistri\u0163eanc\u0103 pe nume Ana Cifor a ajuns celebr\u0103 \u00een toat\u0103 lumea dup\u0103 ce a \u00eentruchipat-o \u00een urm\u0103 cu aproape<\/p>\n","protected":false},"author":1,"featured_media":0,"comment_status":"closed","ping_status":"closed","sticky":false,"template":"","format":"standard","meta":{"spay_email":"","footnotes":"","jetpack_publicize_message":""},"categories":[6],"tags":[],"class_list":["post-20711","post","type-post","status-publish","format-standard","hentry","category-social"],"jetpack_featured_media_url":"","jetpack_publicize_connections":[],"jetpack_sharing_enabled":true,"jetpack_shortlink":"https:\/\/wp.me\/p61naM-5o3","jetpack-related-posts":[],"_links":{"self":[{"href":"http:\/\/realitatearutiera.ro\/index.php?rest_route=\/wp\/v2\/posts\/20711","targetHints":{"allow":["GET"]}}],"collection":[{"href":"http:\/\/realitatearutiera.ro\/index.php?rest_route=\/wp\/v2\/posts"}],"about":[{"href":"http:\/\/realitatearutiera.ro\/index.php?rest_route=\/wp\/v2\/types\/post"}],"author":[{"embeddable":true,"href":"http:\/\/realitatearutiera.ro\/index.php?rest_route=\/wp\/v2\/users\/1"}],"replies":[{"embeddable":true,"href":"http:\/\/realitatearutiera.ro\/index.php?rest_route=%2Fwp%2Fv2%2Fcomments&post=20711"}],"version-history":[{"count":2,"href":"http:\/\/realitatearutiera.ro\/index.php?rest_route=\/wp\/v2\/posts\/20711\/revisions"}],"predecessor-version":[{"id":20727,"href":"http:\/\/realitatearutiera.ro\/index.php?rest_route=\/wp\/v2\/posts\/20711\/revisions\/20727"}],"wp:attachment":[{"href":"http:\/\/realitatearutiera.ro\/index.php?rest_route=%2Fwp%2Fv2%2Fmedia&parent=20711"}],"wp:term":[{"taxonomy":"category","embeddable":true,"href":"http:\/\/realitatearutiera.ro\/index.php?rest_route=%2Fwp%2Fv2%2Fcategories&post=20711"},{"taxonomy":"post_tag","embeddable":true,"href":"http:\/\/realitatearutiera.ro\/index.php?rest_route=%2Fwp%2Fv2%2Ftags&post=20711"}],"curies":[{"name":"wp","href":"https:\/\/api.w.org\/{rel}","templated":true}]}}