{"id":21509,"date":"2017-04-26T12:43:05","date_gmt":"2017-04-26T09:43:05","guid":{"rendered":"http:\/\/realitatearutiera.ro\/?p=21509"},"modified":"2017-04-26T08:43:39","modified_gmt":"2017-04-26T05:43:39","slug":"95-de-ani-de-la-nasterea-scriitorului-stefan-augustin-doinas","status":"publish","type":"post","link":"http:\/\/realitatearutiera.ro\/?p=21509","title":{"rendered":"95 de ani de la na\u0219terea scriitorului \u0218tefan Augustin Doina\u0219"},"content":{"rendered":"<p class=\"intro\">Scriitorul \u0218tefan Augustin Doina\u0219 (nume real \u0218tefan Popa) s-a n\u0103scut la 26 aprilie 1922, \u00een localitatea Caporal Alexa, jude\u021bul Arad. A studiat la Liceul &#8221;Moise Nicoar\u0103&#8221; din Arad, pe care l-a absolvit \u00een 1941), \u0219i la Facultatea de Litere \u0219i Filosofie a Universit\u0103\u021bii din Cluj, absolvit\u0103 \u00een 1948. A f\u0103cut parte din Cercul Literar de la Sibiu, fiind unul dintre semnatarii Manifestului Cercului Literar, publicat \u00een ziarul &#8221;Via\u021ba&#8221; (1943).<\/p>\n<div class=\"image-wrapper medium-image mb25\"><img decoding=\"async\" src=\"https:\/\/www.agerpres.ro\/agerpres\/imageResize?path=%2Fmedia%2Fimages%2F2017-04%2F04260402-806780484.jpg&amp;size=6\" \/><\/div>\n<p>A debutat cu o poezie \u00een &#8221;Jurnalul literar&#8221; (1939). A fost redactor Ia revista &#8221;Teatrul&#8221; (1956-1957), corector la revista &#8221;Lumea&#8221; (1963-1966); redactor la revista &#8221;Secolul 20&#8221; (din 1969), devenind, \u00een ultimul deceniu al vie\u021bii, directorul revistei, apoi pre\u0219edintele funda\u021biei cu acela\u0219i nume, care s-a transformat \u00een &#8221;Secolul 21&#8221;.<br \/>\nDebutul editorial a fost \u00een 1964, cu volumul de poeme &#8221;Cartea mareelor&#8221;, conform biografiei publicate \u00een &#8221;Dic\u021bionarul scriitorilor rom\u00e2ni&#8221;, vol. 2, Editura Funda\u021biei Culturale Rom\u00e2ne, 1998, autori M. Zaciu, M. Papahagi, A. Sasu.<\/p>\n<p>Din volumele de poezii publicate de \u0218tefan Augustin Doina\u0219 amintim: &#8221;Omul cu compasul&#8221; (1966), &#8221;Semin\u021bia lui Laokoon&#8221; (1967), &#8221;Ipostaze&#8221; (1968), &#8221;Alter ego&#8221; (1970), &#8221;Ce mi s-a \u00eent\u00eemplat cu dou\u0103 cuvinte&#8221; (1972), &#8221;Versuri&#8221; (1972, 1973), &#8221;Cai \u00een ploaie&#8221; (1974), &#8221;Papirus&#8221; (1974), &#8221;Anotimpul discret&#8221; (1975), &#8221;Alfabet poetic&#8221; (1978), &#8221;Locuiesc \u00eentr-o inim\u0103&#8221; (1978), &#8221;Hesperia&#8221; (1979), &#8221;Poeme&#8221; (1983), &#8221;V\u00een\u0103toare cu \u0219oim&#8221; (1985), &#8221;Foamea de Unu&#8221; (1987), &#8221;Interiorul unui poem&#8221; (1990), &#8221;Arie \u0219i ecou&#8221; (1991), &#8221;Lamenta\u021bii&#8221; (1993), &#8221;Aventurile lui Proteu&#8221; (1995), &#8221;Alexandru refuz\u00e2nd apa&#8221;. De asemenea, a publicat volume de eseuri \u0219i critic\u0103 literar\u0103 \u2014 &#8221;Lampa lui Diogene&#8221; (1970), &#8221;Poezie \u0219i mod\u0103 poetic\u0103&#8221; (1972), &#8221;Orfeu \u0219i tenta\u021bia realului&#8221; (1974), &#8221;Lectura poeziei&#8221; (1980), &#8221;M\u0103\u0219tile adev\u0103rului poetic&#8221; (1992), &#8221;Poe\u021bi rom\u00e2ni&#8221; (1999), precum \u0219i volume de traduceri din opera unor mari scriitori str\u0103ini \u2014 Goethe, Holderlin, Mallarme, Paul Valery.<\/p>\n<p>Cel mai cunoscut poem al s\u0103u, unul dintre cele mai frumoase scrise vreodat\u0103 \u00een limba rom\u00e2n\u0103, este &#8221;Mistre\u021bul cu col\u021bi de argint&#8221;. Activitatea sa literar\u0103 acoper\u0103 toate genurile, meritele sale culturale \u0219i literare i-au fost recunoscute din plin, poetul devenind academician \u00een anul 1992.<\/p>\n<p><iframe loading=\"lazy\" src=\"https:\/\/www.youtube.com\/embed\/s18GCLd-QWk\" width=\"518\" height=\"291\" frameborder=\"0\" allowfullscreen=\"allowfullscreen\" data-mce-fragment=\"1\"><\/iframe><\/p>\n<p>A primit numeroase premii pentru crea\u021bia sa literar\u0103 \u2014 Premiul &#8221;M. Eminescu&#8221; al Academiei (1968); Premiul Comitetului de Stat pentru Cultur\u0103 \u0219i Art\u0103 (1970), Premiul Uniunii Scriitorilor (1975, 1979), Premiul special al Uniunii Scriitorilor (1982).<\/p>\n<p>\u00cen 1957, a fost arestat \u0219i condamnat pentru &#8220;omisiune de denun\u021b&#8221;, iar un an mai t\u00e2rziu, dup\u0103 ce a fost eliberat, s-a c\u0103s\u0103torit cu balerina Irinel Liciu.<\/p>\n<p>A devenit, \u00een 1992, membru al Academiei Rom\u00e2ne. \u00cen 1997, a primit titlul de cet\u0103\u021bean de onoare al Aradului, iar \u00een 2001 pe cel de Doctor Honoris Causa al Universit\u0103\u021bii &#8220;Aurel Vlaicu&#8221; din Arad.<\/p>\n<p>\u00centr-o confesiune publicat\u0103 \u00een &#8221;Revista de istorie \u0219i teorie literar\u0103&#8221; (1985), Doina\u0219 spunea c\u0103 &#8221;scrisul reprezint\u0103 \u00een primul r\u00e2nd o etic\u0103 inflexibil\u0103, apoi o provocare a superiorit\u0103\u021bii din om (fiindc\u0103 opera nu admite concesii, ea trebuie &#8216;asumat\u0103 total \u0219i ridicat\u0103 la nivelul unei perfecte con\u0219tiin\u021be de sine&#8217;) \u0219i \u00een cele din urm\u0103 o \u00een\u0103l\u021bare deasupra vicisitudinilor de moment ale contingentului&#8221;. El ad\u0103uga c\u0103 &#8221;opera-model e un fel de pariu care st\u00e2rne\u0219te propria noastr\u0103 valoare latent\u0103&#8221;, precizeaz\u0103 &#8221;Dic\u021bionarul scriitorilor rom\u00e2ni&#8221;, vol. 2.<\/p>\n<p><iframe loading=\"lazy\" src=\"https:\/\/www.youtube.com\/embed\/nq46osecR7o\" width=\"518\" height=\"291\" frameborder=\"0\" allowfullscreen=\"allowfullscreen\" data-mce-fragment=\"1\"><\/iframe><\/p>\n<p>Doina\u0219 afirma c\u0103 poezia &#8221;nu se poate na\u0219te dec\u00e2t dintr-un spa\u021biu filtrat prin cultur\u0103, fiind, prin defini\u021bie, arta unui fapt de construc\u021bie, poetul \u00eensu\u0219i nef\u0103c\u00e2nd altceva dec\u00e2t s\u0103 &#8216;traduc\u0103&#8217; \u00eentr-un nou limbaj, propriu, ritmul interior al unui text preexistent&#8221;.<\/p>\n<p>\u00cen apropierea v\u00e2rstei de 80 de ani, \u00een 2000, a debutat ca prozator, cu volumul &#8221;T de la Trezor&#8221;. A murit la 25 mai 2002.<\/p>\n<p>Sursa:agerpres.ro<\/p>\n","protected":false},"excerpt":{"rendered":"<p>Scriitorul \u0218tefan Augustin Doina\u0219 (nume real \u0218tefan Popa) s-a n\u0103scut la 26 aprilie 1922, \u00een localitatea Caporal Alexa, jude\u021bul Arad.<\/p>\n","protected":false},"author":1,"featured_media":0,"comment_status":"closed","ping_status":"closed","sticky":false,"template":"","format":"standard","meta":{"spay_email":"","footnotes":"","jetpack_publicize_message":""},"categories":[6],"tags":[],"class_list":["post-21509","post","type-post","status-publish","format-standard","hentry","category-social"],"jetpack_featured_media_url":"","jetpack_publicize_connections":[],"jetpack_sharing_enabled":true,"jetpack_shortlink":"https:\/\/wp.me\/p61naM-5AV","jetpack-related-posts":[],"_links":{"self":[{"href":"http:\/\/realitatearutiera.ro\/index.php?rest_route=\/wp\/v2\/posts\/21509","targetHints":{"allow":["GET"]}}],"collection":[{"href":"http:\/\/realitatearutiera.ro\/index.php?rest_route=\/wp\/v2\/posts"}],"about":[{"href":"http:\/\/realitatearutiera.ro\/index.php?rest_route=\/wp\/v2\/types\/post"}],"author":[{"embeddable":true,"href":"http:\/\/realitatearutiera.ro\/index.php?rest_route=\/wp\/v2\/users\/1"}],"replies":[{"embeddable":true,"href":"http:\/\/realitatearutiera.ro\/index.php?rest_route=%2Fwp%2Fv2%2Fcomments&post=21509"}],"version-history":[{"count":1,"href":"http:\/\/realitatearutiera.ro\/index.php?rest_route=\/wp\/v2\/posts\/21509\/revisions"}],"predecessor-version":[{"id":21517,"href":"http:\/\/realitatearutiera.ro\/index.php?rest_route=\/wp\/v2\/posts\/21509\/revisions\/21517"}],"wp:attachment":[{"href":"http:\/\/realitatearutiera.ro\/index.php?rest_route=%2Fwp%2Fv2%2Fmedia&parent=21509"}],"wp:term":[{"taxonomy":"category","embeddable":true,"href":"http:\/\/realitatearutiera.ro\/index.php?rest_route=%2Fwp%2Fv2%2Fcategories&post=21509"},{"taxonomy":"post_tag","embeddable":true,"href":"http:\/\/realitatearutiera.ro\/index.php?rest_route=%2Fwp%2Fv2%2Ftags&post=21509"}],"curies":[{"name":"wp","href":"https:\/\/api.w.org\/{rel}","templated":true}]}}