{"id":28574,"date":"2017-10-27T11:26:32","date_gmt":"2017-10-27T08:26:32","guid":{"rendered":"http:\/\/realitatearutiera.ro\/?p=28574"},"modified":"2017-10-27T09:32:41","modified_gmt":"2017-10-27T06:32:41","slug":"sa-cunoastem-cetatea-argedava","status":"publish","type":"post","link":"http:\/\/realitatearutiera.ro\/?p=28574","title":{"rendered":"S\u0103 cunoa\u015ftem cetatea Argedava"},"content":{"rendered":"<p>Una dintre cet\u0103\u0163ile geto-dacice deosebit de importante pentru istoria noastr\u0103 este Argedava, locul unde se spune c\u0103 a tr\u0103it tat\u0103l regelui Burebista. Situat\u0103 la numai c\u00e2teva zeci de kilometri de Bucure\u015fti, \u00een localitatea Pope\u015fti, cetatea este acum acoperit\u0103 de p\u0103m\u00e2nt pe care cresc de mul\u0163i ani doar b\u0103l\u0103rii.<\/p>\n<p>Istoricul giurgiuvean Emil P\u0103unescu declar\u0103 c\u0103 \u201epresupunerea c\u0103 dava de la Pope\u015fti, ora\u015ful Mih\u0103ile\u015fti \u2013 Giurgiu &#8211;\u00a0 este cea indicat\u0103 de Ptolemeu ca Argedava se datoreaz\u0103 savantului Radu Vulpe. El a efectuat s\u0103p\u0103turi acolo. Este sigur c\u0103 a fost re\u015fedin\u0163a unei c\u0103petenii getice dar r\u0103m\u00e2ne o ipotez\u0103 c\u0103 este vorba de re\u015fedin\u0163a tat\u0103lui lui Burebista\u201d.<\/p>\n<p>Dovada pe care se bazeaz\u0103 istoricii \u00een sus\u0163inerea ideii c\u0103 Argedava este cetatea condus\u0103 de tat\u0103l lui Burebista const\u0103 \u00eentr-o inscrip\u0163ie descoperit\u0103 \u00een Bulgaria. \u201e\u00cen ora\u015ful Balcic, care \u00een antichitate era Dionysopolis s-a descoperit o inscrip\u0163ie, din p\u0103cate incomplet\u0103, \u00een care locuitorii \u00eei mul\u0163umeau unui concet\u0103\u0163ean care a fost translator \u015fi diplomat \u00een epoc\u0103 chiar \u00een aceast\u0103 cetate a tat\u0103lui lui Burebista. Ca atare, \u00een momentul \u00een care Burebista a cucerit toate cet\u0103\u0163ile de la Marea Neagr\u0103, singura pe care a iertat-o a fost Dionysopolis\u201d, adaug\u0103 profesorul P\u0103unescu.<\/p>\n<p>Este vorba de decretul datat \u00een jurul anului 48 \u00ee.Hr. prin care cet\u0103\u0163enii greci din aceast\u0103 cetate \u00eei mul\u0163umeau lui Acornion care a mers \u00eentr-o solie la Argedava. Legat de aceste dovezi, sunt istorici care sus\u0163in c\u0103 Argedava ar putea fi chiar cetatea unde a stat Burebista.<\/p>\n<p>Cetatea m\u0103soar\u0103 160 de metri lungime de la Nord la Sud, 120 de metri l\u0103\u0163ime de la Est la Vest \u015fi are o \u00een\u0103l\u0163ime de 20 de metri. Fortifica\u0163iile sunt amplasate \u00een partea de S \u2013 SE \u015fi V \u2013 SV de Nucet. Este cea mai mare a\u015fezare din epoca bronzului \u015fi a fierului din Sudul Rom\u00e2niei.<\/p>\n<p>Aici au fost descoperite cl\u0103diri din perioada secolului III \u00ee.Hr. \u2013 secolul I d.Hr., cum ar fi, de exemplu un sanctuar compus din dou\u0103 \u00eenc\u0103peri \u015fi o curte. L\u00e2ng\u0103 acest sanctuar era o alt\u0103 cl\u0103dire, numit\u0103 palat. S-au mai descoperit locuin\u0163e \u015fi diferite ateliere me\u015fte\u015fug\u0103re\u015fti.<\/p>\n<p><img decoding=\"async\" src=\"https:\/\/i1.wp.com\/adevarul.ro\/assets\/adevarul.ro\/MRImage\/2017\/10\/26\/59f186275ab6550cb87f4808\/646x404.jpg?w=800\" data-recalc-dims=\"1\" \/><\/p>\n<p>Din p\u0103cate, lipsa finan\u0163\u0103rilor a f\u0103cut ca s\u0103p\u0103turile \u00een acest sit arheologic s\u0103 fie \u00eentrerupte de mult\u0103 vreme, peste cetate fiind a\u015fezat p\u0103m\u00e2nt, astfel \u00eenc\u00e2t aspectul ei exterior este de movil\u0103. Conform speciali\u015ftilor, Argedava a fost cercetat\u0103 forte pu\u0163in, maxim o treime din cetate a f\u0103cut obiectul s\u0103p\u0103turilor arheologice. Restul r\u0103m\u00e2ne, deocamdat\u0103, acoperit cu p\u0103m\u00e2nt.<\/p>\n<p>\u201eS-au ratat ni\u015fte ocazii importante de a ob\u0163ine finan\u0163\u0103ri pentru dezvoltarea cercet\u0103rilor de la Argedava. Lipsa banilor a dus la \u00eentreruperea cercet\u0103rilor. Nici toate descoperirile de acolo nu au v\u0103zut lumina tiparului, nu exist\u0103 o monografie a descoperirilor de acolo, de\u015fi exist\u0103 mii de artefacte, tezaure scoase la lumin\u0103\u201d, ne explic\u0103 istoricul Emil P\u0103unescu.<\/p>\n<p><img decoding=\"async\" src=\"https:\/\/i2.wp.com\/adevarul.ro\/assets\/adevarul.ro\/MRImage\/2017\/10\/26\/59f186f25ab6550cb87f4cce\/646x404.jpg?w=800\" data-recalc-dims=\"1\" \/><\/p>\n<p>Cetatea Argedava &#8211; sursa Wikipedia<\/p>\n<p>\u00cens\u0103, Argedava a trezit aten\u0163ia opiniei publice mai ales prin relat\u0103rile localnicilor care sus\u0163in c\u0103 \u00een perioada anilor 50, c\u00e2nd aici se f\u0103ceau s\u0103p\u0103turi arheologice, s-au descoperit scheletele unor oameni uria\u015fi. Localnicii spuneau c\u0103 aceste r\u0103m\u0103\u015fite umane erau de aproximativ 5 metri.<\/p>\n<p>\u201eNu este \u00een sine de lep\u0103dat legenda, deoarece nu numai aici s-a vorbit despre astfel de descoperiri. Din p\u0103cate aceste oase de mai mari dimensiuni dec\u00e2t cele normale nu pot fi cercetate pentru c\u0103 nu se \u015ftie unde sunt. Nu pot nega aceast\u0103 ipotez\u0103. E posibil s\u0103 fi existat o popula\u0163ie cu alte dimensiuni anatomice dec\u00e2t noi, \u00eentr-o anumit\u0103 epoc\u0103. Sunt a\u015fa numi\u0163ii &lt;jidovici&gt;, adic\u0103 uria\u015fi. Din p\u0103cate sunt relat\u0103ri, nu avem probe materiale deocamdat\u0103\u201d, explic\u0103 profesorul P\u0103unescu. Pe aceea\u015fi tem\u0103:<\/p>\n<p>Sursa:adevarul.ro<\/p>\n","protected":false},"excerpt":{"rendered":"<p>Una dintre cet\u0103\u0163ile geto-dacice deosebit de importante pentru istoria noastr\u0103 este Argedava, locul unde se spune c\u0103 a tr\u0103it tat\u0103l<\/p>\n","protected":false},"author":1,"featured_media":28575,"comment_status":"closed","ping_status":"closed","sticky":false,"template":"","format":"standard","meta":{"spay_email":"","footnotes":"","jetpack_publicize_message":""},"categories":[53],"tags":[],"class_list":["post-28574","post","type-post","status-publish","format-standard","has-post-thumbnail","hentry","category-periplu-prin-romania"],"jetpack_featured_media_url":"https:\/\/i2.wp.com\/realitatearutiera.ro\/wp-content\/uploads\/2017\/10\/cetate-1.jpg?fit=646%2C404","jetpack_publicize_connections":[],"jetpack_sharing_enabled":true,"jetpack_shortlink":"https:\/\/wp.me\/p61naM-7qS","jetpack-related-posts":[],"_links":{"self":[{"href":"http:\/\/realitatearutiera.ro\/index.php?rest_route=\/wp\/v2\/posts\/28574","targetHints":{"allow":["GET"]}}],"collection":[{"href":"http:\/\/realitatearutiera.ro\/index.php?rest_route=\/wp\/v2\/posts"}],"about":[{"href":"http:\/\/realitatearutiera.ro\/index.php?rest_route=\/wp\/v2\/types\/post"}],"author":[{"embeddable":true,"href":"http:\/\/realitatearutiera.ro\/index.php?rest_route=\/wp\/v2\/users\/1"}],"replies":[{"embeddable":true,"href":"http:\/\/realitatearutiera.ro\/index.php?rest_route=%2Fwp%2Fv2%2Fcomments&post=28574"}],"version-history":[{"count":1,"href":"http:\/\/realitatearutiera.ro\/index.php?rest_route=\/wp\/v2\/posts\/28574\/revisions"}],"predecessor-version":[{"id":28576,"href":"http:\/\/realitatearutiera.ro\/index.php?rest_route=\/wp\/v2\/posts\/28574\/revisions\/28576"}],"wp:featuredmedia":[{"embeddable":true,"href":"http:\/\/realitatearutiera.ro\/index.php?rest_route=\/wp\/v2\/media\/28575"}],"wp:attachment":[{"href":"http:\/\/realitatearutiera.ro\/index.php?rest_route=%2Fwp%2Fv2%2Fmedia&parent=28574"}],"wp:term":[{"taxonomy":"category","embeddable":true,"href":"http:\/\/realitatearutiera.ro\/index.php?rest_route=%2Fwp%2Fv2%2Fcategories&post=28574"},{"taxonomy":"post_tag","embeddable":true,"href":"http:\/\/realitatearutiera.ro\/index.php?rest_route=%2Fwp%2Fv2%2Ftags&post=28574"}],"curies":[{"name":"wp","href":"https:\/\/api.w.org\/{rel}","templated":true}]}}