{"id":32977,"date":"2018-02-26T15:03:09","date_gmt":"2018-02-26T13:03:09","guid":{"rendered":"http:\/\/realitatearutiera.ro\/?p=32977"},"modified":"2018-02-26T15:08:29","modified_gmt":"2018-02-26T13:08:29","slug":"constanta-un-sofer-si-a-distrus-masina-din-cauza-vitezei-si-s-a-ales-cu-dosar-penal-galerie-foto","status":"publish","type":"post","link":"http:\/\/realitatearutiera.ro\/?p=32977","title":{"rendered":"CONSTAN\u021aA. Un \u0219ofer \u0219i-a distrus ma\u0219ina din cauza vitezei \u0219i s-a ales cu dosar penal!"},"content":{"rendered":"<h2>Noaptea trecut\u0103 nu a fost una cu noroc pentru un \u0219ofer de 19 ani, acesta conduc\u00e2nd sub inflen\u021ba b\u0103uturilor alcoolice \u0219i aleg\u00e2ndu-se cu un dosar penal!<\/h2>\n<p>\u00cen jurul orei 04:40, un conduc\u0103tor auto, de 19 ani, a condus un autoturism pe bulevardul Mamaia, din sta\u021biunea Mamaia, dinspre Constan\u021ba c\u0103tre N\u0103vodari, fiind sub influen\u021ba b\u0103uturilor alcoolice. Persoana \u00een cauz\u0103 nu ar fi adaptat viteza la condi\u021biile de drum &#8211; carosabil alunecos, pierz\u00e2nd controlul asupra direc\u021biei de mers \u0219i intr\u00e2nd \u00een coliziune cu un sens giratoriu, din dreptul unui hotel de pe bulevardul Mamaia.<\/p>\n<p><img loading=\"lazy\" decoding=\"async\" class=\"\" src=\"https:\/\/i2.wp.com\/www.reporterntv.ro\/imagini\/2018\/02\/25\/big\/constanta-un-sofer-si-a-distrus-masina-din-cauza-vitezei-si-s-a-ales-cu-dosar-penal-galerie-foto-160913.jpg?resize=344%2C459\" alt=\"CONSTAN\u021aA. Un \u0219ofer \u0219i-a distrus ma\u0219ina din cauza vitezei \u0219i s-a ales cu dosar penal! GALERIE FOTO\" width=\"344\" height=\"459\" data-recalc-dims=\"1\" \/><\/p>\n<h2><\/h2>\n<p>\u00cen urma accidentului a rezultat v\u0103t\u0103marea corporal\u0103 u\u0219oar\u0103 a conduc\u0103torului auto. \u00cen cauz\u0103, a fost \u00eentocmit dosar penal.<\/p>\n<p>sursa: reporterntv.ro<\/p>\n","protected":false},"excerpt":{"rendered":"<p>Noaptea trecut\u0103 nu a fost una cu noroc pentru un \u0219ofer de 19 ani, acesta conduc\u00e2nd sub inflen\u021ba b\u0103uturilor alcoolice<\/p>\n","protected":false},"author":1,"featured_media":32978,"comment_status":"closed","ping_status":"closed","sticky":false,"template":"","format":"standard","meta":{"spay_email":"","footnotes":"","jetpack_publicize_message":""},"categories":[1],"tags":[],"class_list":["post-32977","post","type-post","status-publish","format-standard","has-post-thumbnail","hentry","category-uncategorized"],"jetpack_featured_media_url":"https:\/\/i2.wp.com\/realitatearutiera.ro\/wp-content\/uploads\/2018\/02\/constanta-un-sofer-si-a-distrus-masina-din-cauza-vitezei-si-s-a-ales-cu-dosar-penal-galerie-foto-160916.jpg?fit=400%2C300","jetpack_publicize_connections":[],"jetpack_sharing_enabled":true,"jetpack_shortlink":"https:\/\/wp.me\/p61naM-8zT","jetpack-related-posts":[],"_links":{"self":[{"href":"http:\/\/realitatearutiera.ro\/index.php?rest_route=\/wp\/v2\/posts\/32977","targetHints":{"allow":["GET"]}}],"collection":[{"href":"http:\/\/realitatearutiera.ro\/index.php?rest_route=\/wp\/v2\/posts"}],"about":[{"href":"http:\/\/realitatearutiera.ro\/index.php?rest_route=\/wp\/v2\/types\/post"}],"author":[{"embeddable":true,"href":"http:\/\/realitatearutiera.ro\/index.php?rest_route=\/wp\/v2\/users\/1"}],"replies":[{"embeddable":true,"href":"http:\/\/realitatearutiera.ro\/index.php?rest_route=%2Fwp%2Fv2%2Fcomments&post=32977"}],"version-history":[{"count":2,"href":"http:\/\/realitatearutiera.ro\/index.php?rest_route=\/wp\/v2\/posts\/32977\/revisions"}],"predecessor-version":[{"id":32980,"href":"http:\/\/realitatearutiera.ro\/index.php?rest_route=\/wp\/v2\/posts\/32977\/revisions\/32980"}],"wp:featuredmedia":[{"embeddable":true,"href":"http:\/\/realitatearutiera.ro\/index.php?rest_route=\/wp\/v2\/media\/32978"}],"wp:attachment":[{"href":"http:\/\/realitatearutiera.ro\/index.php?rest_route=%2Fwp%2Fv2%2Fmedia&parent=32977"}],"wp:term":[{"taxonomy":"category","embeddable":true,"href":"http:\/\/realitatearutiera.ro\/index.php?rest_route=%2Fwp%2Fv2%2Fcategories&post=32977"},{"taxonomy":"post_tag","embeddable":true,"href":"http:\/\/realitatearutiera.ro\/index.php?rest_route=%2Fwp%2Fv2%2Ftags&post=32977"}],"curies":[{"name":"wp","href":"https:\/\/api.w.org\/{rel}","templated":true}]}}