{"id":33025,"date":"2018-02-27T12:56:46","date_gmt":"2018-02-27T10:56:46","guid":{"rendered":"http:\/\/realitatearutiera.ro\/?p=33025"},"modified":"2018-02-27T12:56:46","modified_gmt":"2018-02-27T10:56:46","slug":"oymyakon-orasul-din-siberia-unde-recordul-de-temperatura-negativa-este-de-712-grade-celsius","status":"publish","type":"post","link":"http:\/\/realitatearutiera.ro\/?p=33025","title":{"rendered":"Oymyakon, ora\u0219ul din Siberia unde recordul de temperatur\u0103 negativ\u0103 este de -71,2 grade Celsius"},"content":{"rendered":"<p><strong>Un or\u0103\u0219el izolat din Siberia este cel mai friguros de pe P\u0103m\u00e2nt. Iarna, temperaturile de aici scad constant sub valoarea de -40 de grade Celsius, dar localnicii au \u00eenv\u0103\u021bat s\u0103 fac\u0103 fa\u021b\u0103 cu brio sezonului geros.<\/strong><\/p>\n<p><strong>Cea mai geroas\u0103 localitate de pe P\u0103m\u00e2nt<\/strong><\/p>\n<hr \/>\n<p>Cunoscut \u0219i sub denumirea \u201ePolul gerului\u201d, or\u0103\u0219elul Oymyakon este locul \u00een care s-au \u00eenregistrat cele mai sc\u0103zute temperaturi din emisfera nordic\u0103 \u0219i cea mai geroas\u0103 localitate de pe P\u0103m\u00e2nt. Acum, aici locuiesc aproximativ 500 de oameni, \u00eens\u0103 \u00een anii &#8217;20 \u0219i &#8217;30 \u00een Oymyakon opreau doar p\u0103storii de turme de reni, care \u00ee\u0219i ad\u0103pau animalele de la izvorul termal aflat \u00een apropiere.<\/p>\n<figure>\n<div class=\"img-responsive img-responsive-16by9\"><img decoding=\"async\" src=\"https:\/\/i2.wp.com\/s.iw.ro\/gateway\/g\/ZmlsZVNvdXJjZT1odHRwJTNBJTJGJTJG\/c3RvcmFnZTA3dHJhbnNjb2Rlci5yY3Mt\/cmRzLnJvJTJGc3RvcmFnZSUyRjIwMTgl\/MkYwMSUyRjA5JTJGODYzNzAxXzg2Mzcw\/MV9veW15YWtvbi0yLmpwZyZ3PTU4MCZo\/YXNoPWUzMjEwNDgyOTI1NDI4YmQ2MDYwMTUwZGJkNGI2ODU3.thumb.jpg?w=800&#038;ssl=1\" alt=\"oymyakon 2\" data-skip-htmlfix=\"1\" data-src=\"https:\/\/i2.wp.com\/s.iw.ro\/gateway\/g\/ZmlsZVNvdXJjZT1odHRwJTNBJTJGJTJG\/c3RvcmFnZTA3dHJhbnNjb2Rlci5yY3Mt\/cmRzLnJvJTJGc3RvcmFnZSUyRjIwMTgl\/MkYwMSUyRjA5JTJGODYzNzAxXzg2Mzcw\/MV9veW15YWtvbi0yLmpwZyZ3PTU4MCZo\/YXNoPWUzMjEwNDgyOTI1NDI4YmQ2MDYwMTUwZGJkNGI2ODU3.thumb.jpg?w=800&#038;ssl=1\" data-recalc-dims=\"1\" \/><\/div><figcaption>\n<div id=\"div-gpt-ad-1515063221987-5\" class=\"dSlot\" data-google-query-id=\"CMKGs-DxxdkCFYQ64Aodrb8KwQ\"><\/div>\n<p>FOTO: http:\/\/www.amoschapplephoto.com\/<\/p>\n<\/figcaption><\/figure>\n<p>Mai t\u00e2rziu, guvernul sovietic a demarat un program de controlare a popula\u021biilor de nomazi, despre care credea c\u0103 sunt \u201edificile\u201d \u0219i \u201e\u00eenapoiate\u201d cultural \u0219i tehnologic, a\u0219a c\u0103 au transformat or\u0103\u0219elul \u00eentr-o localitate de reziden\u021b\u0103 pentru nomazi.<\/p>\n<p>\u00cen mod ironic, denumirea \u201eOymyakon\u201d se traduce \u00een \u201eap\u0103 care nu \u00eenghea\u021b\u0103\u201d, tocmai datorit\u0103 izvorului termal cu ap\u0103 cald\u0103 din zon\u0103. Localnicii din a\u0219ezarea siberian\u0103 se \u00eenc\u0103lzesc cu combustibili precum lemnul sau c\u0103rbunele \u0219i, pentru c\u0103 regiunea nu este prietenoas\u0103 cu agricultura, oamenii se hr\u0103nesc cu carne de ren sau de cal. \u00cen localitate exist\u0103 un singur magazin, aprovizionat doar cu produse de baz\u0103, iar localnicii sunt, \u00een mare parte, pescari sau v\u00e2n\u0103tori.<\/p>\n<figure>\n<div class=\"img-responsive img-responsive-16by9\"><img decoding=\"async\" src=\"https:\/\/i0.wp.com\/s.iw.ro\/gateway\/g\/ZmlsZVNvdXJjZT1odHRwJTNBJTJGJTJG\/c3RvcmFnZTA3dHJhbnNjb2Rlci5yY3Mt\/cmRzLnJvJTJGc3RvcmFnZSUyRjIwMTgl\/MkYwMSUyRjA5JTJGODYzNzAyXzg2Mzcw\/Ml9veW15YWtvbi5qcGcmdz01ODAmaGFz\/aD02NDA0ZTVkMjE4NDZjMWYzYWJlMjE4MDk5ZGY5NmVkNA==.thumb.jpg?w=800&#038;ssl=1\" alt=\"oymyakon\" data-skip-htmlfix=\"1\" data-src=\"https:\/\/i0.wp.com\/s.iw.ro\/gateway\/g\/ZmlsZVNvdXJjZT1odHRwJTNBJTJGJTJG\/c3RvcmFnZTA3dHJhbnNjb2Rlci5yY3Mt\/cmRzLnJvJTJGc3RvcmFnZSUyRjIwMTgl\/MkYwMSUyRjA5JTJGODYzNzAyXzg2Mzcw\/Ml9veW15YWtvbi5qcGcmdz01ODAmaGFz\/aD02NDA0ZTVkMjE4NDZjMWYzYWJlMjE4MDk5ZGY5NmVkNA==.thumb.jpg?w=800&#038;ssl=1\" data-recalc-dims=\"1\" \/><\/div><figcaption>FOTO: http:\/\/www.amoschapplephoto.com\/<\/p>\n<\/figcaption><\/figure>\n<p><strong>Aici, \u0219colile se \u00eenchid numai c\u00e2nd temperaturile scad sub -52 de grade Celsius<\/strong><\/p>\n<hr \/>\n<p>Medicii spun c\u0103 motivul pentru care localnicii nu sufer\u0103 de malnutri\u021bie este continu\u021bul bogat de nutrien\u021bi al laptelui animalelor crescute \u00een zon\u0103. Reziden\u021bii localit\u0103\u021bii s-au adaptat la vremea geroas\u0103, greu de suportat chiar \u0219i pentru cei c\u0103li\u021bi. De aceea, singura \u0219coal\u0103 din or\u0103\u0219el se \u00eenchide doar atunci c\u00e2nd temperaturile scad sub -52 de grade Celsius.<\/p>\n<p>Oymyakon este situat la 750 de metri deasupra m\u0103rii, iar durata unei zile variaz\u0103 de la 3 ore, \u00een luna decembrie, la 21 de ore, pe parcursul verii. \u00cen ciuda iernilor grele, nu este un lucru neobi\u0219nuit ca vara temperaturile s\u0103 urce p\u00e2n\u0103 la 30 de grade Celsius.<\/p>\n<p><img loading=\"lazy\" decoding=\"async\" class=\"alignnone size-full wp-image-341452\" src=\"https:\/\/i0.wp.com\/s.iw.ro\/gateway\/g\/ZmlsZVNvdXJjZT1odHRwJTNBJTJGJTJG\/c3RvcmFnZTA1dHJhbnNjb2Rlci5yY3Mt\/cmRzLnJvJTJGc3RvcmFnZSUyRjIwMTQl\/MkYxMiUyRjMxJTJGMzY3MTU0XzM2NzE1\/NF9veW15YWtvbl9ydXNzaWEtNjI1eDQx\/N18xLmpwZyZ3PTgwMCZoYXNoPTFmNmI3\/NTJmNjBhNzZmZjE3ZDY2ZTg0N2EzMGRkNDFh.thumb.jpg?resize=800%2C533&#038;ssl=1\" alt=\"\" width=\"800\" height=\"533\" data-skip-htmlfix=\"1\" data-recalc-dims=\"1\" \/><\/p>\n<p><strong>Recordul de temperatur\u0103 negativ\u0103 este de -71,2 grade Celsius<\/strong><\/p>\n<hr \/>\n<p>Asta nu \u00eenseamn\u0103 c\u0103 via\u021ba localnicilor este u\u0219oar\u0103. Pe timpul iernii, cerneala din pixuri \u00eenghea\u021b\u0103, paharele li se lipesc de buze adeseori, iar bateriile mor. De aceea, oamenii se tem s\u0103 opreasc\u0103 motoarele ma\u0219inilor, pentru c\u0103 risc\u0103 s\u0103 nu le mai poat\u0103 porni. De altfel, o alt\u0103 problem\u0103 cu care se confrunt\u0103 oamenii din Oymyakon este reprezentat\u0103 de \u00eenmorm\u00e2nt\u0103ri, care pot dura \u0219i trei zile. P\u0103m\u00e2ntul trebuie \u00eent\u00e2i \u00eenc\u0103lzit, ca apoi groparii s\u0103 poat\u0103 s\u0103pa. \u00cenc\u0103lzirea se face prin aprinderea unui foc mare \u0219i, pe m\u0103sur\u0103 ce p\u0103m\u00e2ntul se \u00eenc\u0103lze\u0219te, sunt \u00eengropa\u021bi c\u0103rbuni \u00eencin\u0219i \u00een el.<\/p>\n<p>Mai multe companii de turism ofer\u0103 pachete de c\u0103l\u0103torie pentru aventurierii dornici s\u0103 experimenteze un sejur asem\u0103n\u0103tor cu cel de la Poli, \u00eens\u0103 pu\u021bini sunt cei care se \u00eencumet\u0103 s\u0103 mearg\u0103 aici.<\/p>\n<p><img loading=\"lazy\" decoding=\"async\" class=\"alignnone size-full wp-image-834575\" src=\"https:\/\/i2.wp.com\/s.iw.ro\/gateway\/g\/ZmlsZVNvdXJjZT1odHRwJTNBJTJGJTJG\/c3RvcmFnZTA3dHJhbnNjb2Rlci5yY3Mt\/cmRzLnJvJTJGc3RvcmFnZSUyRjIwMTcl\/MkYxMSUyRjI0JTJGODQ4Mzg2Xzg0ODM4\/Nl95YWt1dGlhLmpwZyZ3PTgwMCZoYXNo\/PTlmNzU2MTJiMzBlZjhhMTZhM2VhMzY1ZjBmYzhjODMx.thumb.jpg?resize=800%2C531&#038;ssl=1\" alt=\"\" width=\"800\" height=\"531\" data-skip-htmlfix=\"1\" data-recalc-dims=\"1\" \/><\/p>\n<p><strong>O fotografie f\u0103cut\u0103 \u00een provincia unde se afl\u0103 \u201ePolul gerului\u201d a devenit viral\u0103 la \u00eenceputul anului<\/strong><\/p>\n<hr \/>\n<p>Luna decembrie 2017 a stabilit un record, \u00een Rusia, c\u00e2nd soarele a str\u0103lucit, \u00een total, doar \u0219ase minute, \u00een Moscova. Iar \u00een provincia Yakutia, unde se afl\u0103 \u0219i ora\u0219ul Oymyakon, temperaturile au sc\u0103zut sub -60 de grade Celsius, scrie\u00a0<a href=\"http:\/\/www.bbc.com\/news\/world-europe-42701715\" target=\"_blank\" rel=\"noopener noreferrer\" data-skip-linkfix=\"1\">BBC News<\/a>.<\/p>\n<p><img loading=\"lazy\" decoding=\"async\" class=\"alignnone size-full wp-image-885464\" src=\"https:\/\/i0.wp.com\/s.iw.ro\/gateway\/g\/ZmlsZVNvdXJjZT1odHRwJTNBJTJGJTJG\/c3RvcmFnZTA3dHJhbnNjb2Rlci5yY3Mt\/cmRzLnJvJTJGc3RvcmFnZSUyRjIwMTgl\/MkYwMiUyRjI3JTJGODgzOTYzXzg4Mzk2\/M19hbkJuSm5jOU9EQXdKbWhoYzJnOU9X\/Sm1NekU1TmpneE56VXhaR0kxWWpRM1pq\/Z3dNelV5TUdZd1lUWXlObUVfdGh1bWJf\/LmpwZyZ3PTgwMCZoYXNoPWI0ODFlNTdiM2RiODJjM2Y3OTRlMTgxYThiNjM4Nzll.thumb.jpg?resize=800%2C800&#038;ssl=1\" alt=\"\" width=\"800\" height=\"800\" data-skip-htmlfix=\"1\" data-recalc-dims=\"1\" \/><\/p>\n<p>O imagine postat\u0103 pe Instagram de Anastasia Gruzdeva, care locuie\u0219te \u00een Yakutia, a devenit viral\u0103 pe re\u021belele de socializare. Fotografia spectaculoas\u0103 o \u00eenf\u0103\u021bi\u0219eaz\u0103 pe aceasta cu genele acoperite de z\u0103pad\u0103.<\/p>\n<p>Sursa: digi24.ro<\/p>\n","protected":false},"excerpt":{"rendered":"<p>Un or\u0103\u0219el izolat din Siberia este cel mai friguros de pe P\u0103m\u00e2nt. Iarna, temperaturile de aici scad constant sub valoarea<\/p>\n","protected":false},"author":1,"featured_media":33026,"comment_status":"closed","ping_status":"closed","sticky":false,"template":"","format":"standard","meta":{"spay_email":"","footnotes":"","jetpack_publicize_message":""},"categories":[12],"tags":[],"class_list":["post-33025","post","type-post","status-publish","format-standard","has-post-thumbnail","hentry","category-stiri-internationale"],"jetpack_featured_media_url":"https:\/\/i2.wp.com\/realitatearutiera.ro\/wp-content\/uploads\/2018\/02\/LmpwZyZ3PTgwMCZoYXNoPWI0ODFlNTdiM2RiODJjM2Y3OTRlMTgxYThiNjM4Nzll.thumb_.jpg?fit=800%2C800","jetpack_publicize_connections":[],"jetpack_sharing_enabled":true,"jetpack_shortlink":"https:\/\/wp.me\/p61naM-8AF","jetpack-related-posts":[],"_links":{"self":[{"href":"http:\/\/realitatearutiera.ro\/index.php?rest_route=\/wp\/v2\/posts\/33025","targetHints":{"allow":["GET"]}}],"collection":[{"href":"http:\/\/realitatearutiera.ro\/index.php?rest_route=\/wp\/v2\/posts"}],"about":[{"href":"http:\/\/realitatearutiera.ro\/index.php?rest_route=\/wp\/v2\/types\/post"}],"author":[{"embeddable":true,"href":"http:\/\/realitatearutiera.ro\/index.php?rest_route=\/wp\/v2\/users\/1"}],"replies":[{"embeddable":true,"href":"http:\/\/realitatearutiera.ro\/index.php?rest_route=%2Fwp%2Fv2%2Fcomments&post=33025"}],"version-history":[{"count":1,"href":"http:\/\/realitatearutiera.ro\/index.php?rest_route=\/wp\/v2\/posts\/33025\/revisions"}],"predecessor-version":[{"id":33027,"href":"http:\/\/realitatearutiera.ro\/index.php?rest_route=\/wp\/v2\/posts\/33025\/revisions\/33027"}],"wp:featuredmedia":[{"embeddable":true,"href":"http:\/\/realitatearutiera.ro\/index.php?rest_route=\/wp\/v2\/media\/33026"}],"wp:attachment":[{"href":"http:\/\/realitatearutiera.ro\/index.php?rest_route=%2Fwp%2Fv2%2Fmedia&parent=33025"}],"wp:term":[{"taxonomy":"category","embeddable":true,"href":"http:\/\/realitatearutiera.ro\/index.php?rest_route=%2Fwp%2Fv2%2Fcategories&post=33025"},{"taxonomy":"post_tag","embeddable":true,"href":"http:\/\/realitatearutiera.ro\/index.php?rest_route=%2Fwp%2Fv2%2Ftags&post=33025"}],"curies":[{"name":"wp","href":"https:\/\/api.w.org\/{rel}","templated":true}]}}