{"id":40249,"date":"2018-09-04T11:23:11","date_gmt":"2018-09-04T08:23:11","guid":{"rendered":"http:\/\/realitatearutiera.ro\/?p=40249"},"modified":"2018-09-04T08:27:54","modified_gmt":"2018-09-04T05:27:54","slug":"podul-bragadiru-pericol-pentru-bucuresteni","status":"publish","type":"post","link":"http:\/\/realitatearutiera.ro\/?p=40249","title":{"rendered":"Podul Bragadiru, pericol pentru bucure\u0219teni"},"content":{"rendered":"<p><span lang=\"ro-RO\"><strong>Pericol pentru \u015foferii care circul\u0103 pe Centura Bucure\u015fti. Podul din Bragadiru este \u00een stare de degradare, iar potrivit autorit\u0103\u0163ilor, lucr\u0103rile de repara\u0163ie nu vor \u00eencepe prea cur\u00e2nd. Oamenii spun c\u0103 se tem s\u0103 mai circule \u00een acea zon\u0103, dar c\u0103 nu au alternativ\u0103.<\/strong><\/span><\/p>\n<div class=\"embed-responsive embed-responsive-16by9 entry-video\">\n<div id=\"video-1\" class=\"jwplayer jw-reset jw-state-idle jw-skin-seven jw-stretch-uniform jw-flag-aspect-mode jw-breakpoint-3 jw-flag-cast-available jw-flag-user-inactive\" tabindex=\"0\" aria-label=\"Video Player\">\n<div class=\"jw-preview jw-reset\">Podul traverseaz\u0103 Centura Bucure\u015fti \u00een zona Bragadiru. At\u00e2t cei care circul\u0103 pe pod, dar \u015fI pe dedesubt, spun c\u0103 le este team\u0103 ca nu cumva s\u0103 se \u00eent\u00e2mple vreo tragedie, a\u015fa cum s-a \u00eent\u00e2mplat \u00een Italia, c\u00e2nd pr\u0103bu\u015firea unui pod din Genova s-a soldat cu 43 de mor\u0163i. Reprezentan\u0163ii Companiei Na\u021bionale de Administrare a Infrastructurii Rutiere afirm\u0103 c\u0103 urmeaz\u0103 s\u0103 se semneze un acord cardru pentru \u00eenceperea repara\u0163iilor, \u00eens\u0103 reabilitarea propriu-zis\u0103 se va \u00eent\u00e2mpla \u00een anii urm\u0103tori.<\/div>\n<\/div>\n<\/div>\n<p>\u201e<span lang=\"ro-RO\">Aceast\u0103 pasarel\u0103 Care se afl\u0103 \u00cen Bragadiru deasupra Centurii Bucure\u015fti reprezint\u0103 un adev\u0103rat pericol pentru miile de \u015foferi care tranziteaz\u0103 zilnic aceast\u0103 zon\u0103. Grinzile care sus\u0163in pasarela sunt deja \u00een stare avansat\u0103 de degradare, iar situa\u0163ia nu pare s\u0103 \u00eengrijoreze autorit\u0103\u0163ile\u201d, relateaz\u0103 Alexandra Georgescu, jurnalist Digi24.<\/span><\/p>\n<p><span lang=\"ro-RO\">\u0218i trec\u0103torii spun c\u0103 sunt \u00eengrijora\u021bi:<\/span><\/p>\n<p><em><span lang=\"ro-RO\">-Am v\u0103zut c\u0103 e fisurat\u0103, cr\u0103pat\u0103. \u00cen general toate podurile \u015fi pasarelele sunt fisurate, cine le-a mai renovat? Noi spunem c\u0103 pl\u0103tim at\u00e2tea taxe ca s\u0103 circul\u0103m \u00een siguran\u0163\u0103, de\u015fi n-avem niciodat\u0103 garan\u0163ia c\u0103 ne \u00eentoarcem acas\u0103.<\/span><\/em><\/p>\n<p><em><span lang=\"ro-RO\">-Ar trebui s\u0103 le bloc\u0103m toate drumurile s\u0103 nu mai aib\u0103 pe unde s\u0103 circule, s\u0103 vedem atunci ce condi\u0163ii \u015fi ce o s\u0103 fac\u0103 ei.<\/span><\/em><\/p>\n<p><em><span lang=\"ro-RO\">-Nimic, nimic. Buzunarele mari \u015fi la revedere. Mare, munte, afar\u0103, Brazilia, Costa Rica, nu ce spune\u0163i dv. cu repara\u0163ii. Pentru repara\u0163ii nu avem bani.<\/span><\/em><\/p>\n<p><em><span lang=\"ro-RO\">-Mi-e foarte fric\u0103, dar depinde de ho\u0163ii a\u015ftia, c\u0103 fur\u0103 tot \u015fi nu pun m\u00e2na s\u0103 fac\u0103.<\/span><\/em><\/p>\n<p>\u201e<span lang=\"ro-RO\">Urmeaz\u0103 s\u0103 se semneze un acord cadru, s\u0103 intre \u00een repara\u0163ie \u00een urm\u0103torii patru ani, se vor repara mai multe poduri, nu doar aceast\u0103 pasarel\u0103. Dar ceea ce vedem noi acolo, acea degradare, e doar de suprafa\u0163a\u201d, spune Alin \u015eerb\u0103nescu, purt\u0103tor de cuv\u00e2nt al CNAIR.<\/span><\/p>\n<p>\u201e<span lang=\"ro-RO\">Autoritatea care \u00eel are \u00een administrare sigur c\u0103 trebuie s\u0103 ia ni\u015fte m\u0103suri de siguran\u0163\u0103, pentru c\u0103 buc\u0103\u0163ile acestea de beton pot fi mai mari, pot fi mai mici, sigur c\u0103 pot pune \u00een pericol. Sigur c\u0103 trebuie intervenit acolo. Patru ani mi se pare un interval de timp mare \u00een care s-ar putea produce degradari, e adev\u0103rat, nu cu, s\u0103 spunem, pierderi de vie\u0163i, dar exist\u0103 aceast\u0103 nesiguran\u0163\u0103 pentru cei care utilizeaz\u0103 drumul \u015fI atunci sigur c\u0103 trebuie intervenit \u00eentr-un timp c\u00e2t mai scurt\u201d, spune Ionu\u0163 R\u0103c\u0103nel, director Departamentul de Poduri, CFDP.<\/span><\/p>\n<p><span lang=\"ro-RO\">Dup\u0103 tragedia din Italia, premierul Viorica D\u0103ncil\u0103 anun\u0163a, \u00een deschiderea unei \u015fedin\u0163e de Guvern, c\u0103 i-a cerut ministrului Transporturilor, Lucian \u015eova, o evaluare complet\u0103 asupra st\u0103rii podurilor din Rom\u00e2nia. Aceasta spunea c\u0103 avem nevoie de o abordare preventiv\u0103 \u00een care s\u0103 se pun\u0103 accent pe siguran\u0163a cet\u0103\u0163eanului, \u00eens\u0103 p\u00e2n\u0103 \u00een acest moment nu s-a \u00eent\u00e2mplat nimic.<\/span><\/p>\n<div data-widget=\"Proiect Hipo _Desktop\">\n<div class=\"box\">\n<header class=\"box-header m-b-0\">\n<div class=\"box-title\"><\/div>\n<\/header>\n<\/div>\n<\/div>\n","protected":false},"excerpt":{"rendered":"<p>Pericol pentru \u015foferii care circul\u0103 pe Centura Bucure\u015fti. Podul din Bragadiru este \u00een stare de degradare, iar potrivit autorit\u0103\u0163ilor, lucr\u0103rile<\/p>\n","protected":false},"author":1,"featured_media":40250,"comment_status":"closed","ping_status":"closed","sticky":false,"template":"","format":"standard","meta":{"spay_email":"","footnotes":"","jetpack_publicize_message":""},"categories":[6],"tags":[],"class_list":["post-40249","post","type-post","status-publish","format-standard","has-post-thumbnail","hentry","category-social"],"jetpack_featured_media_url":"https:\/\/i0.wp.com\/realitatearutiera.ro\/wp-content\/uploads\/2018\/09\/MDAmaD02MzAmaGFzaD1jZGZiMjQ1ZTgxMzhmYzlmZmU2MjQ5MTc1ZmM1ZmY3ZQ.thumb_.jpg?fit=1200%2C630","jetpack_publicize_connections":[],"jetpack_sharing_enabled":true,"jetpack_shortlink":"https:\/\/wp.me\/p61naM-atb","jetpack-related-posts":[],"_links":{"self":[{"href":"http:\/\/realitatearutiera.ro\/index.php?rest_route=\/wp\/v2\/posts\/40249","targetHints":{"allow":["GET"]}}],"collection":[{"href":"http:\/\/realitatearutiera.ro\/index.php?rest_route=\/wp\/v2\/posts"}],"about":[{"href":"http:\/\/realitatearutiera.ro\/index.php?rest_route=\/wp\/v2\/types\/post"}],"author":[{"embeddable":true,"href":"http:\/\/realitatearutiera.ro\/index.php?rest_route=\/wp\/v2\/users\/1"}],"replies":[{"embeddable":true,"href":"http:\/\/realitatearutiera.ro\/index.php?rest_route=%2Fwp%2Fv2%2Fcomments&post=40249"}],"version-history":[{"count":1,"href":"http:\/\/realitatearutiera.ro\/index.php?rest_route=\/wp\/v2\/posts\/40249\/revisions"}],"predecessor-version":[{"id":40251,"href":"http:\/\/realitatearutiera.ro\/index.php?rest_route=\/wp\/v2\/posts\/40249\/revisions\/40251"}],"wp:featuredmedia":[{"embeddable":true,"href":"http:\/\/realitatearutiera.ro\/index.php?rest_route=\/wp\/v2\/media\/40250"}],"wp:attachment":[{"href":"http:\/\/realitatearutiera.ro\/index.php?rest_route=%2Fwp%2Fv2%2Fmedia&parent=40249"}],"wp:term":[{"taxonomy":"category","embeddable":true,"href":"http:\/\/realitatearutiera.ro\/index.php?rest_route=%2Fwp%2Fv2%2Fcategories&post=40249"},{"taxonomy":"post_tag","embeddable":true,"href":"http:\/\/realitatearutiera.ro\/index.php?rest_route=%2Fwp%2Fv2%2Ftags&post=40249"}],"curies":[{"name":"wp","href":"https:\/\/api.w.org\/{rel}","templated":true}]}}