{"id":4190,"date":"2015-09-03T05:17:46","date_gmt":"2015-09-03T05:17:46","guid":{"rendered":"http:\/\/realitatearutiera.ro\/?p=4190"},"modified":"2015-09-03T05:17:46","modified_gmt":"2015-09-03T05:17:46","slug":"infotrafic-azi-3-septembrie","status":"publish","type":"post","link":"http:\/\/realitatearutiera.ro\/?p=4190","title":{"rendered":"Infotrafic azi, 3 septembrie!"},"content":{"rendered":"<p><strong>Centrul INFOTRAFIC din Inspectoratul General al Poli\u0163iei Rom\u00e2ne<\/strong> informeaz\u0103 c\u0103, la aceast\u0103 or\u0103 (6:30), nu sunt semnalate autostr\u0103zi sau drumuri na\u0163ionale cu circula\u0163ia oprit\u0103 sau cu probleme de fluen\u0163\u0103 a traficului din cauza vreunui eveniment rutier.<\/p>\n<p>\u00cen jude\u0163ul Prahova, p\u00e2n\u0103 \u00een data de 7 septembrie, ora 6:00, cu ocazia desf\u0103\u015fur\u0103rii festivalului &#8220;<strong><em>Sinaia Forever 2015<\/em><\/strong>&#8220;, traficul rutier din centrul sta\u0163iunii este deviat de pe bulevardul Carol I pe <strong>DN1<\/strong>-varianta care trece prin dreptul g\u0103rii.<\/p>\n<p>Tot \u00een jude\u0163ul Prahova, p\u00e2n\u0103 \u00een data de <strong>15 octombrie 2015<\/strong>, \u00een vederea desf\u0103\u015fur\u0103rii lucr\u0103rilor de repara\u0163ii la podul de pe <strong>DN1A<\/strong> situat \u00een Pasul Bratocea, la kilometrul 156+502 metri, la ie\u015firea din Cheia c\u0103tre Bra\u015fov, traficul rutier se desf\u0103\u015foar\u0103 restric\u0163ionat, cu ajutorul semafoarelor sau al pilo\u0163ilor de dirijare. \u00cen condi\u0163ii similare se circul\u0103 \u015fi \u00een zona M\u0103neciu, la kilometrii 133+942, 139+764 \u015fi pe por\u0163iunea kilometric\u0103 133+100 &#8211; 133+450 de metri, din cauza erod\u0103rii terasamentului \u015fi a unor lucr\u0103ri la dou\u0103 pode\u0163e.<\/p>\n<p>P\u00e2n\u0103 \u00een data de <strong>15 noiembrie 2015<\/strong>, pe <strong>DN7A<\/strong>, de la intersec\u0163ia cu DN67C p\u00e2n\u0103 \u00een localitatea Jie\u0163 (kilometrii 90-101), traficul rutier <strong>se \u00eentrerupe de luni p\u00e2n\u0103 vineri, \u00een intervalele orare 08:00-12:00 \u015fi 14:00-18:00,<\/strong> \u00een vederea execut\u0103rii unor lucr\u0103ri.<\/p>\n<p><strong>\u00cen zilele de s\u00e2mb\u0103t\u0103 \u015fi duminic\u0103, precum \u015fi \u00een afara intervalelor orare men\u0163ionate, circula\u0163ia rutier\u0103 va fi permis\u0103.<\/strong><\/p>\n<p>\u00cen jude\u0163ul Maramure\u015f, p\u00e2n\u0103 \u00een data de <strong>20 septembrie 2015<\/strong>, traficul rutier este \u00eentrerupt pe <strong>DN18 Baia Mare &#8211; Sighetu Marma\u0163iei,<\/strong> \u00eentre kilometrii 15+420 \u015fi 37+860 de metri. M\u0103sura de \u00eenchidere a segmentului de drum a fost luat\u0103 \u00een vederea execut\u0103rii unor lucr\u0103ri de reabilitare. Traficul rutier este deviat pe urm\u0103toarele rute ocolitoare:<\/p>\n<ul>\n<li>pentru autovehiculele cu masa total\u0103 maxim\u0103 autorizat\u0103 mai mare sau egal\u0103 cu 7,5 tone: <em>Baia Mare (DN1C) &#8211; Seini (DN1C) &#8211; Ora\u015fu Nou (DJ109I) &#8211; Sighetu Marma\u0163iei (DN18);<\/em><\/li>\n<li>pentru autovehiculele cu masa total\u0103 maxim\u0103 autorizat\u0103 mai mic\u0103 de 7,5 tone: <em>Baia Mare (DN18 \/ DN1C) &#8211; Baia Sprie (DN18)- Cavnic (DJ184) &#8211; Ocna \u015eugatag (DJ109F) &#8211; Fere\u015fti (DJ109F) &#8211; Sighetu Marma\u0163iei (DN18).<\/em><\/li>\n<\/ul>\n<p>\u00cen jude\u0163ul Suceava, pe <strong>DN17<\/strong> Vatra Dornei &#8211; Iacobeni, pe por\u0163iunea kilometric\u0103 153+280-153+500 de metri, se execut\u0103 lucr\u0103ri de consolidare a versan\u0163ilor. P\u00e2n\u0103 \u00een data de <strong>4 septembrie 2015<\/strong>, \u00een intervalul orar 7:30-16:30, circula\u0163ia va fi oprit\u0103 \u00een reprize de aproximativ 15-30 de minute, altern\u00e2nd cu perioade de o jum\u0103tate de or\u0103 \u00een care traficul rutier va fi permis.<\/p>\n<p><span style=\"line-height: 1.6em; font-family: 'times new roman', times, serif; font-size: 14px;\">Pe autostrada <\/span><strong style=\"line-height: 1.6em; font-family: 'times new roman', times, serif; font-size: 14px;\">A1<\/strong><span style=\"line-height: 1.6em; font-family: 'times new roman', times, serif; font-size: 14px;\"> Sibiu &#8211; Or\u0103\u0219tie, traficul rutier este deviat de pe calea 2 (Or\u0103\u0219tie &#8211; Sibiu) pe calea 1, \u00eentre kilometrii 273+918 \u0219i 279+010 metri, \u00een vederea execut\u0103rii unor lucr\u0103ri de repara\u021bii. Se circul\u0103 pe calea 1, pe c\u00e2te o band\u0103, \u00een ambele sensuri.<\/span><\/p>\n","protected":false},"excerpt":{"rendered":"<p>Centrul INFOTRAFIC din Inspectoratul General al Poli\u0163iei Rom\u00e2ne informeaz\u0103 c\u0103, la aceast\u0103 or\u0103 (6:30), nu sunt semnalate autostr\u0103zi sau drumuri<\/p>\n","protected":false},"author":1,"featured_media":2763,"comment_status":"open","ping_status":"open","sticky":false,"template":"","format":"standard","meta":{"spay_email":"","footnotes":"","jetpack_publicize_message":""},"categories":[11],"tags":[],"class_list":["post-4190","post","type-post","status-publish","format-standard","has-post-thumbnail","hentry","category-stiri-interne"],"jetpack_featured_media_url":"https:\/\/i2.wp.com\/realitatearutiera.ro\/wp-content\/uploads\/2015\/06\/hyy.png?fit=259%2C194","jetpack_publicize_connections":[],"jetpack_sharing_enabled":true,"jetpack_shortlink":"https:\/\/wp.me\/p61naM-15A","jetpack-related-posts":[],"_links":{"self":[{"href":"http:\/\/realitatearutiera.ro\/index.php?rest_route=\/wp\/v2\/posts\/4190","targetHints":{"allow":["GET"]}}],"collection":[{"href":"http:\/\/realitatearutiera.ro\/index.php?rest_route=\/wp\/v2\/posts"}],"about":[{"href":"http:\/\/realitatearutiera.ro\/index.php?rest_route=\/wp\/v2\/types\/post"}],"author":[{"embeddable":true,"href":"http:\/\/realitatearutiera.ro\/index.php?rest_route=\/wp\/v2\/users\/1"}],"replies":[{"embeddable":true,"href":"http:\/\/realitatearutiera.ro\/index.php?rest_route=%2Fwp%2Fv2%2Fcomments&post=4190"}],"version-history":[{"count":1,"href":"http:\/\/realitatearutiera.ro\/index.php?rest_route=\/wp\/v2\/posts\/4190\/revisions"}],"predecessor-version":[{"id":4191,"href":"http:\/\/realitatearutiera.ro\/index.php?rest_route=\/wp\/v2\/posts\/4190\/revisions\/4191"}],"wp:featuredmedia":[{"embeddable":true,"href":"http:\/\/realitatearutiera.ro\/index.php?rest_route=\/wp\/v2\/media\/2763"}],"wp:attachment":[{"href":"http:\/\/realitatearutiera.ro\/index.php?rest_route=%2Fwp%2Fv2%2Fmedia&parent=4190"}],"wp:term":[{"taxonomy":"category","embeddable":true,"href":"http:\/\/realitatearutiera.ro\/index.php?rest_route=%2Fwp%2Fv2%2Fcategories&post=4190"},{"taxonomy":"post_tag","embeddable":true,"href":"http:\/\/realitatearutiera.ro\/index.php?rest_route=%2Fwp%2Fv2%2Ftags&post=4190"}],"curies":[{"name":"wp","href":"https:\/\/api.w.org\/{rel}","templated":true}]}}